{"id":959,"date":"2017-11-25T16:44:45","date_gmt":"2017-11-25T15:44:45","guid":{"rendered":"http:\/\/mbloretanska.pl\/?p=959"},"modified":"2017-11-25T16:44:45","modified_gmt":"2017-11-25T15:44:45","slug":"34-niedziela-zwykla-26-11-2017-uroczystosc-jezusa-chrystusa-krola-wszechswiata","status":"publish","type":"post","link":"https:\/\/mbloretanska.pl\/?p=959","title":{"rendered":"34 NIEDZIELA ZWYK\u0141A, 26.11.2017, UROCZYSTO\u015a\u0106 JEZUSA CHRYSTUSA KR\u00d3LA WSZECH\u015aWIATA"},"content":{"rendered":"<p><span style=\"color: #000000;\">1.\u00a0 Dzi\u015b obchodzimy Uroczysto\u015b\u0107 Jezusa Chrystusa Kr\u00f3la Wszech\u015bwiata. Po Mszy \u015bw. o godz. 8.30 przed Naj\u015bwi\u0119tszym Sakramentem odm\u00f3wimy akt po\u015bwi\u0119cenia rodzaju ludzkiego Chrystusowi Kr\u00f3lowi. Wierni, kt\u00f3rzy publicznie odm\u00f3wi\u0105 ten akt mog\u0105 zyska\u0107 odpust zupe\u0142ny.<\/span><\/p>\n<p><span style=\"color: #000000;\">2.\u00a0 Jutro o godz. 11.00 w katedrze <\/span>jubileuszowa Msza \u015awi\u0119ta dzi\u0119kczynna za 75 lat \u017cycia i pos\u0142ug\u0119 biskupi\u0105 w naszej diecezji Abp. Henryka \u00a0Hosera.<\/p>\n<p><span style=\"color: #000000;\">3.\u00a0 Zapraszamy m\u0142odych z gimnazjum i liceum na spotkania we wtorki o godz. 18.45 w sali \u015bw. Teresy przy kancelarii. Szczeg\u00f3lne zaproszenie kierujemy do kandydat\u00f3w do bierzmowania, dla kt\u00f3rych uczestnictwo w spotkaniach mo\u017ce by\u0107 alternatywnym sposobem przygotowania do tego sakramentu,<\/span><\/p>\n<p><span style=\"color: #000000;\">4.\u00a0\u00a0\u00a0\u00a0 W najbli\u017cszy czwartek 30 listopada \u015bwi\u0119to \u015bw. Andrzeja Aposto\u0142a. Ze wzgl\u0119du na planowane w ko\u015bciele prace w ten czwartek adoracji Naj\u015bwi\u0119tszego Sakramentu nie b\u0119dzie.<\/span><\/p>\n<p><span style=\"color: #000000;\">5.\u00a0\u00a0\u00a0\u00a0 W tym tygodniu przypada I pi\u0105tek i I sobota miesi\u0105ca. Nabo\u017ce\u0144stwa ku czci Naj\u015bwi\u0119tszego Serca Pana Jezusa i Niepokalanego Serca Maryi o sta\u0142ych porach.<\/span><\/p>\n<p><span style=\"color: #000000;\">6.\u00a0\u00a0\u00a0\u00a0 W przysz\u0142\u0105 niedziel\u0119 3 grudnia po Mszy wieczornej obowi\u0105zkowe spotkanie formacyjne dla obu grup kandydat\u00f3w do bierzmowania.<\/span><\/p>\n<p><span style=\"color: #000000;\"><span style=\"font-family: Cambria; font-size: medium;\">7.<\/span>\u00a0\u00a0\u00a0\u00a0\u00a0\u00a0 <span style=\"font-family: Cambria;\">Za tydzie\u0144 3 grudnia I niedziel\u0105 adwentu rozpoczniemy nowy rok ko\u015bcielny. Adwent to czas przygotowania do Bo\u017cego Narodzenia i powt\u00f3rnego przyj\u015bcia Chrystusa na ziemi\u0119. <\/span><\/span><\/p>\n<p><span style=\"color: #000000;\"><span style=\"font-family: Cambria; font-size: medium;\">8.<\/span>\u00a0\u00a0\u00a0\u00a0\u00a0\u00a0 <span style=\"font-family: Cambria;\">W poniedzia\u0142ek 4 grudnia rozpoczniemy wizyty kol\u0119dowe. Tak jak do tej pory zachowuj\u0105c alfabetyczn\u0105 kolejno\u015b\u0107 ulic b\u0119dziemy odwiedza\u0107 parafian w tygodniu od godz. 16.30, a w soboty od godz. 11.00. Nowych lokator\u00f3w, oraz tych u kt\u00f3rych dotychczas nie by\u0142o kol\u0119dy, a kt\u00f3rzy w swoim mieszkaniu chc\u0105 przyj\u0105\u0107 Bo\u017ce b\u0142ogos\u0142awie\u0144stwo prosimy o wcze\u015bniejsze zg\u0142oszenia.<\/span><\/span><\/p>\n<p><span style=\"color: #000000; font-family: Cambria;\">Plan kol\u0119dy na pierwsze dni:<\/span><\/p>\n<p><span style=\"font-family: Cambria;\"><span style=\"color: #000000;\"><u>poniedzia\u0142ek 4 grudnia<\/u> od godz. 16.30\u00a0 Brechta 5 i Brechta 9<\/span><\/span><\/p>\n<p><span style=\"color: #000000;\"><u>wtorek 5 grudnia<\/u> od godz.16.30\u00a0 Brechta 12 i Brechta 13 oraz od godz. 18.00 Brechta 13A\u00a0\u00a0\u00a0\u00a0\u00a0\u00a0\u00a0<\/span><\/p>\n<p><span style=\"color: #000000;\"><u>\u015broda 6 grudnia<\/u> od godz. 16.30 Brechta 14, Brechta 14A i Brechta 15<\/span><\/p>\n<p><span style=\"color: #000000;\"><u>czwartek 7 grudnia<\/u> od godz. 16.30 Brechta 17, Brechta 17A i Brudzi\u0144skiego 9 <\/span><\/p>\n<p><span style=\"color: #000000;\"><u>poniedzia\u0142ek 11 grudnia<\/u> od godz.16.30 Cyryla i Metodego1oraz Darwina 1A. \u00a0W czasie trwania kol\u0119dy kancelaria b\u0119dzie pracowa\u0107 do godz. 17.45, tzn. bez wieczornego dy\u017curu od 19.00 do 20.00. Pozosta\u0142e godziny bez zmian.\u00a0\u00a0\u00a0\u00a0\u00a0\u00a0\u00a0\u00a0\u00a0\u00a0\u00a0\u00a0\u00a0\u00a0\u00a0\u00a0\u00a0\u00a0\u00a0\u00a0\u00a0\u00a0\u00a0\u00a0\u00a0\u00a0\u00a0\u00a0\u00a0\u00a0\u00a0\u00a0\u00a0\u00a0\u00a0\u00a0\u00a0\u00a0\u00a0\u00a0\u00a0\u00a0\u00a0\u00a0\u00a0\u00a0\u00a0\u00a0\u00a0\u00a0\u00a0\u00a0\u00a0\u00a0\u00a0\u00a0\u00a0\u00a0\u00a0\u00a0\u00a0\u00a0\u00a0\u00a0\u00a0\u00a0<\/span><\/p>\n<p><span style=\"color: #000000;\">9.\u00a0\u00a0\u00a0\u00a0 W dniach od 8 do 10 grudnia ks. Przemys\u0142aw Macios b\u0119dzie prowadzi\u0142 w naszej parafii rekolekcje adwentowe. W pi\u0105tek 8 XII i w sobot\u0119 9 XII Msze \u015bw. z nauk\u0105 rekolekcyjn\u0105 o godz. 8.00, 10.00, 18.00 i 19.30. W niedziel\u0119 10 grudnia na zako\u0144czenie rekolekcji odpust parafialny ku czci M.B. Loreta\u0144skiej. <span style=\"font-family: Cambria;\">Zorganizujmy sw\u00f3j czas tak, aby m\u00f3c uczestniczy\u0107 w rekolekcjach i skorzysta\u0107 ze spowiedzi \u015bw. <\/span>Wszystkich serdecznie zapraszamy.<\/span><\/p>\n<p><span style=\"color: #000000;\"><span style=\"font-family: Cambria; font-size: medium;\">10.<\/span>\u00a0\u00a0 Na stoliku obok tygodnika <i>Idziemy<\/i> znajdziemy darmow\u0105 ksi\u0105\u017ck\u0119 pt. <i>Dzi\u0119kuj\u0119 Ci za wszystko mi\u0142osierny Jezu.<\/i> To poruszaj\u0105cy pami\u0119tnik i \u015bwiadectwo dzia\u0142ania \u0142aski Bo\u017cej w naszych czasach. Ta ksi\u0105\u017cka jest bezp\u0142atna. Si\u0119gnijmy te\u017c po dzisiejszy numer tygodnika <i>Idziemy<\/i> oraz teksty s\u0142owa Bo\u017cego z modlitw\u0105 do \u015bw. Micha\u0142a Archanio\u0142a.<\/span><\/p>\n<p>11.\u00a0\u00a0\u00a0\u00a0 Gdyby kto\u015b chcia\u0142 zosta\u0107 pomocnikiem \u015bw. Miko\u0142aja, aby sprawi\u0107 rado\u015b\u0107 najbardziej potrzebuj\u0105cym dzieciom z naszej parafii, to w dwie najbli\u017csze niedziele 3 i 10 XII b\u0119d\u0105 w ko\u015bciele zbierane s\u0142odycze i zabawki na paczki \u015bwi\u0105teczne dla \u00a0dzieci. Je\u015bli kto\u015b mo\u017ce wspom\u00f3c dzieci takim darami serdecznie za to dzi\u0119kujemy.<\/p>\n","protected":false},"excerpt":{"rendered":"<p>1.\u00a0 Dzi\u015b obchodzimy Uroczysto\u015b\u0107 Jezusa Chrystusa Kr\u00f3la Wszech\u015bwiata. Po Mszy \u015bw. o godz. 8.30 przed Naj\u015bwi\u0119tszym Sakramentem odm\u00f3wimy akt po\u015bwi\u0119cenia rodzaju ludzkiego Chrystusowi Kr\u00f3lowi. Wierni, kt\u00f3rzy publicznie odm\u00f3wi\u0105 ten akt mog\u0105 zyska\u0107 odpust zupe\u0142ny. 2.\u00a0 Jutro o godz. 11.00 w katedrze jubileuszowa Msza \u015awi\u0119ta dzi\u0119kczynna za 75 lat \u017cycia i pos\u0142ug\u0119 biskupi\u0105 w naszej diecezji [&hellip;]<\/p>\n","protected":false},"author":1,"featured_media":0,"comment_status":"closed","ping_status":"open","sticky":false,"template":"","format":"standard","meta":{"ngg_post_thumbnail":0,"footnotes":""},"categories":[3],"tags":[],"class_list":["post-959","post","type-post","status-publish","format-standard","hentry","category-ogloszenia-duszpasterskie"],"_links":{"self":[{"href":"https:\/\/mbloretanska.pl\/index.php?rest_route=\/wp\/v2\/posts\/959","targetHints":{"allow":["GET"]}}],"collection":[{"href":"https:\/\/mbloretanska.pl\/index.php?rest_route=\/wp\/v2\/posts"}],"about":[{"href":"https:\/\/mbloretanska.pl\/index.php?rest_route=\/wp\/v2\/types\/post"}],"author":[{"embeddable":true,"href":"https:\/\/mbloretanska.pl\/index.php?rest_route=\/wp\/v2\/users\/1"}],"replies":[{"embeddable":true,"href":"https:\/\/mbloretanska.pl\/index.php?rest_route=%2Fwp%2Fv2%2Fcomments&post=959"}],"version-history":[{"count":1,"href":"https:\/\/mbloretanska.pl\/index.php?rest_route=\/wp\/v2\/posts\/959\/revisions"}],"predecessor-version":[{"id":960,"href":"https:\/\/mbloretanska.pl\/index.php?rest_route=\/wp\/v2\/posts\/959\/revisions\/960"}],"wp:attachment":[{"href":"https:\/\/mbloretanska.pl\/index.php?rest_route=%2Fwp%2Fv2%2Fmedia&parent=959"}],"wp:term":[{"taxonomy":"category","embeddable":true,"href":"https:\/\/mbloretanska.pl\/index.php?rest_route=%2Fwp%2Fv2%2Fcategories&post=959"},{"taxonomy":"post_tag","embeddable":true,"href":"https:\/\/mbloretanska.pl\/index.php?rest_route=%2Fwp%2Fv2%2Ftags&post=959"}],"curies":[{"name":"wp","href":"https:\/\/api.w.org\/{rel}","templated":true}]}}