{"id":936,"date":"2017-11-18T23:12:29","date_gmt":"2017-11-18T22:12:29","guid":{"rendered":"http:\/\/mbloretanska.pl\/?p=936"},"modified":"2017-11-18T23:13:37","modified_gmt":"2017-11-18T22:13:37","slug":"jubileusz-75-lecia-urodzin-abp-henryka-hosera-sac","status":"publish","type":"post","link":"https:\/\/mbloretanska.pl\/?p=936","title":{"rendered":"Jubileusz 75-lecia urodzin Abp Henryka Hosera SAC"},"content":{"rendered":"<p>Jubileusz 75-lecia urodzin Abp Henryka Hosera SAC,\u00a027 listopada 2017 roku,\u00a0Warszawa, 14 listopada 2017 roku.<\/p>\n<p><strong>Wielebni Duszpasterze,<br \/>\nCzcigodne Osoby \u017bycia Konsekrowanego,<br \/>\nDrodzy Diecezjanie,<\/strong><\/p>\n<p>Jego Ekscelencja Ksi\u0105dz Arcybiskup Henryk Hoser SAC, Biskup Warszawsko-Praski, dnia 27 listopada 2017 roku (poniedzia\u0142ek) b\u0119dzie obchodzi\u0142 siedemdziesi\u0105t\u0105 pi\u0105t\u0105 rocznic\u0119 urodzin.<\/p>\n<p>Tego dnia b\u0119dziemy dzi\u0119kowa\u0107 Bogu za dar jego osoby, powo\u0142ania, pos\u0142ugi misyjnej<br \/>\ni pasterskiej, jego zaanga\u017cowania w\u00a0s\u0142u\u017cbie Stolicy Apostolskiej, w\u00a0Ko\u015bciele w\u00a0Polsce<br \/>\ni w\u00a0Zgromadzeniu Ksi\u0119\u017cy Pallotyn\u00f3w.<\/p>\n<p>Diecezja Warszawsko-Praska ze szczeg\u00f3ln\u0105 wdzi\u0119czno\u015bci\u0105 wspomina ponad dziewi\u0119\u0107 lat, przez kt\u00f3re Ksi\u0105dz Arcybiskup przewodzi\u0142 tej wsp\u00f3lnocie Ludu Bo\u017cego, kap\u0142anom i\u00a0wiernym, troszcz\u0105c si\u0119 o\u00a0ich duchowe dobro i\u00a0rozw\u00f3j r\u00f3\u017cnorodnych struktur diecezjalnych.<\/p>\n<p>B\u0119dziemy dzi\u0119kowa\u0107 za \u015bwiadectwo wierno\u015bci Bogu, Ewangelii, Ko\u015bcio\u0142owi, prawdzie<br \/>\ni cz\u0142owiekowi, kt\u00f3re wyrazi\u0142y si\u0119 w\u00a0codziennej s\u0142u\u017cbie Ksi\u0119dza Arcybiskupa.<\/p>\n<p><strong>Dzi\u0119kczynn\u0105 Eucharysti\u0119 Ksi\u0105dz Arcybiskup b\u0119dzie sprawowa\u0142 27\u00a0listopada 2017 roku\u00a0o godzinie 11.00 w\u00a0Warszawsko-Praskiej Katedrze \u015awi\u0119tego Micha\u0142a Archanio\u0142a i\u00a0\u015awi\u0119tego Floriana M\u0119czennika.<\/strong><\/p>\n<p>Serdecznie zapraszamy do wzi\u0119cia udzia\u0142u w\u00a0tym dzi\u0119kczynieniu.<\/p>\n<p>Wszystkich kap\u0142an\u00f3w zapraszamy do udzia\u0142u w\u00a0koncelebrze (prosimy o\u00a0zabranie alby<br \/>\ni bia\u0142ej stu\u0142y).<\/p>\n<p>Ksi\u0119\u017cy Proboszcz\u00f3w prosimy, by w\u00a0ramach og\u0142osze\u0144 duszpasterskich wierni zostali poinformowani o\u00a0Jubileuszu Ksi\u0119dza Arcybiskupa oraz o\u00a0zaproszeni na Eucharysti\u0119 do Katedry.<\/p>\n<p>Z pozdrowieniami w\u00a0Chrystusie Panu<\/p>\n<p><em>Bp Marek Solarczyk Bp Romuald Kami\u0144ski<\/em><\/p>\n","protected":false},"excerpt":{"rendered":"<p>Jubileusz 75-lecia urodzin Abp Henryka Hosera SAC,\u00a027 listopada 2017 roku,\u00a0Warszawa, 14 listopada 2017 roku. Wielebni Duszpasterze, Czcigodne Osoby \u017bycia Konsekrowanego, Drodzy Diecezjanie, Jego Ekscelencja Ksi\u0105dz Arcybiskup Henryk Hoser SAC, Biskup Warszawsko-Praski, dnia 27 listopada 2017 roku (poniedzia\u0142ek) b\u0119dzie obchodzi\u0142 siedemdziesi\u0105t\u0105 pi\u0105t\u0105 rocznic\u0119 urodzin. Tego dnia b\u0119dziemy dzi\u0119kowa\u0107 Bogu za dar jego osoby, powo\u0142ania, pos\u0142ugi misyjnej [&hellip;]<\/p>\n","protected":false},"author":1,"featured_media":0,"comment_status":"closed","ping_status":"open","sticky":false,"template":"","format":"standard","meta":{"ngg_post_thumbnail":0,"footnotes":""},"categories":[1],"tags":[],"class_list":["post-936","post","type-post","status-publish","format-standard","hentry","category-aktualnosci"],"_links":{"self":[{"href":"https:\/\/mbloretanska.pl\/index.php?rest_route=\/wp\/v2\/posts\/936","targetHints":{"allow":["GET"]}}],"collection":[{"href":"https:\/\/mbloretanska.pl\/index.php?rest_route=\/wp\/v2\/posts"}],"about":[{"href":"https:\/\/mbloretanska.pl\/index.php?rest_route=\/wp\/v2\/types\/post"}],"author":[{"embeddable":true,"href":"https:\/\/mbloretanska.pl\/index.php?rest_route=\/wp\/v2\/users\/1"}],"replies":[{"embeddable":true,"href":"https:\/\/mbloretanska.pl\/index.php?rest_route=%2Fwp%2Fv2%2Fcomments&post=936"}],"version-history":[{"count":3,"href":"https:\/\/mbloretanska.pl\/index.php?rest_route=\/wp\/v2\/posts\/936\/revisions"}],"predecessor-version":[{"id":939,"href":"https:\/\/mbloretanska.pl\/index.php?rest_route=\/wp\/v2\/posts\/936\/revisions\/939"}],"wp:attachment":[{"href":"https:\/\/mbloretanska.pl\/index.php?rest_route=%2Fwp%2Fv2%2Fmedia&parent=936"}],"wp:term":[{"taxonomy":"category","embeddable":true,"href":"https:\/\/mbloretanska.pl\/index.php?rest_route=%2Fwp%2Fv2%2Fcategories&post=936"},{"taxonomy":"post_tag","embeddable":true,"href":"https:\/\/mbloretanska.pl\/index.php?rest_route=%2Fwp%2Fv2%2Ftags&post=936"}],"curies":[{"name":"wp","href":"https:\/\/api.w.org\/{rel}","templated":true}]}}