{"id":928,"date":"2017-11-18T22:58:56","date_gmt":"2017-11-18T21:58:56","guid":{"rendered":"http:\/\/mbloretanska.pl\/?p=928"},"modified":"2017-11-18T23:01:56","modified_gmt":"2017-11-18T22:01:56","slug":"ogloszenia-duszpasterskie-33-niedziela-zwykla","status":"publish","type":"post","link":"https:\/\/mbloretanska.pl\/?p=928","title":{"rendered":"33 NIEDZIELA ZWYK\u0141A, 19.11.2017"},"content":{"rendered":"<div align=\"justify\"><span style=\"color: black; font-family: 'Times New Roman', serif; font-size: large;\">1.<\/span><span style=\"color: black; font-family: 'Times New Roman', serif; font-size: large;\">\u00a0<\/span><span style=\"color: black; font-family: 'Times New Roman', serif; font-size: large;\">Dzi\u015b obchodzimy w ca\u0142ym Ko\u015bciele og\u0142oszony przez papie\u017ca Franciszka I \u015awiatowy Dzie\u0144 Ubogich. Dzi\u0119kujemy wszystkim, kt\u00f3rzy potrzebuj\u0105cym udzielaj\u0105<\/span><span style=\"color: black; font-family: 'Times New Roman', serif; font-size: large;\">\u00a0 <\/span><span style=\"color: black; font-family: 'Times New Roman', serif; font-size: large;\">duchowego i materialnego wsparcia. Najcz\u0119\u015bciej czynimy to poprzez wolontariat, <\/span><span style=\"color: black; font-family: 'Times New Roman', serif; font-size: large;\">\u00a0<\/span><span style=\"color: black; font-family: 'Times New Roman', serif; font-size: large;\">wsp\u00f3\u0142prac\u0119 z Caritasem, w czasie zbi\u00f3rki do puszek, czy poprzez ofiary z\u0142o\u017cone do skarbonki \u015bw. Antoniego. Za wszystkie dary sk\u0142adamy serdeczne B\u00f3g zap\u0142a\u0107. <\/span><\/div>\n<div align=\"justify\"><span style=\"color: black; font-family: 'Times New Roman', serif; font-size: large;\">2.<\/span><span style=\"color: black; font-family: 'Times New Roman', serif; font-size: large;\">\u00a0<\/span><span style=\"color: black; font-family: 'Times New Roman', serif; font-size: large;\">Dzi\u0119kujemy tak\u017ce za ofiary z\u0142o\u017cone dzi\u015b na tac\u0119 na nasze seminarium duchowne. <\/span><\/div>\n<div align=\"justify\"><span style=\"color: black; font-family: 'Times New Roman', serif; font-size: large;\">3.<\/span><span style=\"color: black; font-family: 'Times New Roman', serif; font-size: large;\">\u00a0<\/span><span style=\"color: black; font-family: 'Times New Roman', serif; font-size: large;\">W zwi\u0105zku z niedawnym po\u017carem <\/span><span style=\"color: #222222; font-family: 'Times New Roman', serif; font-size: large;\">w\u00a0kamienicy przy ulicy Siedleckiej 34 dzi\u015b o godz. 15.00 w liceum przy ul. Kowelskiej 1 organizowany jest Koncert Charytatywny. Bli\u017csze informacje znajdziemy na plakacie w gablocie. <\/span><\/div>\n<div align=\"justify\"><span style=\"color: black; font-family: 'Times New Roman', serif; font-size: large;\">4.\u00a0<\/span><span style=\"color: black; font-family: 'Times New Roman', serif;\">\u00a0<\/span><span style=\"color: black; font-family: 'Times New Roman', serif; font-size: large;\">Jutro 20 listopada o godz. 18.30 w ko\u015bciele spotkanie dla rodzic\u00f3w dzieci przygotowuj\u0105cych si\u0119 do I komunii \u015bw.<\/span><\/div>\n<div align=\"justify\"><span style=\"color: black; font-family: 'Times New Roman', serif; font-size: large;\">5.<\/span><span style=\"color: black; font-family: 'Times New Roman', serif; font-size: large;\">\u00a0<\/span><span style=\"color: black; font-family: 'Times New Roman', serif; font-size: large;\">Chcemy w naszej parafii przywr\u00f3ci\u0107 do \u017cycia m\u0142odzie\u017cow\u0105 wsp\u00f3lnot\u0119 oazow\u0105. Zapraszamy m\u0142odych z gimnazjum i liceum na spotkania we wtorki \u2013 pocz\u0105wszy od najbli\u017cszego \u2013 o godz. 18.45 w dawnej sali \u015bw. Teresy przy kancelarii. Szczeg\u00f3lne zaproszenie kierujemy do kandydat\u00f3w do bierzmowania, dla kt\u00f3rych uczestnictwo w spotkaniach mo\u017ce by\u0107 alternatywnym sposobem przygotowania do tego sakramentu. Informacje u ks. Jarka.<\/span><\/div>\n<div align=\"justify\"><span style=\"color: black; font-family: 'Times New Roman', serif; font-size: large;\">6.<\/span><span style=\"color: black; font-family: 'Times New Roman', serif; font-size: large;\">\u00a0<\/span><span style=\"color: black; font-family: 'Times New Roman', serif; font-size: large;\">W najbli\u017cszy czwartek, pi\u0105tek i sobot\u0119 przy naszej katedrze pan dr Jacek Pulikowski b\u0119dzie prowadzi\u0142 warsztaty ma\u0142\u017ce\u0144skie zatytu\u0142owane: <\/span><span style=\"color: black; font-family: 'Times New Roman', serif; font-size: large;\"><i>O wi\u0119ksze szcz\u0119\u015bcie w ma\u0142\u017ce\u0144stwie. <\/i><\/span><span style=\"color: black; font-family: 'Times New Roman', serif; font-size: large;\">Serdecznie zapraszamy \u2013 szczeg\u00f3\u0142y na plakacie. <\/span><span style=\"color: black; font-family: 'Times New Roman', serif; font-size: large;\">\u00a0\u00a0<\/span><\/div>\n<div align=\"justify\"><span style=\"color: black; font-family: 'Times New Roman', serif; font-size: large;\">7.<\/span><span style=\"color: black; font-family: 'Times New Roman', serif; font-size: large;\">\u00a0<\/span><span style=\"color: black; font-family: 'Times New Roman', serif; font-size: large;\">W sobot\u0119 25 listopada kolejne nasze spotkanie z m\u0142odymi katolikami ze wsp\u00f3lnoty Przymierze Mi\u0142osierdzia. Nie mylmy ich ze \u015bwiadkami Jehowy, jak to si\u0119 ostatnio zdarzy\u0142o. Tym razem m\u0142odzi b\u0119d\u0105 dzieli\u0107 si\u0119 Ewangeli\u0105 z mieszka\u0144cami<\/span><span style=\"color: black; font-family: 'Times New Roman', serif; font-size: large;\">\u00a0 <\/span><span style=\"color: black; font-family: 'Times New Roman', serif; font-size: large;\">bloku przy Placu Hallera 5 od godz. 15.00. Przyjmijmy ich \u017cyczliwie zgodnie ze s\u0142owami \u201eGo\u015b\u0107 w dom \u2013 B\u00f3g w dom\u201d.<\/span><\/div>\n<div align=\"justify\"><span style=\"color: black; font-family: 'Times New Roman', serif; font-size: large;\">8.<\/span><span style=\"color: black; font-family: 'Times New Roman', serif; font-size: large;\">\u00a0<\/span><span style=\"color: black; font-family: 'Times New Roman', serif; font-size: large;\">Za tydzie\u0144 Uroczysto\u015b\u0107 Jezusa Chrystusa Kr\u00f3la Wszech\u015bwiata. Po Mszy \u015bw. o 8.30 przed Naj\u015bwi\u0119tszym Sakramentem ponowimy akt po\u015bwi\u0119cenia rodzaju ludzkiego Chrystusowi Kr\u00f3lowi.<\/span><\/div>\n<div align=\"justify\"><span style=\"color: black; font-family: Cambria; font-size: medium;\">9.<\/span><span style=\"color: black; font-family: Cambria; font-size: medium;\">\u00a0<\/span><span style=\"color: black; font-family: Cambria; font-size: large;\">W przysz\u0142\u0105 niedziel\u0119 26 listopada na Arenie Ursyn\u00f3w w Warszawie odb\u0119dzie si\u0119 7 Festiwal Chrze\u015bcija\u0144skie Granie. To okazja do nietypowego \u015bwi\u0119towania niedzieli przez spotkanie z muzyk\u0105 chrze\u015bcija\u0144sk\u0105. Bli\u017csze informacje i bilety u organizator\u00f3w, kt\u00f3rych dzi\u015b go\u015bcimy \/b\u0119dziemy go\u015bci\u0107\/. <\/span><span style=\"color: black; font-family: Cambria; font-size: large;\">\u00a0\u00a0<\/span><\/div>\n<div align=\"justify\"><span style=\"color: black; font-family: Cambria; font-size: medium;\">10.<\/span><span style=\"color: black; font-family: Cambria; font-size: medium;\">\u00a0<\/span><span style=\"color: black; font-family: Cambria; font-size: large;\">Za dwa tygodnie pocz\u0105tek adwentu, a wraz z nim tak, jak do tej pory rozpoczniemy wizyty kol\u0119dowe. Bli\u017csze informacje podamy w przysz\u0142\u0105 niedziel\u0119.<\/span><\/div>\n<div align=\"justify\"><span style=\"color: black; font-family: Cambria; font-size: medium;\">11.<\/span><span style=\"color: black; font-family: Cambria; font-size: medium;\">\u00a0<\/span><span style=\"color: black; font-family: Cambria; font-size: large;\">Za trzy tygodnie 10 grudnia w naszej parafii odpust ku czci Matki Bo\u017cej Loreta\u0144skiej. B\u0119dziemy mieli okazj\u0119 przygotowa\u0107 si\u0119 do niego przez rekolekcje adwentowe, kt\u00f3re w dniach od 8 do 10 grudnia poprowadzi dla nas<\/span><span style=\"color: black; font-family: Cambria; font-size: large;\">\u00a0<\/span><span style=\"color: black; font-family: Cambria; font-size: large;\">ks. Przemys\u0142aw Macios. Zechciejmy tak zorganizowa\u0107 sw\u00f3j czas, aby m\u00f3c uczestniczy\u0107 w rekolekcjach i skorzysta\u0107 ze spowiedzi \u015bw.<\/span><\/div>\n<div align=\"justify\"><span style=\"color: black; font-family: Cambria; font-size: medium;\">12.<\/span><span style=\"color: black; font-family: Cambria; font-size: medium;\">\u00a0<\/span><span style=\"color: black; font-family: 'Times New Roman', serif; font-size: large;\">Na stoliku obok tygodnika Idziemy znajdziemy darmow\u0105 ksi\u0105\u017ck\u0119 pt. <\/span><span style=\"color: black; font-family: 'Times New Roman', serif; font-size: large;\"><i>Dzi\u0119kuj\u0119 Ci za wszystko mi\u0142osierny Jezu.<\/i><\/span><span style=\"color: black; font-family: 'Times New Roman', serif; font-size: large;\"> To poruszaj\u0105cy pami\u0119tnik i \u015bwiadectwo dzia\u0142ania \u0142aski Bo\u017cej w naszych czasach. Przyjmijmy ten prezent od autorki odwdzi\u0119czaj\u0105c si\u0119 jedynie modlitw\u0105 i lektur\u0105. Si\u0119gnijmy te\u017c po<\/span><span style=\"color: black; font-family: 'Times New Roman', serif; font-size: large;\">\u00a0 <\/span><span style=\"color: black; font-family: 'Times New Roman', serif; font-size: large;\">dzisiejsze teksty s\u0142owa Bo\u017cego z modlitw\u0105 do \u015bw. Micha\u0142a Archanio\u0142a.<\/span><\/div>\n","protected":false},"excerpt":{"rendered":"<p>1.\u00a0Dzi\u015b obchodzimy w ca\u0142ym Ko\u015bciele og\u0142oszony przez papie\u017ca Franciszka I \u015awiatowy Dzie\u0144 Ubogich. Dzi\u0119kujemy wszystkim, kt\u00f3rzy potrzebuj\u0105cym udzielaj\u0105\u00a0 duchowego i materialnego wsparcia. Najcz\u0119\u015bciej czynimy to poprzez wolontariat, \u00a0wsp\u00f3\u0142prac\u0119 z Caritasem, w czasie zbi\u00f3rki do puszek, czy poprzez ofiary z\u0142o\u017cone do skarbonki \u015bw. Antoniego. Za wszystkie dary sk\u0142adamy serdeczne B\u00f3g zap\u0142a\u0107. 2.\u00a0Dzi\u0119kujemy tak\u017ce za ofiary z\u0142o\u017cone [&hellip;]<\/p>\n","protected":false},"author":1,"featured_media":0,"comment_status":"closed","ping_status":"open","sticky":false,"template":"","format":"standard","meta":{"ngg_post_thumbnail":0,"footnotes":""},"categories":[3],"tags":[],"class_list":["post-928","post","type-post","status-publish","format-standard","hentry","category-ogloszenia-duszpasterskie"],"_links":{"self":[{"href":"https:\/\/mbloretanska.pl\/index.php?rest_route=\/wp\/v2\/posts\/928","targetHints":{"allow":["GET"]}}],"collection":[{"href":"https:\/\/mbloretanska.pl\/index.php?rest_route=\/wp\/v2\/posts"}],"about":[{"href":"https:\/\/mbloretanska.pl\/index.php?rest_route=\/wp\/v2\/types\/post"}],"author":[{"embeddable":true,"href":"https:\/\/mbloretanska.pl\/index.php?rest_route=\/wp\/v2\/users\/1"}],"replies":[{"embeddable":true,"href":"https:\/\/mbloretanska.pl\/index.php?rest_route=%2Fwp%2Fv2%2Fcomments&post=928"}],"version-history":[{"count":4,"href":"https:\/\/mbloretanska.pl\/index.php?rest_route=\/wp\/v2\/posts\/928\/revisions"}],"predecessor-version":[{"id":932,"href":"https:\/\/mbloretanska.pl\/index.php?rest_route=\/wp\/v2\/posts\/928\/revisions\/932"}],"wp:attachment":[{"href":"https:\/\/mbloretanska.pl\/index.php?rest_route=%2Fwp%2Fv2%2Fmedia&parent=928"}],"wp:term":[{"taxonomy":"category","embeddable":true,"href":"https:\/\/mbloretanska.pl\/index.php?rest_route=%2Fwp%2Fv2%2Fcategories&post=928"},{"taxonomy":"post_tag","embeddable":true,"href":"https:\/\/mbloretanska.pl\/index.php?rest_route=%2Fwp%2Fv2%2Ftags&post=928"}],"curies":[{"name":"wp","href":"https:\/\/api.w.org\/{rel}","templated":true}]}}