{"id":81,"date":"2017-07-02T18:07:47","date_gmt":"2017-07-02T16:07:47","guid":{"rendered":"http:\/\/mbloretanska.pl\/?p=81"},"modified":"2017-07-08T14:00:56","modified_gmt":"2017-07-08T12:00:56","slug":"niedziela-2-lipca-2017","status":"publish","type":"post","link":"https:\/\/mbloretanska.pl\/?p=81","title":{"rendered":"13 niedziela zwyk\u0142a 02.07.2017"},"content":{"rendered":"<ul>\n<li>Witamy dzi\u015b w naszej parafii nowego ks. Proboszcza, ks. Zbigniewa Klocha, kt\u00f3ry dotychczas by\u0142 Proboszczem Parafii Matki Bo\u017cej Loreta\u0144skiej w Kuligowie. Podczas Mszy \u015aw. o godz. 8.30, wraz z Ks. Dziekanem, Ks. Kanclerz dokona(\u0142) uroczystego liturgicznego wprowadzenia nowo mianowanego ks. Proboszcza. \u00a0\u017byczymy Ks. Proboszczowi obfito\u015bci \u0141ask Bo\u017cych, wielu owoc\u00f3w pos\u0142ugi pasterskiej w naszej parafii, oraz by cieszy\u0142 si\u0119 ci\u0105g\u0142\u0105 opiek\u0105 Matki Bo\u017cej Loreta\u0144skiej i by\u0142 otaczany nieustaj\u0105c\u0105 \u017cyczliwo\u015bci\u0105 i modlitw\u0105 parafian. Pami\u0119tajmy o Nim w naszych osobistych modlitwach.<\/li>\n<li>Dzi\u015b o godz. 17.30, nabo\u017ce\u0144stwo adoracyjne z racji I niedzieli miesi\u0105ca<\/li>\n<li>W poniedzia\u0142ek \u015bwi\u0119to \u015bw. Tomasza Aposto\u0142a.<\/li>\n<li>W \u015brod\u0119 o godzinie 17.45 nowenna do Matki Bo\u017cej Nieustaj\u0105cej Pomocy. Intencje do modlitwy przed cudownym Obrazem sk\u0142adamy do ksi\u0119\u017cy.<\/li>\n<li>W czwartek Adoracja Naj\u015bwi\u0119tszego Sakramentu od 8.30 \u2013 12.00. Z racji pierwszego czwartku miesi\u0105ca b\u0119dziemy si\u0119 modli\u0107 o nowe powo\u0142ania kap\u0142a\u0144skie, zakonne i misyjne.<\/li>\n<li>W pi\u0105tek \u2013 I pi\u0105tek miesi\u0105ca. Msze \u015aw. ku czci Naj\u015bwi\u0119tszego Serca Pana Jezusa o 8.00\u00a0 i 18.00, spowied\u017a przed ka\u017cd\u0105 Msz\u0105 \u015bwi\u0119t\u0105.<\/li>\n<li>W sobot\u0119 o 8.00 zostanie odprawiona Msza \u015aw. ku czci \u015bw. Micha\u0142a Arch.<\/li>\n<li>Zach\u0119camy do czytania prasy katolickiej.<\/li>\n<\/ul>\n","protected":false},"excerpt":{"rendered":"<p>Witamy dzi\u015b w naszej parafii nowego ks. Proboszcza, ks. Zbigniewa Klocha, kt\u00f3ry dotychczas by\u0142 Proboszczem Parafii Matki Bo\u017cej Loreta\u0144skiej w Kuligowie. Podczas Mszy \u015aw. o godz. 8.30, wraz z Ks. Dziekanem, Ks. Kanclerz dokona(\u0142) uroczystego liturgicznego wprowadzenia nowo mianowanego ks. Proboszcza. \u00a0\u017byczymy Ks. Proboszczowi obfito\u015bci \u0141ask Bo\u017cych, wielu owoc\u00f3w pos\u0142ugi pasterskiej w naszej parafii, oraz [&hellip;]<\/p>\n","protected":false},"author":1,"featured_media":0,"comment_status":"closed","ping_status":"open","sticky":false,"template":"","format":"standard","meta":{"ngg_post_thumbnail":0,"footnotes":""},"categories":[3],"tags":[],"class_list":["post-81","post","type-post","status-publish","format-standard","hentry","category-ogloszenia-duszpasterskie"],"_links":{"self":[{"href":"https:\/\/mbloretanska.pl\/index.php?rest_route=\/wp\/v2\/posts\/81","targetHints":{"allow":["GET"]}}],"collection":[{"href":"https:\/\/mbloretanska.pl\/index.php?rest_route=\/wp\/v2\/posts"}],"about":[{"href":"https:\/\/mbloretanska.pl\/index.php?rest_route=\/wp\/v2\/types\/post"}],"author":[{"embeddable":true,"href":"https:\/\/mbloretanska.pl\/index.php?rest_route=\/wp\/v2\/users\/1"}],"replies":[{"embeddable":true,"href":"https:\/\/mbloretanska.pl\/index.php?rest_route=%2Fwp%2Fv2%2Fcomments&post=81"}],"version-history":[{"count":11,"href":"https:\/\/mbloretanska.pl\/index.php?rest_route=\/wp\/v2\/posts\/81\/revisions"}],"predecessor-version":[{"id":559,"href":"https:\/\/mbloretanska.pl\/index.php?rest_route=\/wp\/v2\/posts\/81\/revisions\/559"}],"wp:attachment":[{"href":"https:\/\/mbloretanska.pl\/index.php?rest_route=%2Fwp%2Fv2%2Fmedia&parent=81"}],"wp:term":[{"taxonomy":"category","embeddable":true,"href":"https:\/\/mbloretanska.pl\/index.php?rest_route=%2Fwp%2Fv2%2Fcategories&post=81"},{"taxonomy":"post_tag","embeddable":true,"href":"https:\/\/mbloretanska.pl\/index.php?rest_route=%2Fwp%2Fv2%2Ftags&post=81"}],"curies":[{"name":"wp","href":"https:\/\/api.w.org\/{rel}","templated":true}]}}