{"id":794,"date":"2017-10-14T21:51:55","date_gmt":"2017-10-14T19:51:55","guid":{"rendered":"http:\/\/mbloretanska.pl\/?p=794"},"modified":"2017-10-14T21:51:55","modified_gmt":"2017-10-14T19:51:55","slug":"28-niedziela-zwykla-15-pazdziernika","status":"publish","type":"post","link":"https:\/\/mbloretanska.pl\/?p=794","title":{"rendered":"28 NIEDZIELA ZWYK\u0141A, 15 PA\u0179DZIERNIKA"},"content":{"rendered":"<p class=\"gmail-MsoListParagraphCxSpFirst\">1. W ramach festiwalu Praska Jesie\u0144 w \u015awi\u0105tyniach dzisiaj w ko\u015bciele Matki Bo\u017cej Loreta\u0144skiej o godz. 13.30 Recital Chopinowski Karola Radziwonowicza. Zapraszamy serdecznie naszych parafian i go\u015bci. Wst\u0119p wolny.<\/p>\n<p class=\"gmail-MsoListParagraphCxSpMiddle\">2. Dzi\u015b up\u0142ywa termin zg\u0142aszania si\u0119 kandydat\u00f3w do bierzmowania. Pierwsze spotkanie rozpoczynaj\u0105ce prac\u0119 nowej grupy po Mszy wieczornej o godz. 18.00. Zapraszamy kandydat\u00f3w i rodzic\u00f3w.<\/p>\n<p class=\"gmail-MsoListParagraphCxSpMiddle\">3. Caritas naszej diecezji organizuje zbi\u00f3rk\u0119 \u015brodk\u00f3w czysto\u015bci potrzebnych do prowadzenia mobilnej \u0142a\u017ani dla os\u00f3b bezdomnych. Prosimy o sk\u0142adanie tych \u015brodk\u00f3w do pojemnik\u00f3w, kt\u00f3re znajduj\u0105 si\u0119 przy bocznym wej\u015bciu do ko\u015bcio\u0142a.<\/p>\n<p class=\"gmail-MsoListParagraphCxSpMiddle\">4. Dzisiaj we wszystkich parafiach w Polsce niedziela tradycyjnego liczenia wiernych obecnych w ko\u015bciele i przyst\u0119puj\u0105cych do komunii \u015bw. W zwi\u0105zku z tym prosimy by po Mszy nieco wolniej opuszcza\u0107 mury \u015bwi\u0105tyni.<\/p>\n<p class=\"gmail-MsoListParagraphCxSpMiddle\">5. W sobot\u0119 21 pa\u017adziernika ze wzgl\u0119du na \u015blub nie b\u0119dzie r\u00f3\u017ca\u0144ca o godz. 17.15, ale wyj\u0105tkowo po Mszy \u015bw. wieczornej.<\/p>\n<p class=\"gmail-MsoListParagraphCxSpMiddle\">6.\u00a0<span style=\"color: #000000;\">W przysz\u0142\u0105 niedziel\u0119 22 pa\u017adziernika w porozumieniu z Konferencj\u0105 Episkopatu Polski i Komitetem Inicjatywy Ustawodawczej \u201eZatrzymaj Aborcj\u0119\u201d b\u0119dziemy mogli wesprze\u0107 obywatelski projekt ustawy, kt\u00f3ry ma na celu zatrzymanie zabijania chorych nienarodzonych dzieci. Chodzi o wyeliminowanie z polskiego prawa punktu zezwalaj\u0105cego na zabijanie dzieci\u00a0 z przyczyn eugenicznych. Podpisa\u0107 si\u0119 pod tym projektem mo\u017ce ka\u017cdy, kto uko\u0144czy\u0142 18 rok \u017cycia. Potrzebny jest numer PESEL. Zbieranie podpis\u00f3w w naszym ko\u015bciele odb\u0119dzie si\u0119 za tydzie\u0144 po ka\u017cdej Mszy \u015bw.<\/span><\/p>\n<p class=\"gmail-MsoListParagraphCxSpMiddle\">7. W zakrystii i kancelarii mo\u017cna ju\u017c zapisywa\u0107 swoich bliskich zmar\u0142ych na wypominki. Pami\u0119tajmy, \u017ce modlitwa za zmar\u0142ych to jeden z uczynk\u00f3w mi\u0142osierdzia wzgl\u0119dem duszy.<\/p>\n<p class=\"gmail-MsoListParagraphCxSpMiddle\">8.\u00a0<i>M\u00f3j przyjaciel Dolindo<\/i>, <i>Papie\u017c w klaserze<\/i> oraz <i>Polska r\u00f3\u017ca\u0144cowa<\/i> \u2013 to tytu\u0142y ciekawych artyku\u0142\u00f3w w tygodniku Idziemy. Znajdziemy tam r\u00f3wnie\u017c\u00a0 informacje z \u017cycia Ko\u015bcio\u0142a i \u015bwiata. We\u017amy te\u017c do domu ze stolika prasowego dzisiejsze teksty s\u0142owa Bo\u017cego wraz z modlitw\u0105 do \u015bw. Micha\u0142a Archanio\u0142a.<\/p>\n","protected":false},"excerpt":{"rendered":"<p>1. W ramach festiwalu Praska Jesie\u0144 w \u015awi\u0105tyniach dzisiaj w ko\u015bciele Matki Bo\u017cej Loreta\u0144skiej o godz. 13.30 Recital Chopinowski Karola Radziwonowicza. Zapraszamy serdecznie naszych parafian i go\u015bci. Wst\u0119p wolny. 2. Dzi\u015b up\u0142ywa termin zg\u0142aszania si\u0119 kandydat\u00f3w do bierzmowania. Pierwsze spotkanie rozpoczynaj\u0105ce prac\u0119 nowej grupy po Mszy wieczornej o godz. 18.00. Zapraszamy kandydat\u00f3w i rodzic\u00f3w. 3. [&hellip;]<\/p>\n","protected":false},"author":1,"featured_media":0,"comment_status":"closed","ping_status":"open","sticky":false,"template":"","format":"standard","meta":{"ngg_post_thumbnail":0,"footnotes":""},"categories":[3],"tags":[],"class_list":["post-794","post","type-post","status-publish","format-standard","hentry","category-ogloszenia-duszpasterskie"],"_links":{"self":[{"href":"https:\/\/mbloretanska.pl\/index.php?rest_route=\/wp\/v2\/posts\/794","targetHints":{"allow":["GET"]}}],"collection":[{"href":"https:\/\/mbloretanska.pl\/index.php?rest_route=\/wp\/v2\/posts"}],"about":[{"href":"https:\/\/mbloretanska.pl\/index.php?rest_route=\/wp\/v2\/types\/post"}],"author":[{"embeddable":true,"href":"https:\/\/mbloretanska.pl\/index.php?rest_route=\/wp\/v2\/users\/1"}],"replies":[{"embeddable":true,"href":"https:\/\/mbloretanska.pl\/index.php?rest_route=%2Fwp%2Fv2%2Fcomments&post=794"}],"version-history":[{"count":1,"href":"https:\/\/mbloretanska.pl\/index.php?rest_route=\/wp\/v2\/posts\/794\/revisions"}],"predecessor-version":[{"id":795,"href":"https:\/\/mbloretanska.pl\/index.php?rest_route=\/wp\/v2\/posts\/794\/revisions\/795"}],"wp:attachment":[{"href":"https:\/\/mbloretanska.pl\/index.php?rest_route=%2Fwp%2Fv2%2Fmedia&parent=794"}],"wp:term":[{"taxonomy":"category","embeddable":true,"href":"https:\/\/mbloretanska.pl\/index.php?rest_route=%2Fwp%2Fv2%2Fcategories&post=794"},{"taxonomy":"post_tag","embeddable":true,"href":"https:\/\/mbloretanska.pl\/index.php?rest_route=%2Fwp%2Fv2%2Ftags&post=794"}],"curies":[{"name":"wp","href":"https:\/\/api.w.org\/{rel}","templated":true}]}}