{"id":791,"date":"2017-10-06T10:26:01","date_gmt":"2017-10-06T08:26:01","guid":{"rendered":"http:\/\/mbloretanska.pl\/?p=791"},"modified":"2017-10-06T10:26:01","modified_gmt":"2017-10-06T08:26:01","slug":"intencje-mszalne-08-15-10-2017","status":"publish","type":"post","link":"https:\/\/mbloretanska.pl\/?p=791","title":{"rendered":"INTENCJE MSZALNE 08-15.10.2017"},"content":{"rendered":"<p><span style=\"color: #000080;\"><strong>27 NIEDZIELA ZWYK\u0141A \u2013 DZIE\u0143 PAPIESKI,\u00a08 PA\u0179DZIERNIKA 2017<\/strong><\/span><\/p>\n<p>7.00\u00a0\u00a0 + Mariann\u0119 i Janusza MALENTA, Wac\u0142awa OLESZCZUKA, C.R. KO\u0143K\u00d3W, MALENT\u00d3W, MATE\u0143K\u00d3W i OLESZCZUK\u00d3W<\/p>\n<p>8.30\u00a0\u00a0 + C.R. STRZA\u0141KOWSKICH, STACHEWICZ\u00d3W i WRO\u0143SKICH<\/p>\n<p>10.00 + Adama METELSKIEGO (3 r. \u015bmierci), C.R. SK\u0141ADANK\u00d3W i METELSKICH<\/p>\n<p>11.00 Dzi\u0119kczynna i o Bo\u017ce b\u0142ogos\u0142awie\u0144stwo dla Krzysztofa i \u0141ucji w 6 r. \u015blubu, o obfito\u015b\u0107 Dar\u00f3w Ducha \u015aw. i szcz\u0119\u015bcie rodzinne na dalsze lata \u017cycia.<\/p>\n<p>11.00 + Jana WITUKIEWICZA w 29 r. \u015bmierci<\/p>\n<p>12.30 + Kazimier\u0119 oraz Henryka ZI\u0118TAR<\/p>\n<p>12.30 + Andrzeja KOZ\u0141OWSKIEGO (8 greg. )<\/p>\n<p>Chrzest: 1. Barbara CIUBA<\/p>\n<ol start=\"2\">\n<li>Alex DUBI\u0143SKI<\/li>\n<li>Emil KOWALCZYK<\/li>\n<li>Helena SUK<\/li>\n<li>Zuzanna WITKOWSKA<\/li>\n<\/ol>\n<p>18.00 + Stanis\u0142awa (33 r. \u015bmierci), Jana, Jadwig\u0119, Aleksandr\u0119 STA\u0143CZUK<\/p>\n<p>&nbsp;<\/p>\n<p><span style=\"color: #000080;\"><strong>PONIEDZIA\u0141EK, 9 PA\u0179DZIERNIKA 2017,\u00a0B\u0141. WINCENTEGO KAD\u0141UBKA, BISKUPA &#8211; WSPOMNIENIE\u00a0\u00a0\u00a0\u00a0\u00a0\u00a0\u00a0<\/strong><\/span><\/p>\n<p>7.00\u00a0\u00a0 + Stefani\u0119, Piotra, Jana, C.R.ZGADZAJSKICH, Zygmunta i C.R. ROGALSKICH<\/p>\n<p>8.00\u00a0\u00a0 + Andrzeja KOZ\u0141OWSKIEGO (9 greg. )<\/p>\n<p>18.00 + Jana, Alicj\u0119 (10 r. \u015bm.), Janusza MALINOWSKICH, Antoniego KAFAROWSKIEGO i C.R.<\/p>\n<p>&nbsp;<\/p>\n<p><strong><span style=\"color: #000080;\">WTOREK, 10 PA\u0179DZIERNIKA 2017<\/span><\/strong><\/p>\n<p>7.00\u00a0\u00a0 + Rafa\u0142a-Marka GEPERT<\/p>\n<p>8.00\u00a0\u00a0 + Andrzeja KOZ\u0141OWSKIEGO (10 greg. )<\/p>\n<p>18.00 W intencjach Rodziny Radia Maryja<\/p>\n<p><span style=\"color: #000080;\"><strong>\u015aRODA, 11 PA\u0179DZIERNIKA 2017<\/strong><\/span><\/p>\n<p>7.00\u00a0\u00a0 + Andrzeja KOZ\u0141OWSKIEGO (11 greg. )<\/p>\n<p>8.00\u00a0\u00a0O zdrowie i potrzebne \u0142aski do spokojnego i szcz\u0119\u015bliwego \u017cycia dla rodzin SZCZYP\u00d3W i JANKOWSKICH<\/p>\n<p>11.00 POGRZEB: + Genowefa OLKOWSKA<\/p>\n<p>17.45 NOWENNA DO MATKI BO\u017bEJ NIEUSTAJ\u0104CEJ POMOCY I MSZA \u015aWI\u0118TA<\/p>\n<p>&nbsp;<\/p>\n<p><strong><span style=\"color: #000080;\">CZWARTEK, 12 PA\u0179DZIERNIKA 2017<\/span><\/strong><\/p>\n<p>7.00\u00a0\u00a0 + Franciszka \u0141\u0104CKIEGO (73 r. \u015bm.), Ann\u0119 \u0141\u0105ck\u0105, ich zmar\u0142ych rodzic\u00f3w i rodze\u0144stwo oraz poleg\u0142ych w Powstaniu Warszawskim<\/p>\n<p>8.00\u00a0\u00a0 + Stanis\u0142awa (27 r. \u015bm.), C.R. SUCHODOLSKICH i J\u0118DRZEJCZAK\u00d3W<\/p>\n<p>18.00 + Andrzeja KOZ\u0141OWSKIEGO (12 greg. )<\/p>\n<p>&nbsp;<\/p>\n<p><span style=\"color: #000080;\"><strong>PI\u0104TEK, 13 PA\u0179DZIERNIKA 2017,\u00a0B\u0141. HONORATA KO\u0179MI\u0143SKIEGO, PREZBITERA &#8211; WSPOMNIENIE\u00a0\u00a0\u00a0\u00a0\u00a0\u00a0\u00a0<\/strong><\/span><\/p>\n<p>7.00\u00a0\u00a0 + Ryszarda<\/p>\n<p>8.00\u00a0\u00a0 Za uczestnik\u00f3w wycieczki na Chorwacj\u0119, o potrzebne \u0142aski i Bo\u017ce b\u0142og.<\/p>\n<p>18.00 + Andrzeja KOZ\u0141OWSKIEGO (13 greg. )<\/p>\n<p>&nbsp;<\/p>\n<p><strong><span style=\"color: #000080;\">SOBOTA, 14 PA\u0179DZIERNIKA 2017<\/span><\/strong><\/p>\n<p>7.00\u00a0\u00a0 + Andrzeja KOZ\u0141OWSKIEGO (14 greg. )<\/p>\n<p>8.00\u00a0\u00a0 Ku czci \u015aw. Micha\u0142a Archanio\u0142a w int. czcicieli, duszpasterzy, parafian<\/p>\n<p>10.00 Chrzest: Igor JURKIEWICZ<\/p>\n<p>18.00 + Jadwig\u0119 i J\u00f3zefa JELE\u0143, C.R. JELE\u0143 i BANDURSKICH<\/p>\n<p>&nbsp;<\/p>\n<p><span style=\"color: #000080;\"><strong>28 NIEDZIELA ZWYK\u0141A,\u00a015 PA\u0179DZIERNIKA 2017<\/strong><\/span><\/p>\n<p>7.00\u00a0\u00a0 + Andrzeja KOZ\u0141OWSKIEGO (15 greg. )<\/p>\n<p>8.30\u00a0\u00a0 Dzi\u0119kczynna w 20 r. \u015blubu dla p. Barbary i Adama KRAWCZYK, z pro\u015bb\u0105 o Bo\u017ce b\u0142ogos\u0142awie\u0144stwo i potrzebne \u0142aski w \u017cyciu ma\u0142\u017ce\u0144skim i rodzinnym<\/p>\n<p>10.00 + Boles\u0142awa PARZYSZKA w 27 r. \u015bmierci, Mariann\u0119 i Kazimierza GUBA<\/p>\n<p>11.00 + Stanis\u0142aw\u0119 SCECEWICZ (44 r. \u015bm.), m\u0119\u017ca Lucjana oraz Stanis\u0142awa G\u0141USZCZA<\/p>\n<p>12.30 + Miros\u0142awa PULKOWSKIEGO w 4 r. \u015bm., rodzic\u00f3w: Stefani\u0119 i Szczepana PULKOWSKICH, Stanis\u0142aw\u0119 i Feliksa BEDNARCZYK\u00d3W<\/p>\n<p>18.00 rezerwacja<\/p>\n","protected":false},"excerpt":{"rendered":"<p>27 NIEDZIELA ZWYK\u0141A \u2013 DZIE\u0143 PAPIESKI,\u00a08 PA\u0179DZIERNIKA 2017 7.00\u00a0\u00a0 + Mariann\u0119 i Janusza MALENTA, Wac\u0142awa OLESZCZUKA, C.R. KO\u0143K\u00d3W, MALENT\u00d3W, MATE\u0143K\u00d3W i OLESZCZUK\u00d3W 8.30\u00a0\u00a0 + C.R. STRZA\u0141KOWSKICH, STACHEWICZ\u00d3W i WRO\u0143SKICH 10.00 + Adama METELSKIEGO (3 r. \u015bmierci), C.R. SK\u0141ADANK\u00d3W i METELSKICH 11.00 Dzi\u0119kczynna i o Bo\u017ce b\u0142ogos\u0142awie\u0144stwo dla Krzysztofa i \u0141ucji w 6 r. \u015blubu, o [&hellip;]<\/p>\n","protected":false},"author":1,"featured_media":0,"comment_status":"closed","ping_status":"open","sticky":false,"template":"","format":"standard","meta":{"ngg_post_thumbnail":0,"footnotes":""},"categories":[6],"tags":[],"class_list":["post-791","post","type-post","status-publish","format-standard","hentry","category-intencje-mszalne"],"_links":{"self":[{"href":"https:\/\/mbloretanska.pl\/index.php?rest_route=\/wp\/v2\/posts\/791","targetHints":{"allow":["GET"]}}],"collection":[{"href":"https:\/\/mbloretanska.pl\/index.php?rest_route=\/wp\/v2\/posts"}],"about":[{"href":"https:\/\/mbloretanska.pl\/index.php?rest_route=\/wp\/v2\/types\/post"}],"author":[{"embeddable":true,"href":"https:\/\/mbloretanska.pl\/index.php?rest_route=\/wp\/v2\/users\/1"}],"replies":[{"embeddable":true,"href":"https:\/\/mbloretanska.pl\/index.php?rest_route=%2Fwp%2Fv2%2Fcomments&post=791"}],"version-history":[{"count":1,"href":"https:\/\/mbloretanska.pl\/index.php?rest_route=\/wp\/v2\/posts\/791\/revisions"}],"predecessor-version":[{"id":792,"href":"https:\/\/mbloretanska.pl\/index.php?rest_route=\/wp\/v2\/posts\/791\/revisions\/792"}],"wp:attachment":[{"href":"https:\/\/mbloretanska.pl\/index.php?rest_route=%2Fwp%2Fv2%2Fmedia&parent=791"}],"wp:term":[{"taxonomy":"category","embeddable":true,"href":"https:\/\/mbloretanska.pl\/index.php?rest_route=%2Fwp%2Fv2%2Fcategories&post=791"},{"taxonomy":"post_tag","embeddable":true,"href":"https:\/\/mbloretanska.pl\/index.php?rest_route=%2Fwp%2Fv2%2Ftags&post=791"}],"curies":[{"name":"wp","href":"https:\/\/api.w.org\/{rel}","templated":true}]}}