{"id":765,"date":"2017-09-23T19:47:15","date_gmt":"2017-09-23T17:47:15","guid":{"rendered":"http:\/\/mbloretanska.pl\/?p=765"},"modified":"2017-09-23T19:47:15","modified_gmt":"2017-09-23T17:47:15","slug":"25-niedziela-zwykla-24-wrzesien-2017","status":"publish","type":"post","link":"https:\/\/mbloretanska.pl\/?p=765","title":{"rendered":"25 NIEDZIELA ZWYK\u0141A, 24 WRZESIE\u0143 2017"},"content":{"rendered":"<ol>\n<li>\u00a0Jutro po Mszy \u015bw. wieczornej o godz. 18.30 spotkanie dla rodzic\u00f3w dzieci przygotowuj\u0105cych si\u0119 do I Komunii \u015bw. Obecno\u015b\u0107 obowi\u0105zkowa.<\/li>\n<li>\u00a0Uczni\u00f3w III klas gimnazjum i starszych, kt\u00f3rzy chc\u0105 rozpocz\u0105\u0107 przygotowanie do sakramentu bierzmowania zapraszamy do zakrystii po formularze zg\u0142oszeniowe.<\/li>\n<li>W pi\u0105tek 29 wrze\u015bnia \u015awi\u0119to \u015bw. Archanio\u0142\u00f3w Micha\u0142a Gabriela i Rafa\u0142a.<\/li>\n<li>W przysz\u0142\u0105 niedziel\u0119 1 pa\u017adziernika rozpoczynamy nabo\u017ce\u0144stwa pa\u017adziernikowe. B\u0119d\u0105 one odprawiane codziennie o godz. 17.15. Serdecznie zapraszamy do wsp\u00f3lnej modlitwy r\u00f3\u017ca\u0144cowej.<\/li>\n<li>W 140 &#8211; t\u0105 rocznic\u0105 objawie\u0144 Matki Bo\u017cej w Gietrzwa\u0142dzie nasza parafia organizuje jednodniow\u0105 autokarow\u0105 pielgrzymk\u0119 do Gietrzwa\u0142du w sobot\u0119 14 X. Koszt 70 z\u0142. Zapisy w zakrystii i kancelarii, a bli\u017csze informacje u ks. Marcina.<\/li>\n<li>\u00a0W ramach tzw. pomocy s\u0105siedzkiej przyjmujemy zg\u0142oszenia od os\u00f3b potrzebuj\u0105cych pomocy przy zrobieniu zakup\u00f3w, wizycie u lekarza, odbyciu spaceru czy wsp\u00f3lnym poczytaniu Pisma \u015bw. W dalszym ci\u0105gu zapraszamy osoby, kt\u00f3re mog\u0105 takiej pomocy udzieli\u0107. Zg\u0142oszenia przyjmowane b\u0119d\u0105 w przysz\u0142\u0105 niedziel\u0119 1 pa\u017adziernika po ka\u017cdej Mszy \u015bw. w salce s\u0105siaduj\u0105cej z gara\u017cami.<\/li>\n<li>Stowarzyszenie \u201eWsp\u00f3lnymi si\u0142ami\u201d Dom Samotnych Matek z Dzie\u0107mi sk\u0142ada naszym parafianom serdeczne B\u00f3g zap\u0142a\u0107 za przyj\u0119cie wolontariuszy i z\u0142o\u017cone datki na dzia\u0142alno\u015b\u0107 o\u015brodka. Pozyskane fundusze b\u0119d\u0105 przeznaczone na zakup \u017cywno\u015bci.<\/li>\n<li>W tygodniku Idziemy znajdziemy mi\u0119dzy innymi ciekawy artyku\u0142 o przysz\u0142ym ordynariuszu naszej diecezji biskupie Romualdzie Kami\u0144skim oraz tekst o. Jacka Salija o tym, \u017ce wino jest dzie\u0142em Boga, a pija\u0144stwo dzie\u0142em diab\u0142a. Zach\u0119camy te\u017c do zabrania do domu ze stolika prasowego tekst\u00f3w s\u0142owa Bo\u017cego na dzisiejsz\u0105 niedziel\u0119.<\/li>\n<li>Odpowiadaj\u0105c na wezwanie papie\u017ca Franciszka do Nowej Ewangelizacji katolicka Wsp\u00f3lnota Przymierze Mi\u0142osierdzia chce w najbli\u017cszy czwartek 28 wrze\u015bnia podzieli\u0107 si\u0119 z nami swoim do\u015bwiadczeniem Mi\u0142o\u015bci Bo\u017cej, pozna\u0107 nasze do\u015bwiadczanie wiary i wsp\u00f3lnie modli\u0107 si\u0119 w naszych intencjach. Miejscem tego spotkania nie b\u0119dzie ko\u015bci\u00f3\u0142, ale nasze mieszkania. M\u0142odzi katolicy z Przymierza Mi\u0142osierdzia w ten czwartek po Mszy \u015bw. wieczornej odwiedz\u0105 parafian mieszkaj\u0105cych przy ulicy Darwina 7 i Jagiello\u0144skiej 62. Zechciejmy przyj\u0105\u0107 ich \u017cyczliwie, bo w tym przypadku s\u0142owa: \u201eGo\u015b\u0107 w dom \u2013 B\u00f3g w dom\u201d nabieraj\u0105 wyj\u0105tkowego znaczenia.<\/li>\n<li>Solenizantkom i solenizantom tego tygodnia \u017cyczymy du\u017co zdrowia, mi\u0142o\u015bci od bliskich i opieki \u015bwi\u0119tych patron\u00f3w, a wszystkim parafianom i go\u015bciom udanej niedzieli i dobrego odpoczynku.<\/li>\n<\/ol>\n","protected":false},"excerpt":{"rendered":"<p>\u00a0Jutro po Mszy \u015bw. wieczornej o godz. 18.30 spotkanie dla rodzic\u00f3w dzieci przygotowuj\u0105cych si\u0119 do I Komunii \u015bw. Obecno\u015b\u0107 obowi\u0105zkowa. \u00a0Uczni\u00f3w III klas gimnazjum i starszych, kt\u00f3rzy chc\u0105 rozpocz\u0105\u0107 przygotowanie do sakramentu bierzmowania zapraszamy do zakrystii po formularze zg\u0142oszeniowe. W pi\u0105tek 29 wrze\u015bnia \u015awi\u0119to \u015bw. Archanio\u0142\u00f3w Micha\u0142a Gabriela i Rafa\u0142a. W przysz\u0142\u0105 niedziel\u0119 1 pa\u017adziernika [&hellip;]<\/p>\n","protected":false},"author":1,"featured_media":0,"comment_status":"closed","ping_status":"open","sticky":false,"template":"","format":"standard","meta":{"ngg_post_thumbnail":0,"footnotes":""},"categories":[3],"tags":[],"class_list":["post-765","post","type-post","status-publish","format-standard","hentry","category-ogloszenia-duszpasterskie"],"_links":{"self":[{"href":"https:\/\/mbloretanska.pl\/index.php?rest_route=\/wp\/v2\/posts\/765","targetHints":{"allow":["GET"]}}],"collection":[{"href":"https:\/\/mbloretanska.pl\/index.php?rest_route=\/wp\/v2\/posts"}],"about":[{"href":"https:\/\/mbloretanska.pl\/index.php?rest_route=\/wp\/v2\/types\/post"}],"author":[{"embeddable":true,"href":"https:\/\/mbloretanska.pl\/index.php?rest_route=\/wp\/v2\/users\/1"}],"replies":[{"embeddable":true,"href":"https:\/\/mbloretanska.pl\/index.php?rest_route=%2Fwp%2Fv2%2Fcomments&post=765"}],"version-history":[{"count":1,"href":"https:\/\/mbloretanska.pl\/index.php?rest_route=\/wp\/v2\/posts\/765\/revisions"}],"predecessor-version":[{"id":766,"href":"https:\/\/mbloretanska.pl\/index.php?rest_route=\/wp\/v2\/posts\/765\/revisions\/766"}],"wp:attachment":[{"href":"https:\/\/mbloretanska.pl\/index.php?rest_route=%2Fwp%2Fv2%2Fmedia&parent=765"}],"wp:term":[{"taxonomy":"category","embeddable":true,"href":"https:\/\/mbloretanska.pl\/index.php?rest_route=%2Fwp%2Fv2%2Fcategories&post=765"},{"taxonomy":"post_tag","embeddable":true,"href":"https:\/\/mbloretanska.pl\/index.php?rest_route=%2Fwp%2Fv2%2Ftags&post=765"}],"curies":[{"name":"wp","href":"https:\/\/api.w.org\/{rel}","templated":true}]}}