{"id":754,"date":"2017-09-17T01:07:09","date_gmt":"2017-09-16T23:07:09","guid":{"rendered":"http:\/\/mbloretanska.pl\/?p=754"},"modified":"2017-09-17T01:07:09","modified_gmt":"2017-09-16T23:07:09","slug":"intencje-mszalne-17-23-wrzesien-2017","status":"publish","type":"post","link":"https:\/\/mbloretanska.pl\/?p=754","title":{"rendered":"INTENCJE MSZALNE, 17-23 WRZESIE\u0143 2017"},"content":{"rendered":"<p><strong>24 Niedziela Zwyk\u0142a,\u00a017 wrzesie\u0144 2017<\/strong><\/p>\n<p>7.00\u00a0+ Stanis\u0142awa GWIAZD\u0118, Franciszk\u0119 i Stanis\u0142awa JAROCKICH<\/p>\n<p>8.30\u00a0+ O pok\u00f3j duszy i \u0142ask\u0119 nieba dla ma\u0142\u017conk\u00f3w Ireny i Franciszka w rocznic\u0119 ich \u015bmierci oraz o \u0142ask\u0119 \u017cycia wiecznego dla zmar\u0142ych z rodz. SAWICKICH i ZI\u0118TAR\u00d3W<\/p>\n<p>10.00\u00a0+ Ignacego WI\u015aNIEWSKIEGO w 18 r. \u015bm. oraz za rodzic\u00f3w Edwarda i Stefani\u0119 OLKOWSKICH<\/p>\n<p>11.00\u00a0+ Alicj\u0119 KO\u0141OSOWSK\u0104 \u2013 gregoria\u0144ska 17<\/p>\n<p>12.30\u00a0+ Zygmunta TRZASKA w 12 r. \u015bm.<\/p>\n<p>18.00\u00a0+ Leszka BREJNAKA w 9 r. \u015bm. jego rodzic\u00f3w i te\u015bci\u00f3w oraz Mari\u0119 i Lucjana DMOWSKICH; Jacka SZOZD\u0118<\/p>\n<p>&nbsp;<\/p>\n<p><b>Poniedzia\u0142ek, 18 wrzesie\u0144 2017,\u00a0\u015bw. Stanis\u0142awa Kostki patrona Polski \u2013 \u015bwi\u0119to<\/b><\/p>\n<p>7.00\u00a0+Mieczys\u0142awa CZACHOWICZA w 11 r. \u015bm. W\u0142adys\u0142awa, Aleksandr\u0119, Kazimierza, Zofi\u0119, Andrzeja GETK\u00d3W oraz Ryszarda BEDNARSKIEGO<\/p>\n<p>8.00\u00a0+ Stefani\u0119, Mariana, W\u0142odzimierza, Andrzeja SADKOWSKICH, Mariann\u0119, Stanis\u0142awa i Adama D\u0104DALSKICH<\/p>\n<p>18.00\u00a0+ Alicj\u0119 KO\u0141OSOWSK\u0104 \u2013 gregoria\u0144ska 18<\/p>\n<p>&nbsp;<\/p>\n<p><b>Wtorek, 19 wrzesie\u0144 2017<\/b><\/p>\n<p>7.00\u00a0+ Alicj\u0119 KO\u0141OSOWSK\u0104 \u2013 gregoria\u0144ska 19<\/p>\n<p>8.00\u00a0+ c\u00f3rk\u0119 Gra\u017cyn\u0119 DZIER\u017bY\u0143SK\u0104 w 5 r. \u015bm., rodzic\u00f3w Jana i Mari\u0119 BIERNAT<\/p>\n<p>18.00\u00a0+ Jadwig\u0119, J\u00f3zefa JELE\u0143, zm. z rodz. JELE\u0143 i BANDURSKICH<\/p>\n<p>&nbsp;<\/p>\n<p><b>\u015aroda, 20 wrzesie\u0144 2017,\u00a0\u015bw. Andrzeja Kim Teagon i towarzyszy \u2013 wspomnienie<\/b><\/p>\n<p>7.00\u00a0+ Alicj\u0119 KO\u0141OSOWSK\u0104 \u2013 gregoria\u0144ska 20<\/p>\n<p>8.00\u00a0+ Stanis\u0142awa KACZMARCZYKA w 14 r. \u015bm., Aniel\u0119 i Jana KACZMARCZYK\u00d3W<\/p>\n<p>17.45\u00a0NOWENNA DO MATKI BO\u017bEJ NIEUSTAJ\u0104CEJ POMOCY I MSZA \u015aWI\u0118TA<\/p>\n<p>&nbsp;<\/p>\n<p><b>Czwartek 21 wrzesie\u0144 2017,\u00a0\u015bw. Mateusza aposto\u0142a i ewangelisty &#8211; \u015bwi\u0119to<\/b><\/p>\n<p>7.00\u00a0+ Alicj\u0119 KO\u0141OSOWSK\u0104 \u2013 gregoria\u0144ska 21<\/p>\n<p>8.00:\u00a01. + rodzic\u00f3w i rodze\u0144stwo 2. + Dyrektora 50 LO im. Ruy Barbosy Andrzeja Dubielaka<\/p>\n<p>18.00\u00a0+ Czes\u0142awa RACZKOWSKIEGO w 39 r. \u015bm., za rodzic\u00f3w RACZKOWSKICH i NAWROCKICH, za rodze\u0144stwo oraz ks. Zygmunta NAWROCKIEGO<\/p>\n<p>&nbsp;<\/p>\n<p><b>Pi\u0105tek, 22 wrzesie\u0144 2017<\/b><\/p>\n<p>7.00\u00a0Intencja dzi\u0119kczynna z racji 45 rocznicy urodzin Moniki J\u0118DRUSIAK z pro\u015bb\u0105 o dalsze b\u0142og. Bo\u017ce i potrzebne \u0142aski<\/p>\n<p>8.00\u00a0+ Mari\u0119 w 33 r. \u015bm., Paw\u0142a, Wojciecha i Ann\u0119 KOKOT<\/p>\n<p>18.00\u00a0+ Alicj\u0119 KO\u0141OSOWSK\u0104 \u2013 gregoria\u0144ska 22<\/p>\n<p>&nbsp;<\/p>\n<p><b>Sobota 23 wrzesie\u0144 2017,\u00a0\u015bw. o. Pio z Pietrelciny\u2013 wspomnienie<\/b><\/p>\n<p>7.00\u00a0+ Mieczys\u0142awa SZCZE\u015aNIAKA w 17 r. \u015bm., Alicj\u0119 i Stefana SK\u0141ODOWSKICH, Rozali\u0119 i Boles\u0142awa BORYCHOWSKICH<\/p>\n<p>8.00\u00a0O Bo\u017ce b\u0142og. dla Moniki i Marcina DR\u0104GOWSKICH w 12 r. \u015blubu oraz ich dzieci Martyny w 10 r. ur. i Micha\u0142a w 6 r. ur.<\/p>\n<p>16.00\u00a0Msza \u015blubna: Agnieszka P\u0141ATEK \u2013 Pawe\u0142 KATYL<\/p>\n<p>17.00 Msza \u015blubna: Paulina GO\u0141ASIEWICZ \u2013 Dominik ADAMUS<\/p>\n<p>18.00\u00a0+ Alicj\u0119 KO\u0141OSOWSK\u0104 \u2013 gregoria\u0144ska 23<\/p>\n<p>&nbsp;<\/p>\n","protected":false},"excerpt":{"rendered":"<p>24 Niedziela Zwyk\u0142a,\u00a017 wrzesie\u0144 2017 7.00\u00a0+ Stanis\u0142awa GWIAZD\u0118, Franciszk\u0119 i Stanis\u0142awa JAROCKICH 8.30\u00a0+ O pok\u00f3j duszy i \u0142ask\u0119 nieba dla ma\u0142\u017conk\u00f3w Ireny i Franciszka w rocznic\u0119 ich \u015bmierci oraz o \u0142ask\u0119 \u017cycia wiecznego dla zmar\u0142ych z rodz. SAWICKICH i ZI\u0118TAR\u00d3W 10.00\u00a0+ Ignacego WI\u015aNIEWSKIEGO w 18 r. \u015bm. oraz za rodzic\u00f3w Edwarda i Stefani\u0119 OLKOWSKICH 11.00\u00a0+ [&hellip;]<\/p>\n","protected":false},"author":1,"featured_media":0,"comment_status":"closed","ping_status":"open","sticky":false,"template":"","format":"standard","meta":{"ngg_post_thumbnail":0,"footnotes":""},"categories":[6],"tags":[],"class_list":["post-754","post","type-post","status-publish","format-standard","hentry","category-intencje-mszalne"],"_links":{"self":[{"href":"https:\/\/mbloretanska.pl\/index.php?rest_route=\/wp\/v2\/posts\/754","targetHints":{"allow":["GET"]}}],"collection":[{"href":"https:\/\/mbloretanska.pl\/index.php?rest_route=\/wp\/v2\/posts"}],"about":[{"href":"https:\/\/mbloretanska.pl\/index.php?rest_route=\/wp\/v2\/types\/post"}],"author":[{"embeddable":true,"href":"https:\/\/mbloretanska.pl\/index.php?rest_route=\/wp\/v2\/users\/1"}],"replies":[{"embeddable":true,"href":"https:\/\/mbloretanska.pl\/index.php?rest_route=%2Fwp%2Fv2%2Fcomments&post=754"}],"version-history":[{"count":3,"href":"https:\/\/mbloretanska.pl\/index.php?rest_route=\/wp\/v2\/posts\/754\/revisions"}],"predecessor-version":[{"id":757,"href":"https:\/\/mbloretanska.pl\/index.php?rest_route=\/wp\/v2\/posts\/754\/revisions\/757"}],"wp:attachment":[{"href":"https:\/\/mbloretanska.pl\/index.php?rest_route=%2Fwp%2Fv2%2Fmedia&parent=754"}],"wp:term":[{"taxonomy":"category","embeddable":true,"href":"https:\/\/mbloretanska.pl\/index.php?rest_route=%2Fwp%2Fv2%2Fcategories&post=754"},{"taxonomy":"post_tag","embeddable":true,"href":"https:\/\/mbloretanska.pl\/index.php?rest_route=%2Fwp%2Fv2%2Ftags&post=754"}],"curies":[{"name":"wp","href":"https:\/\/api.w.org\/{rel}","templated":true}]}}