{"id":691,"date":"2017-08-19T17:07:24","date_gmt":"2017-08-19T15:07:24","guid":{"rendered":"http:\/\/mbloretanska.pl\/?p=691"},"modified":"2017-08-19T17:07:24","modified_gmt":"2017-08-19T15:07:24","slug":"20-niedziela-zwykla-20-08-2017","status":"publish","type":"post","link":"https:\/\/mbloretanska.pl\/?p=691","title":{"rendered":"20 niedziela zwyk\u0142a, 20.08.2017"},"content":{"rendered":"<ol>\n<li>Dzisiaj po Mszach \u015bw. zbi\u00f3rka do puszek na pomoc w odrestaurowaniu Katedry Diecezji Zielonog\u00f3rsko-Gorzowskiej, kt\u00f3ra ucierpia\u0142a w czasie po\u017caru 1 lipca 2017 r.<\/li>\n<li>W czwartek 24.08 \u015bwi\u0119to \u015bw. Bart\u0142omieja Aposto\u0142a, a w sobot\u0119 26.08 Uroczysto\u015b\u0107 NMP Cz\u0119stochowskiej. Msze \u015bw. w naszym ko\u015bciele o godz. 7.00, 8.00 i 18.00.<\/li>\n<li>Wsp\u00f3lnota Legionu Maryi organizuje wsp\u00f3ln\u0105 dla praskich parafii autokarow\u0105 pielgrzymk\u0119 na Jasn\u0105 G\u00f3r\u0119. Wyjazd w sobot\u0119 9 wrze\u015bnia o godz. 5.00 rano z przed katedry \u015bw. Floriana. Koszt pielgrzymki 50 z\u0142. Bli\u017csze informacje i zapisy pod numerem telefonu 516-170-192. Zapraszamy i zach\u0119camy do udzia\u0142u.<\/li>\n<li>Naszym dzisiejszym go\u015bciom ojcom Franciszkanom z Niepokalanowa bardzo dzi\u0119kujemy za pi\u0119kne spotkanie z Matk\u0105 Bo\u017c\u0105 Fatimsk\u0105 i \u015bw. Maksymilianem Kolbe. Zach\u0119camy do uczczenia relikwii \u015bw. Maksymiliana i przyj\u0119cia Cudownego Medalika.<\/li>\n<li>W tygodniku \u201eIdziemy\u201d znajdziemy artyku\u0142 o. Jaca Salija o kondycji polskiej inteligencji, reporta\u017c o wyj\u0105tkowych \u015bwi\u0105tyniach Podhala oraz ciekaw\u0105 lektur\u0119 duchow\u0105. Wychodz\u0105c z ko\u015bcio\u0142a we\u017amy te\u017c do domu dzisiejsze teksty S\u0142owa Bo\u017cego, wraz z modlitw\u0105 do \u015bw. Micha\u0142a Archanio\u0142a.<\/li>\n<li>Wszystkim naszym parafianom i go\u015bciom, \u017cyczymy udanej niedzieli oraz dobrego i b\u0142ogos\u0142awionego tygodnia.<\/li>\n<li>Czarek ko\u0144czy w tym tygodniu 3 letni\u0105 prac\u0119 duszpastersk\u0105 w naszej parafii. Bardzo serdecznie mu dzi\u0119kujemy za wszystkie owoce kap\u0142a\u0144skiej s\u0142u\u017cby: za jego rozmodlenie, pi\u0119kne \u015bpiewy, nowenn\u0119 do MB Nieustaj\u0105cej Pomocy, za wielk\u0105 kultur\u0119 w liturgii i w zwyk\u0142ych codziennych sprawach. W przede dniu imienin, kt\u00f3re obchodzi 22 sierpnia \u017cyczymy mu wielu \u0142ask Bo\u017cych, zdrowia, prawdziwych przyjaci\u00f3\u0142 oraz ludzkiej \u017cyczliwo\u015bci w parafii Mi\u0142osierdzia Bo\u017cego na ul. Ate\u0144skiej.<\/li>\n<\/ol>\n","protected":false},"excerpt":{"rendered":"<p>Dzisiaj po Mszach \u015bw. zbi\u00f3rka do puszek na pomoc w odrestaurowaniu Katedry Diecezji Zielonog\u00f3rsko-Gorzowskiej, kt\u00f3ra ucierpia\u0142a w czasie po\u017caru 1 lipca 2017 r. W czwartek 24.08 \u015bwi\u0119to \u015bw. Bart\u0142omieja Aposto\u0142a, a w sobot\u0119 26.08 Uroczysto\u015b\u0107 NMP Cz\u0119stochowskiej. Msze \u015bw. w naszym ko\u015bciele o godz. 7.00, 8.00 i 18.00. Wsp\u00f3lnota Legionu Maryi organizuje wsp\u00f3ln\u0105 dla praskich [&hellip;]<\/p>\n","protected":false},"author":1,"featured_media":0,"comment_status":"closed","ping_status":"open","sticky":false,"template":"","format":"standard","meta":{"ngg_post_thumbnail":0,"footnotes":""},"categories":[3],"tags":[],"class_list":["post-691","post","type-post","status-publish","format-standard","hentry","category-ogloszenia-duszpasterskie"],"_links":{"self":[{"href":"https:\/\/mbloretanska.pl\/index.php?rest_route=\/wp\/v2\/posts\/691","targetHints":{"allow":["GET"]}}],"collection":[{"href":"https:\/\/mbloretanska.pl\/index.php?rest_route=\/wp\/v2\/posts"}],"about":[{"href":"https:\/\/mbloretanska.pl\/index.php?rest_route=\/wp\/v2\/types\/post"}],"author":[{"embeddable":true,"href":"https:\/\/mbloretanska.pl\/index.php?rest_route=\/wp\/v2\/users\/1"}],"replies":[{"embeddable":true,"href":"https:\/\/mbloretanska.pl\/index.php?rest_route=%2Fwp%2Fv2%2Fcomments&post=691"}],"version-history":[{"count":1,"href":"https:\/\/mbloretanska.pl\/index.php?rest_route=\/wp\/v2\/posts\/691\/revisions"}],"predecessor-version":[{"id":692,"href":"https:\/\/mbloretanska.pl\/index.php?rest_route=\/wp\/v2\/posts\/691\/revisions\/692"}],"wp:attachment":[{"href":"https:\/\/mbloretanska.pl\/index.php?rest_route=%2Fwp%2Fv2%2Fmedia&parent=691"}],"wp:term":[{"taxonomy":"category","embeddable":true,"href":"https:\/\/mbloretanska.pl\/index.php?rest_route=%2Fwp%2Fv2%2Fcategories&post=691"},{"taxonomy":"post_tag","embeddable":true,"href":"https:\/\/mbloretanska.pl\/index.php?rest_route=%2Fwp%2Fv2%2Ftags&post=691"}],"curies":[{"name":"wp","href":"https:\/\/api.w.org\/{rel}","templated":true}]}}