{"id":673,"date":"2017-08-05T22:56:19","date_gmt":"2017-08-05T20:56:19","guid":{"rendered":"http:\/\/mbloretanska.pl\/?p=673"},"modified":"2017-08-05T22:56:19","modified_gmt":"2017-08-05T20:56:19","slug":"przemienienie-panskie-06-08-2017","status":"publish","type":"post","link":"https:\/\/mbloretanska.pl\/?p=673","title":{"rendered":"Przemienienie pa\u0144skie, 06.08.2017"},"content":{"rendered":"<ol>\n<li>Dzi\u015b z racji I niedzieli miesi\u0105ca\u00a0 zapraszamy na Nabo\u017ce\u0144stwo Eucharystyczne o godz. 17.30.<\/li>\n<li>We wtorek 8 sierpnia o godz. 16.30 spotkanie parafialnego ko\u0142a Przyjaci\u00f3\u0142 Radia Maryja. O godz. 18.00 Msza \u015bw. w intencjach ko\u0142a.<\/li>\n<li>Z okazji 100-lecia objawie\u0144 w Fatimie jak r\u00f3wnie\u017c 100-lecia za\u0142o\u017cenia przez \u015bw. Maksymiliana Rycerstwa Niepokalanej za dwa tygodnie, w niedziel\u0119 20 sierpnia b\u0119dziemy go\u015bci\u0107 w naszej parafii Franciszkan\u00f3w z Niepokalanowa. Przybli\u017c\u0105 nam Osob\u0119 \u015bw. Maksymiliana Marii Kolbego, wielkiego czciciela Maryi Niepokalanej. Po Mszach \u015bw. b\u0119dzie mo\u017cna uczci\u0107 relikwie \u015bw. Maksymiliana, oraz naby\u0107 od braci Cudowny Medalik, kt\u00f3ry Maryja da\u0142a \u015bwiatu podczas objawie\u0144 \u015bw. Katarzynie Laboure. Z noszeniem tego medalika zwi\u0105zane s\u0105 wielkie \u0142aski wypraszane u Boga przez Maryj\u0119. To wszystko za dwa tygodnie w niedziel\u0119 20 sierpnia.<\/li>\n<li>Od 1 sierpnia zmieni\u0142y si\u0119 godziny pracy naszej kancelarii parafialnej. Informacje o nowych godzinach pracy kancelarii znajduj\u0105 si\u0119 na kartkach na stoliku przed domkiem loreta\u0144skim, oraz na stronie internetowej parafii.<\/li>\n<li>W naszym ko\u015bciele nowenna do Matki Bo\u017cej Nieustaj\u0105cej Pomocy w \u015brod\u0119 o 17.45, adoracja Naj\u015bwi\u0119tszego Sakramentu w czwartek od 8.30 do 12.00, koronka do Mi\u0142osierdzia Bo\u017cego w pi\u0105tek o godz. 17.00, a wsp\u00f3lny r\u00f3\u017caniec codziennie poza niedziel\u0105 w domku loreta\u0144skim o godz. 8.30.<\/li>\n<li>Od 1 wrze\u015bnia b\u0119dzie ju\u017c dost\u0119pna ksi\u0105\u017cka intencji mszalnych na przysz\u0142y rok 2018. Wtedy b\u0119dziemy mogli zamawia\u0107 intencje Mszy \u015bwi\u0119tych na kolejny rok. Wyj\u0105tkiem s\u0105 \u015bluby, kt\u00f3rych terminy mo\u017cna i trzeba rezerwowa\u0107 z wyprzedzeniem czasowym.<\/li>\n<li>Obok tygodnika \u201eIdziemy\u201d s\u0105 teksty S\u0142owa Bo\u017cego. We\u017amy je wychodz\u0105c z ko\u015bcio\u0142a, aby po Mszy \u015bw. jeszcze do nich zajrze\u0107. W tygodniku \u201eIdziemy\u201d znajdziemy ciekawe informacje i dobr\u0105 lektur\u0119 duchow\u0105.<\/li>\n<li>Wszystkim naszym parafianom i go\u015bciom, a tak\u017ce pielgrzymom pod\u0105\u017caj\u0105cym na Jasn\u0105 G\u00f3r\u0119 \u017cyczymy mi\u0142ej, udanej niedzieli oraz dobrego i b\u0142ogos\u0142awionego tygodnia.<\/li>\n<\/ol>\n","protected":false},"excerpt":{"rendered":"<p>Dzi\u015b z racji I niedzieli miesi\u0105ca\u00a0 zapraszamy na Nabo\u017ce\u0144stwo Eucharystyczne o godz. 17.30. We wtorek 8 sierpnia o godz. 16.30 spotkanie parafialnego ko\u0142a Przyjaci\u00f3\u0142 Radia Maryja. O godz. 18.00 Msza \u015bw. w intencjach ko\u0142a. Z okazji 100-lecia objawie\u0144 w Fatimie jak r\u00f3wnie\u017c 100-lecia za\u0142o\u017cenia przez \u015bw. Maksymiliana Rycerstwa Niepokalanej za dwa tygodnie, w niedziel\u0119 20 [&hellip;]<\/p>\n","protected":false},"author":1,"featured_media":0,"comment_status":"closed","ping_status":"open","sticky":false,"template":"","format":"standard","meta":{"ngg_post_thumbnail":0,"footnotes":""},"categories":[3],"tags":[],"class_list":["post-673","post","type-post","status-publish","format-standard","hentry","category-ogloszenia-duszpasterskie"],"_links":{"self":[{"href":"https:\/\/mbloretanska.pl\/index.php?rest_route=\/wp\/v2\/posts\/673","targetHints":{"allow":["GET"]}}],"collection":[{"href":"https:\/\/mbloretanska.pl\/index.php?rest_route=\/wp\/v2\/posts"}],"about":[{"href":"https:\/\/mbloretanska.pl\/index.php?rest_route=\/wp\/v2\/types\/post"}],"author":[{"embeddable":true,"href":"https:\/\/mbloretanska.pl\/index.php?rest_route=\/wp\/v2\/users\/1"}],"replies":[{"embeddable":true,"href":"https:\/\/mbloretanska.pl\/index.php?rest_route=%2Fwp%2Fv2%2Fcomments&post=673"}],"version-history":[{"count":1,"href":"https:\/\/mbloretanska.pl\/index.php?rest_route=\/wp\/v2\/posts\/673\/revisions"}],"predecessor-version":[{"id":674,"href":"https:\/\/mbloretanska.pl\/index.php?rest_route=\/wp\/v2\/posts\/673\/revisions\/674"}],"wp:attachment":[{"href":"https:\/\/mbloretanska.pl\/index.php?rest_route=%2Fwp%2Fv2%2Fmedia&parent=673"}],"wp:term":[{"taxonomy":"category","embeddable":true,"href":"https:\/\/mbloretanska.pl\/index.php?rest_route=%2Fwp%2Fv2%2Fcategories&post=673"},{"taxonomy":"post_tag","embeddable":true,"href":"https:\/\/mbloretanska.pl\/index.php?rest_route=%2Fwp%2Fv2%2Ftags&post=673"}],"curies":[{"name":"wp","href":"https:\/\/api.w.org\/{rel}","templated":true}]}}