{"id":645,"date":"2017-07-30T00:11:47","date_gmt":"2017-07-29T22:11:47","guid":{"rendered":"http:\/\/mbloretanska.pl\/?p=645"},"modified":"2017-07-30T00:11:47","modified_gmt":"2017-07-29T22:11:47","slug":"zapowiedzi-przedmalzenskie-z-dnia-30-07-2017","status":"publish","type":"post","link":"https:\/\/mbloretanska.pl\/?p=645","title":{"rendered":"Zapowiedzi przedma\u0142\u017ce\u0144skie z dnia 30.07.2017"},"content":{"rendered":"<p><strong>Zapowiedzi przedma\u0142\u017ce\u0144skie w parafii Matki Bo\u017cej Loreta\u0144skiej w Warszawie z dnia 30 lipca 2017<\/strong><\/p>\n<p>W najbli\u017cszym czasie sakramentalny zwi\u0105zek ma\u0142\u017ce\u0144ski maj\u0105 zamiar zawrze\u0107 nast\u0119puj\u0105ce osoby:<\/p>\n<ol>\n<li>Rados\u0142aw BORCZON, kawaler z par. tut. oraz Justyna Joanna TARNOWSKA, panna z par. M.B. Nieustaj\u0105cej Pomocy<br \/>\nw Grodzisku Mazowieckim \u2013 zapowied\u017a druga.<\/li>\n<li>Arkadiusz Mateusz SAR oraz Katarzyna KOWALCZYK oboje z par. tut. \u2013 zapowied\u017a druga.<\/li>\n<li>Piotr WOJTKOWSKI, kawaler z par. tut. oraz Karolina MIELECKA, panna z par. \u015bw. Stanis\u0142awa B.M. w Siedlcach \u2013 zapowied\u017a druga.<\/li>\n<li>Marek SPOCZY\u0143SKI, kawaler z par. tut. oraz Joanna KOWALCZYK, panna z par. \u015bw. Stanis\u0142awa Biskupa w Dobrzykowie \u2013 zapowied\u017a pierwsza.<\/li>\n<li>Adrian Piotr TROJANEK, kawaler z par. tut. oraz Dorota Ma\u0142gorzata G\u0104SIEWSKA, panna z par. \u015bw. Stanis\u0142awa B.M.<br \/>\nw Postoliskach \u2013 zapowied\u017a pierwsza.<\/li>\n<li>Maciej MARCZAK, kawaler z par. \u015bw. Rodziny w Warszawie oraz Aleksandra Sylwia \u0141OPACKA, panna z par. tut.- zapowied\u017a pierwsza.<\/li>\n<li>Stanis\u0142aw Jan FRANCZAK, kawaler z par. tut. oraz Agata Justyna NANKIEWICZ, panna z par.tut. \u2013 zapowied\u017a pierwsza.<\/li>\n<\/ol>\n<p>Polecamy tych narzeczonych modlitwie wiernych. Je\u015bli kto\u015b zna przeszkody miedzy tymi osobami istniej\u0105ce zobowi\u0105zany jest<br \/>\nw sumieniu o zg\u0142oszenie tego do kancelarii parafialnej.<\/p>\n","protected":false},"excerpt":{"rendered":"<p>Zapowiedzi przedma\u0142\u017ce\u0144skie w parafii Matki Bo\u017cej Loreta\u0144skiej w Warszawie z dnia 30 lipca 2017 W najbli\u017cszym czasie sakramentalny zwi\u0105zek ma\u0142\u017ce\u0144ski maj\u0105 zamiar zawrze\u0107 nast\u0119puj\u0105ce osoby: Rados\u0142aw BORCZON, kawaler z par. tut. oraz Justyna Joanna TARNOWSKA, panna z par. M.B. Nieustaj\u0105cej Pomocy w Grodzisku Mazowieckim \u2013 zapowied\u017a druga. Arkadiusz Mateusz SAR oraz Katarzyna KOWALCZYK oboje z [&hellip;]<\/p>\n","protected":false},"author":1,"featured_media":0,"comment_status":"closed","ping_status":"open","sticky":false,"template":"","format":"standard","meta":{"ngg_post_thumbnail":0,"footnotes":""},"categories":[3],"tags":[],"class_list":["post-645","post","type-post","status-publish","format-standard","hentry","category-ogloszenia-duszpasterskie"],"_links":{"self":[{"href":"https:\/\/mbloretanska.pl\/index.php?rest_route=\/wp\/v2\/posts\/645","targetHints":{"allow":["GET"]}}],"collection":[{"href":"https:\/\/mbloretanska.pl\/index.php?rest_route=\/wp\/v2\/posts"}],"about":[{"href":"https:\/\/mbloretanska.pl\/index.php?rest_route=\/wp\/v2\/types\/post"}],"author":[{"embeddable":true,"href":"https:\/\/mbloretanska.pl\/index.php?rest_route=\/wp\/v2\/users\/1"}],"replies":[{"embeddable":true,"href":"https:\/\/mbloretanska.pl\/index.php?rest_route=%2Fwp%2Fv2%2Fcomments&post=645"}],"version-history":[{"count":1,"href":"https:\/\/mbloretanska.pl\/index.php?rest_route=\/wp\/v2\/posts\/645\/revisions"}],"predecessor-version":[{"id":646,"href":"https:\/\/mbloretanska.pl\/index.php?rest_route=\/wp\/v2\/posts\/645\/revisions\/646"}],"wp:attachment":[{"href":"https:\/\/mbloretanska.pl\/index.php?rest_route=%2Fwp%2Fv2%2Fmedia&parent=645"}],"wp:term":[{"taxonomy":"category","embeddable":true,"href":"https:\/\/mbloretanska.pl\/index.php?rest_route=%2Fwp%2Fv2%2Fcategories&post=645"},{"taxonomy":"post_tag","embeddable":true,"href":"https:\/\/mbloretanska.pl\/index.php?rest_route=%2Fwp%2Fv2%2Ftags&post=645"}],"curies":[{"name":"wp","href":"https:\/\/api.w.org\/{rel}","templated":true}]}}