{"id":642,"date":"2017-07-30T00:08:40","date_gmt":"2017-07-29T22:08:40","guid":{"rendered":"http:\/\/mbloretanska.pl\/?p=642"},"modified":"2017-07-30T00:38:29","modified_gmt":"2017-07-29T22:38:29","slug":"17-niedziela-zwykla-30-lipca-2017","status":"publish","type":"post","link":"https:\/\/mbloretanska.pl\/?p=642","title":{"rendered":"17 NIEDZIELA ZWYK\u0141A 30.07.2017"},"content":{"rendered":"<ol>\n<li>We wtorek 1 sierpnia przypada 73 rocznica wybuchu Powstania Warszawskiego. Zgodnie z\u00a0wieloletni\u0105 ju\u017c tradycj\u0105 we wszystkich warszawskich \u015bwi\u0105tyniach o\u00a0godzinie 17.00, w\u00a0godzinie \u201eW\u201d zabrzmi\u0105 dzwony, aby odda\u0107 ho\u0142d poleg\u0142ym w\u00a0Powstaniu \u017co\u0142nierzom i\u00a0mieszka\u0144com Miasta. O godzinie 18.00 w\u00a0Katedrze \u015aw. Micha\u0142a Archanio\u0142a i\u00a0\u015bw. Floriana M\u0119czennika ks. abp Henryk Hoser b\u0119dzie celebrowa\u0142 Msz\u0119 \u015awi\u0119t\u0105 w\u00a0intencji poleg\u0142ych i\u00a0pomordowanych w\u00a0trakcie Powstania Warszawskiego oraz w\u00a0odwecie za bohaterski zryw walcz\u0105cej Stolicy.<\/li>\n<li>Od 1 sierpnia zmieniaj\u0105 si\u0119 godziny pracy naszej kancelarii parafialnej. Informacje o nowych godzinach pracy kancelarii znajduj\u0105 si\u0119 na kartkach na stoliku przed domkiem loreta\u0144skim.<\/li>\n<li>Zapraszamy do wsp\u00f3lnej modlitwy w naszym ko\u015bciele. Nowenna do Matki Bo\u017cej Nieustaj\u0105cej Pomocy w \u015brod\u0119 o 17.45. Adoracja Naj\u015bwi\u0119tszego Sakramentu w czwartek od 8.30 do 12.00. Koronka do Mi\u0142osierdzia Bo\u017cego w pi\u0105tek o godz. 17.00. Wsp\u00f3lny r\u00f3\u017caniec codziennie poza niedziel\u0105 w domku loreta\u0144skim o godz. 8.30.<\/li>\n<li>Od 1 wrze\u015bnia tego roku b\u0119dzie ju\u017c dost\u0119pna ksi\u0105\u017cka intencji mszalnych na przysz\u0142y rok 2018. Wtedy b\u0119dziemy mogli zamawia\u0107 intencje Mszy \u015bwi\u0119tych na kolejny rok. Wyj\u0105tkiem s\u0105 \u015bluby, kt\u00f3rych terminy mo\u017cna i trzeba rezerwowa\u0107 z wyprzedzeniem czasowym.<\/li>\n<li>Pielgrzym\u00f3w wybieraj\u0105cych si\u0119 na Jasn\u0105 G\u00f3r\u0119, a jeszcze niezdecydowanych ks. Jarek nasz wikariusz serdecznie zaprasza na WAPM do grupy fioletowej, Ks. Jarek jest przewodnikiem grupy fioletowej, a zawsze \u0142atwiej idzie si\u0119 z kim\u015b znajomym. Szczeg\u00f3\u0142y znajdziemy na plakacie umieszczonym w gablocie.<\/li>\n<li>Obok tygodnika \u201eIdziemy\u201d s\u0105 teksty S\u0142owa Bo\u017cego. We\u017amy je wychodz\u0105c z ko\u015bcio\u0142a, aby po Mszy \u015bw. jeszcze do nich zajrze\u0107. W tygodniku \u201eIdziemy\u201d znajdziemy ciekawe informacje i dobr\u0105 lektur\u0119 duchow\u0105.<\/li>\n<li>Wszystkim naszym parafianom i go\u015bciom pracuj\u0105cym i odpoczywaj\u0105cym w Warszawie \u017cyczymy mi\u0142ej, udanej niedzieli oraz dobrego i b\u0142ogos\u0142awionego tygodnia.<\/li>\n<\/ol>\n<hr \/>\n<p style=\"text-align: center;\"><span style=\"color: #ff0000;\">Uwaga, zmiana godzin otwarcia kancelarii parafialnej:<br \/>\n<\/span><\/p>\n<p style=\"text-align: center;\"><span style=\"color: #000000;\"><strong>do 31 lipca 2017<\/strong><\/span><br \/>\nod pon. do pt.: 11.00 \u2013 12.00 \u00a0i 16.00 \u2013 18.00<\/p>\n<p style=\"text-align: center;\"><strong>od 1 sierpnia 2017<\/strong><br \/>\nPoniedzia\u0142ek \u00a010.00 \u2013 11.00, 16.00 \u2013 17.45, 19.00 \u2013 20.00<br \/>\nWtorek kancelaria nieczynna<br \/>\n\u015aroda \u00a010.00 \u2013 11.00, 16.00 \u2013 17.45<br \/>\nCzwartek \u00a010.00 \u2013 11.00, 16.00 \u2013 17.45, 19.00 \u2013 20.00<br \/>\nPi\u0105tek, 10.00 \u2013 11.00 16.00 \u2013 17.45<br \/>\n\/ w pierwsze pi\u0105tki miesi\u0105ca kancelaria nieczynna \/<\/p>\n","protected":false},"excerpt":{"rendered":"<p>We wtorek 1 sierpnia przypada 73 rocznica wybuchu Powstania Warszawskiego. Zgodnie z\u00a0wieloletni\u0105 ju\u017c tradycj\u0105 we wszystkich warszawskich \u015bwi\u0105tyniach o\u00a0godzinie 17.00, w\u00a0godzinie \u201eW\u201d zabrzmi\u0105 dzwony, aby odda\u0107 ho\u0142d poleg\u0142ym w\u00a0Powstaniu \u017co\u0142nierzom i\u00a0mieszka\u0144com Miasta. O godzinie 18.00 w\u00a0Katedrze \u015aw. Micha\u0142a Archanio\u0142a i\u00a0\u015bw. Floriana M\u0119czennika ks. abp Henryk Hoser b\u0119dzie celebrowa\u0142 Msz\u0119 \u015awi\u0119t\u0105 w\u00a0intencji poleg\u0142ych i\u00a0pomordowanych w\u00a0trakcie Powstania [&hellip;]<\/p>\n","protected":false},"author":1,"featured_media":0,"comment_status":"closed","ping_status":"open","sticky":false,"template":"","format":"standard","meta":{"ngg_post_thumbnail":0,"footnotes":""},"categories":[3],"tags":[],"class_list":["post-642","post","type-post","status-publish","format-standard","hentry","category-ogloszenia-duszpasterskie"],"_links":{"self":[{"href":"https:\/\/mbloretanska.pl\/index.php?rest_route=\/wp\/v2\/posts\/642","targetHints":{"allow":["GET"]}}],"collection":[{"href":"https:\/\/mbloretanska.pl\/index.php?rest_route=\/wp\/v2\/posts"}],"about":[{"href":"https:\/\/mbloretanska.pl\/index.php?rest_route=\/wp\/v2\/types\/post"}],"author":[{"embeddable":true,"href":"https:\/\/mbloretanska.pl\/index.php?rest_route=\/wp\/v2\/users\/1"}],"replies":[{"embeddable":true,"href":"https:\/\/mbloretanska.pl\/index.php?rest_route=%2Fwp%2Fv2%2Fcomments&post=642"}],"version-history":[{"count":5,"href":"https:\/\/mbloretanska.pl\/index.php?rest_route=\/wp\/v2\/posts\/642\/revisions"}],"predecessor-version":[{"id":654,"href":"https:\/\/mbloretanska.pl\/index.php?rest_route=\/wp\/v2\/posts\/642\/revisions\/654"}],"wp:attachment":[{"href":"https:\/\/mbloretanska.pl\/index.php?rest_route=%2Fwp%2Fv2%2Fmedia&parent=642"}],"wp:term":[{"taxonomy":"category","embeddable":true,"href":"https:\/\/mbloretanska.pl\/index.php?rest_route=%2Fwp%2Fv2%2Fcategories&post=642"},{"taxonomy":"post_tag","embeddable":true,"href":"https:\/\/mbloretanska.pl\/index.php?rest_route=%2Fwp%2Fv2%2Ftags&post=642"}],"curies":[{"name":"wp","href":"https:\/\/api.w.org\/{rel}","templated":true}]}}