{"id":6383,"date":"2026-04-28T08:57:59","date_gmt":"2026-04-28T06:57:59","guid":{"rendered":"https:\/\/mbloretanska.pl\/?p=6383"},"modified":"2026-04-28T09:14:29","modified_gmt":"2026-04-28T07:14:29","slug":"sakrament-bierzmowania-spowiedz-proba-i-uroczystosc","status":"publish","type":"post","link":"https:\/\/mbloretanska.pl\/?p=6383","title":{"rendered":"Sakrament Bierzmowania, spowied\u017a, pr\u00f3ba i uroczysto\u015b\u0107."},"content":{"rendered":"<section  class='av_textblock_section av-moi9wfxf-eb5084c1f43ed89ebaf8597c36795b06 '   itemscope=\"itemscope\" itemtype=\"https:\/\/schema.org\/BlogPosting\" itemprop=\"blogPost\" ><div class='avia_textblock'  itemprop=\"text\" ><p style=\"text-align: center;\">Przed Sakramentem Bierzmowania zapraszamy <strong><span style=\"text-decoration: underline;\">do spowiedzi<\/span> w dniu 1 maja od godziny 17.00.<\/strong><\/p>\n<p style=\"text-align: center;\">R\u00f3wnie\u017c <strong>1 maja po Mszy \u015aw. wieczornej o 18.00<\/strong> przeprowadzimy <span style=\"text-decoration: underline;\"><strong>pr\u00f3b\u0119 ceremonii<\/strong><\/span>.<\/p>\n<p style=\"text-align: center;\"><span style=\"text-decoration: underline;\"><span style=\"color: #000080; text-decoration: underline;\"><strong>G\u0142\u00f3wna uroczysto\u015b\u0107 Sakramentu Bierzmowania odb\u0119dzie si\u0119<\/strong> <strong>23 maja o godz 12.00<\/strong>.<\/span><\/span><\/p>\n<p><span style=\"color: #000000;\">Zg\u0142oszenia przyjmowa\u0142 ks. Pawe\u0142 Kondracki do 29 czerwca 2025. Wraz z wype\u0142nion\u0105 <a style=\"color: #000000;\" href=\"https:\/\/mbloretanska.pl\/wp-content\/uploads\/2025\/06\/DEKLARACJA-KANDYDATA-do-BIERZMOWANIA-2025.pdf\">deklaracj\u0105 (do wydrukowania)<\/a> nale\u017cy dostarczy\u0107 akt chrztu (je\u015bli chrzest odby\u0142 si\u0119 poza nasz\u0105 parafi\u0105) oraz zgod\u0119 z parafii miejsca zamieszkania (w przypadku kandydat\u00f3w spoza naszej parafii).<\/span><\/p>\n<div style=\"text-align: center;\"><span style=\"color: #000000;\"><strong>Wy\u015bwietl, wydrukuj lub pobierz deklaracj\u0119 tutaj:<\/strong><\/span><br \/>\n<span style=\"color: #000000;\"> &gt;&gt;&gt; <a style=\"color: #000000;\" href=\"https:\/\/mbloretanska.pl\/wp-content\/uploads\/2025\/06\/DEKLARACJA-KANDYDATA-do-BIERZMOWANIA-2025.pdf\">DEKLARACJA KANDYDATA do BIERZMOWANIA 2025<\/a> &lt;&lt;&lt;<\/span><\/div>\n<div>&nbsp;<\/div>\n<div><span style=\"color: #d6d6d6;\">&nbsp;<\/span><\/div>\n<div><b>Osob\u0105 odpowiedzialn\u0105 za przygotowanie do tego sakramentu jest ks. Pawe\u0142 Kondracki.<\/b><\/div>\n<\/div><\/section>\n","protected":false},"excerpt":{"rendered":"","protected":false},"author":1,"featured_media":2694,"comment_status":"closed","ping_status":"closed","sticky":false,"template":"","format":"standard","meta":{"ngg_post_thumbnail":0,"footnotes":""},"categories":[1],"tags":[],"class_list":["post-6383","post","type-post","status-publish","format-standard","has-post-thumbnail","hentry","category-aktualnosci"],"_links":{"self":[{"href":"https:\/\/mbloretanska.pl\/index.php?rest_route=\/wp\/v2\/posts\/6383","targetHints":{"allow":["GET"]}}],"collection":[{"href":"https:\/\/mbloretanska.pl\/index.php?rest_route=\/wp\/v2\/posts"}],"about":[{"href":"https:\/\/mbloretanska.pl\/index.php?rest_route=\/wp\/v2\/types\/post"}],"author":[{"embeddable":true,"href":"https:\/\/mbloretanska.pl\/index.php?rest_route=\/wp\/v2\/users\/1"}],"replies":[{"embeddable":true,"href":"https:\/\/mbloretanska.pl\/index.php?rest_route=%2Fwp%2Fv2%2Fcomments&post=6383"}],"version-history":[{"count":2,"href":"https:\/\/mbloretanska.pl\/index.php?rest_route=\/wp\/v2\/posts\/6383\/revisions"}],"predecessor-version":[{"id":6387,"href":"https:\/\/mbloretanska.pl\/index.php?rest_route=\/wp\/v2\/posts\/6383\/revisions\/6387"}],"wp:featuredmedia":[{"embeddable":true,"href":"https:\/\/mbloretanska.pl\/index.php?rest_route=\/wp\/v2\/media\/2694"}],"wp:attachment":[{"href":"https:\/\/mbloretanska.pl\/index.php?rest_route=%2Fwp%2Fv2%2Fmedia&parent=6383"}],"wp:term":[{"taxonomy":"category","embeddable":true,"href":"https:\/\/mbloretanska.pl\/index.php?rest_route=%2Fwp%2Fv2%2Fcategories&post=6383"},{"taxonomy":"post_tag","embeddable":true,"href":"https:\/\/mbloretanska.pl\/index.php?rest_route=%2Fwp%2Fv2%2Ftags&post=6383"}],"curies":[{"name":"wp","href":"https:\/\/api.w.org\/{rel}","templated":true}]}}