{"id":6379,"date":"2026-04-26T10:49:48","date_gmt":"2026-04-26T08:49:48","guid":{"rendered":"https:\/\/mbloretanska.pl\/?p=6379"},"modified":"2026-04-26T10:49:50","modified_gmt":"2026-04-26T08:49:50","slug":"intencje-mszalne-26-04-02-05-2026","status":"publish","type":"post","link":"https:\/\/mbloretanska.pl\/?p=6379","title":{"rendered":"intencje mszalne 26.04- 02.05.2026"},"content":{"rendered":"<section  class='av_textblock_section av-mofj0m5p-c26610a790c54a375f4e6547d76f6d04 '   itemscope=\"itemscope\" itemtype=\"https:\/\/schema.org\/BlogPosting\" itemprop=\"blogPost\" ><div class='avia_textblock'  itemprop=\"text\" ><table style=\"font-weight: 400;\" data-tablestyle=\"MsoTableGrid\" data-tablelook=\"1184\" aria-rowcount=\"37\">\n<tbody>\n<tr aria-rowindex=\"1\">\n<td colspan=\"2\" data-celllook=\"65536\"><span data-ccp-props=\"{&quot;201341983&quot;:0,&quot;335559740&quot;:360}\">&nbsp;<\/span><\/td>\n<\/tr>\n<tr aria-rowindex=\"2\">\n<td colspan=\"2\" data-celllook=\"0\">\n<p style=\"text-align: center;\"><b><span data-contrast=\"auto\">NIEDZIELA&nbsp;&nbsp;<\/span><\/b><span data-ccp-props=\"{&quot;201341983&quot;:0,&quot;335551550&quot;:2,&quot;335551620&quot;:2,&quot;335559740&quot;:360}\">&nbsp;<\/span><\/p>\n<p style=\"text-align: center;\"><b><span data-contrast=\"auto\">(26 kwietnia 2026 r.)<\/span><\/b><\/p>\n<\/td>\n<\/tr>\n<tr aria-rowindex=\"3\">\n<td data-celllook=\"0\"><b><span data-contrast=\"auto\">7:30<\/span><\/b><span data-ccp-props=\"{&quot;201341983&quot;:0,&quot;335551550&quot;:2,&quot;335551620&quot;:2,&quot;335559740&quot;:360}\">&nbsp;<\/span><\/td>\n<td data-celllook=\"0\"><span data-contrast=\"auto\">+ <\/span><span data-contrast=\"none\">Jerzego SZUMSKIEGO <\/span><span data-contrast=\"auto\">(greg. 25.)<\/span><span data-ccp-props=\"{&quot;201341983&quot;:0,&quot;335559740&quot;:360}\">&nbsp;<\/span><\/td>\n<\/tr>\n<tr aria-rowindex=\"4\">\n<td data-celllook=\"0\"><b><span data-contrast=\"auto\">9:00<\/span><\/b><span data-ccp-props=\"{&quot;201341983&quot;:0,&quot;335551550&quot;:2,&quot;335551620&quot;:2,&quot;335559740&quot;:360}\">&nbsp;<\/span><\/td>\n<td data-celllook=\"0\"><span data-contrast=\"none\">+ Stanis\u0142aw\u0119, Stanis\u0142awa, Helen\u0119 i Jana TOCHOLSKICH, <\/span>&nbsp;<br \/>\n<span data-contrast=\"none\">&nbsp;&nbsp; Janin\u0119 i Adama SZCZEPANIAK\u00d3W.<\/span><span data-ccp-props=\"{&quot;201341983&quot;:0,&quot;335559740&quot;:360,&quot;469777462&quot;:[788],&quot;469777927&quot;:[0],&quot;469777928&quot;:[1]}\">&nbsp;<\/span><\/td>\n<\/tr>\n<tr aria-rowindex=\"5\">\n<td data-celllook=\"0\"><b><span data-contrast=\"auto\">10:30<\/span><\/b><span data-ccp-props=\"{&quot;201341983&quot;:0,&quot;335559740&quot;:360}\">&nbsp;<\/span><\/td>\n<td data-celllook=\"0\">\n<ul>\n<li aria-setsize=\"-1\" data-leveltext=\"\uf0b7\" data-font=\"Symbol\" data-listid=\"13\" data-list-defn-props=\"{&quot;335552541&quot;:1,&quot;335559685&quot;:360,&quot;335559991&quot;:360,&quot;469769226&quot;:&quot;Symbol&quot;,&quot;469769242&quot;:[8226],&quot;469777803&quot;:&quot;left&quot;,&quot;469777804&quot;:&quot;\uf0b7&quot;,&quot;469777815&quot;:&quot;hybridMultilevel&quot;}\" data-aria-posinset=\"1\" data-aria-level=\"1\"><span data-contrast=\"auto\">Intencja dzi\u0119kczynna z okazji 38 r. urodzin Dominiki, z pro\u015bb\u0105 o Bo\u017ce b\u0142ogos\u0142., <\/span>&nbsp;<br \/>\n<span data-contrast=\"auto\">opiek\u0119 Matki Bo\u017cej Loreta\u0144skiej i potrzebne \u0142aski w dalszym \u017cyciu.&nbsp;&nbsp;<\/span><span data-ccp-props=\"{&quot;201341983&quot;:0,&quot;335559740&quot;:360}\">&nbsp;<\/span><\/li>\n<\/ul>\n<\/td>\n<\/tr>\n<tr aria-rowindex=\"6\">\n<td data-celllook=\"0\"><b><span data-contrast=\"auto\">12:00<\/span><\/b><span data-ccp-props=\"{&quot;201341983&quot;:0,&quot;335559740&quot;:360}\">&nbsp;<\/span><\/td>\n<td data-celllook=\"0\"><span data-contrast=\"auto\">+ Andrzeja i zmar\u0142ych z rodziny.<\/span><span data-ccp-props=\"{&quot;201341983&quot;:0,&quot;335559740&quot;:360}\">&nbsp;<\/span><\/p>\n<p><span data-contrast=\"auto\">+ Mieczys\u0142awa BORKOWSKIEGO.<\/span><span data-ccp-props=\"{&quot;201341983&quot;:0,&quot;335559740&quot;:360}\">&nbsp;<\/span><\/p>\n<p><span data-contrast=\"auto\">+ Urszul\u0119 KO\u0141ODZIEJSK\u0104.<\/span><span data-ccp-props=\"{&quot;201341983&quot;:0,&quot;335559740&quot;:360}\">&nbsp;<\/span><\/p>\n<p><span data-contrast=\"auto\">+ Krystyn\u0119 ZACKIEWICZ (30 dzie\u0144 po \u015bmierci), intencja od uczestnik\u00f3w pogrzebu.<\/span><span data-ccp-props=\"{&quot;201341983&quot;:0,&quot;335559740&quot;:360}\">&nbsp;<\/span><\/p>\n<p><span data-contrast=\"auto\">+ Wiktori\u0119 NOWAKOWSK\u0104 (40 r. \u015bm.)&nbsp;<\/span><span data-ccp-props=\"{&quot;201341983&quot;:0,&quot;335559740&quot;:360}\">&nbsp;<\/span><\/p>\n<p><span data-contrast=\"auto\">+ Tadeusza BERNATA (20 r. \u015bm.), Adel\u0119 i Andrzeja BERNATA, <\/span>&nbsp;<br \/>\n<span data-contrast=\"auto\">&nbsp;&nbsp; W\u0142odzimierza, Teres\u0119 i Stanis\u0142awa STOLPE, Grzegorza, Helen\u0119 i Stanis\u0142awa JAKUBCZAK,<\/span> <span data-contrast=\"auto\">Janin\u0119 i Romana REDLI\u0143SKICH, Jana NIEBORAKA, Marcelin\u0119 GAJEK i ca\u0142\u0105 jej zmar\u0142\u0105<\/span> <span data-contrast=\"auto\">rodzin\u0119.<\/span><\/td>\n<\/tr>\n<tr aria-rowindex=\"7\">\n<td data-celllook=\"0\"><b><span data-contrast=\"auto\">18:00<\/span><\/b><span data-ccp-props=\"{&quot;201341983&quot;:0,&quot;335559740&quot;:360}\">&nbsp;<\/span><\/td>\n<td data-celllook=\"0\"><span data-contrast=\"auto\">+ Ma\u0142gorzat\u0119 KOZAK.<\/span><span data-ccp-props=\"{&quot;201341983&quot;:0,&quot;335559740&quot;:360}\">&nbsp;<\/span><\/td>\n<\/tr>\n<tr aria-rowindex=\"8\">\n<td colspan=\"2\" data-celllook=\"65536\"><span data-ccp-props=\"{&quot;201341983&quot;:0,&quot;335551550&quot;:2,&quot;335551620&quot;:2,&quot;335559740&quot;:360}\">&nbsp;<\/span><\/td>\n<\/tr>\n<tr aria-rowindex=\"9\">\n<td colspan=\"2\" data-celllook=\"0\">\n<p style=\"text-align: center;\"><b><span data-contrast=\"auto\">PONIEDZIA\u0141EK<\/span><\/b><\/p>\n<p style=\"text-align: center;\"><b><span data-contrast=\"auto\">(27 kwietnia)<\/span><\/b><\/p>\n<\/td>\n<\/tr>\n<tr aria-rowindex=\"10\">\n<td data-celllook=\"0\"><b><span data-contrast=\"auto\">7:00<\/span><\/b><span data-ccp-props=\"{&quot;201341983&quot;:0,&quot;335551550&quot;:2,&quot;335551620&quot;:2,&quot;335559740&quot;:360}\">&nbsp;<\/span><\/td>\n<td data-celllook=\"0\"><span data-contrast=\"none\">+ J\u00f3zef\u0119 MAKSIMCZYK (9 r. \u015bm.), Antoniego, Mari\u0119 i Mariann\u0119 MAKSIMCZYK\u00d3W.<\/span><span data-ccp-props=\"{&quot;201341983&quot;:0,&quot;335559740&quot;:360}\">&nbsp;<\/span><\/td>\n<\/tr>\n<tr aria-rowindex=\"11\">\n<td data-celllook=\"0\"><b><span data-contrast=\"auto\">8:00<\/span><\/b><span data-ccp-props=\"{&quot;201341983&quot;:0,&quot;335551550&quot;:2,&quot;335551620&quot;:2,&quot;335559740&quot;:360}\">&nbsp;<\/span><\/td>\n<td data-celllook=\"0\"><span data-contrast=\"none\">+ Stanis\u0142awa i Jerzego CZERBNIAK.&nbsp;<\/span><span data-ccp-props=\"{&quot;201341983&quot;:0,&quot;335559740&quot;:360,&quot;469777462&quot;:[788],&quot;469777927&quot;:[0],&quot;469777928&quot;:[1]}\">&nbsp;<\/span><\/td>\n<\/tr>\n<tr aria-rowindex=\"12\">\n<td data-celllook=\"0\"><b><span data-contrast=\"auto\">18:00<\/span><\/b><span data-ccp-props=\"{&quot;201341983&quot;:0,&quot;335551550&quot;:2,&quot;335551620&quot;:2,&quot;335559740&quot;:360}\">&nbsp;<\/span><\/td>\n<td data-celllook=\"0\"><span data-contrast=\"auto\">+ <\/span><span data-contrast=\"none\">Jerzego SZUMSKIEGO (greg. 26.)<\/span><span data-ccp-props=\"{&quot;201341983&quot;:0,&quot;335559740&quot;:360}\">&nbsp;<\/span><\/td>\n<\/tr>\n<tr aria-rowindex=\"13\">\n<td colspan=\"2\" data-celllook=\"65536\"><span data-ccp-props=\"{&quot;201341983&quot;:0,&quot;335559740&quot;:360}\">&nbsp;<\/span><\/td>\n<\/tr>\n<tr aria-rowindex=\"14\">\n<td colspan=\"2\" data-celllook=\"0\">\n<p style=\"text-align: center;\"><b><span data-contrast=\"auto\">WTOREK<\/span><\/b><\/p>\n<p style=\"text-align: center;\"><b><span data-contrast=\"auto\">(28 kwietnia)<\/span><\/b><\/p>\n<\/td>\n<\/tr>\n<tr aria-rowindex=\"15\">\n<td data-celllook=\"0\"><b><span data-contrast=\"auto\">7:00<\/span><\/b><span data-ccp-props=\"{&quot;201341983&quot;:0,&quot;335551550&quot;:2,&quot;335551620&quot;:2,&quot;335559740&quot;:360}\">&nbsp;<\/span><\/td>\n<td data-celllook=\"0\"><span data-contrast=\"auto\">+ za zmar\u0142ych z ca\u0142ej rodziny, zmar\u0142ych przyjaci\u00f3\u0142 Marii LELETKO.&nbsp;<\/span><span data-ccp-props=\"{&quot;201341983&quot;:0,&quot;335559740&quot;:360}\">&nbsp;<\/span><\/td>\n<\/tr>\n<tr aria-rowindex=\"16\">\n<td data-celllook=\"0\"><b><span data-contrast=\"auto\">8:00<\/span><\/b><span data-ccp-props=\"{&quot;201341983&quot;:0,&quot;335551550&quot;:2,&quot;335551620&quot;:2,&quot;335559740&quot;:360}\">&nbsp;<\/span><\/td>\n<td data-celllook=\"0\"><span data-contrast=\"auto\">+<\/span><span data-contrast=\"none\"> Jerzego SZUMSKIEGO <\/span><span data-contrast=\"auto\">(greg. 27.)<\/span><span data-ccp-props=\"{&quot;201341983&quot;:0,&quot;335559740&quot;:360}\">&nbsp;<\/span><\/td>\n<\/tr>\n<tr aria-rowindex=\"17\">\n<td data-celllook=\"0\"><b><span data-contrast=\"auto\">18:00<\/span><\/b><span data-ccp-props=\"{&quot;201341983&quot;:0,&quot;335551550&quot;:2,&quot;335551620&quot;:2,&quot;335559740&quot;:360}\">&nbsp;<\/span><\/td>\n<td data-celllook=\"0\"><span data-contrast=\"auto\">+ Ryszarda FILIPOWSKIEGO (17 r. \u015bm.), zmar\u0142ych z ca\u0142ej rodziny FILIPOWSKICH <\/span>&nbsp;<br \/>\n<span data-contrast=\"auto\">&nbsp;&nbsp;&nbsp; i MICHALSKICH.&nbsp;<\/span><span data-ccp-props=\"{&quot;201341983&quot;:0,&quot;335551550&quot;:6,&quot;335551620&quot;:6,&quot;335559740&quot;:360}\">&nbsp;<\/span><\/td>\n<\/tr>\n<tr aria-rowindex=\"18\">\n<td colspan=\"2\" data-celllook=\"65536\"><span data-ccp-props=\"{&quot;201341983&quot;:0,&quot;335559740&quot;:360}\">&nbsp;<\/span><\/td>\n<\/tr>\n<tr aria-rowindex=\"19\">\n<td colspan=\"2\" data-celllook=\"0\">\n<p style=\"text-align: center;\"><b><span data-contrast=\"auto\">\u015aRODA&nbsp;&nbsp; (29 kwietnia)&nbsp;<\/span><\/b><span data-ccp-props=\"{&quot;201341983&quot;:0,&quot;335551550&quot;:2,&quot;335551620&quot;:2,&quot;335559740&quot;:360}\">&nbsp;<\/span><\/p>\n<p style=\"text-align: center;\"><b><span data-contrast=\"auto\">\u015aw. Katarzyny Siene\u0144skiej, dziewicy i doktora Ko\u015bcio\u0142a, patronki Europy \u2013 \u015bwi\u0119to&nbsp;<\/span><\/b><span data-ccp-props=\"{&quot;201341983&quot;:0,&quot;335551550&quot;:2,&quot;335551620&quot;:2,&quot;335559740&quot;:360}\">&nbsp;<\/span><\/p>\n<\/td>\n<\/tr>\n<tr aria-rowindex=\"20\">\n<td data-celllook=\"0\"><b><span data-contrast=\"auto\">7:00<\/span><\/b><span data-ccp-props=\"{&quot;201341983&quot;:0,&quot;335551550&quot;:2,&quot;335551620&quot;:2,&quot;335559740&quot;:360}\">&nbsp;<\/span><\/td>\n<td data-celllook=\"0\"><span data-contrast=\"auto\">+ Eugeniusza BIENIEK (25 r. \u015bm.)<\/span><span data-ccp-props=\"{&quot;201341983&quot;:0,&quot;335559740&quot;:360}\">&nbsp;<\/span><\/td>\n<\/tr>\n<tr aria-rowindex=\"21\">\n<td data-celllook=\"0\"><b><span data-contrast=\"auto\">8:00<\/span><\/b><span data-ccp-props=\"{&quot;201341983&quot;:0,&quot;335551550&quot;:2,&quot;335551620&quot;:2,&quot;335559740&quot;:360}\">&nbsp;<\/span><\/td>\n<td data-celllook=\"0\"><span data-contrast=\"none\">+ Jerzego SZUMSKIEGO <\/span><span data-contrast=\"auto\">(greg. 28.)<\/span><span data-ccp-props=\"{&quot;201341983&quot;:0,&quot;335559740&quot;:360}\">&nbsp;<\/span><\/td>\n<\/tr>\n<tr aria-rowindex=\"22\">\n<td data-celllook=\"0\"><b><span data-contrast=\"auto\">17:45<\/span><\/b><span data-ccp-props=\"{&quot;201341983&quot;:0,&quot;335551550&quot;:2,&quot;335551620&quot;:2,&quot;335559740&quot;:360}\">&nbsp;<\/span><\/td>\n<td data-celllook=\"0\"><b><span data-contrast=\"auto\">NOWENNA<\/span><\/b><span data-ccp-props=\"{&quot;201341983&quot;:0,&quot;335559740&quot;:360}\">&nbsp;<\/span><\/p>\n<ul>\n<li aria-setsize=\"-1\" data-leveltext=\"\uf0b7\" data-font=\"Symbol\" data-listid=\"6\" data-list-defn-props=\"{&quot;335552541&quot;:1,&quot;335559685&quot;:360,&quot;335559991&quot;:360,&quot;469769226&quot;:&quot;Symbol&quot;,&quot;469769242&quot;:[8226],&quot;469777803&quot;:&quot;left&quot;,&quot;469777804&quot;:&quot;\uf0b7&quot;,&quot;469777815&quot;:&quot;hybridMultilevel&quot;}\" data-aria-posinset=\"1\" data-aria-level=\"1\"><span data-contrast=\"auto\">O Bo\u017ce b\u0142ogos\u0142awie\u0144stwo, zdrowie, opiek\u0119 Matki Bo\u017cej Loreta\u0144skiej i potrzebne \u0142aski<\/span><span data-contrast=\"auto\">&nbsp;dla Edwarda i Aliny LEWCZUK z racji rocznicy urodzin. <\/span><span data-ccp-props=\"{&quot;201341983&quot;:0,&quot;335559740&quot;:360}\">&nbsp;<\/span><\/li>\n<\/ul>\n<p><span data-contrast=\"auto\">+ Krystyn\u0119 ZACKIEWICZ (30 dzie\u0144 po \u015bm.) od Janiny Kowalczyk z rodzin\u0105.&nbsp;<\/span><span data-ccp-props=\"{&quot;201341983&quot;:0,&quot;335559740&quot;:360}\">&nbsp;<\/span><\/p>\n<p><span data-ccp-props=\"{&quot;201341983&quot;:0,&quot;335559740&quot;:360}\">&nbsp;<\/span><\/td>\n<\/tr>\n<tr aria-rowindex=\"23\">\n<td colspan=\"2\" data-celllook=\"65536\"><span data-ccp-props=\"{&quot;201341983&quot;:0,&quot;335551550&quot;:2,&quot;335551620&quot;:2,&quot;335559740&quot;:360}\">&nbsp;<\/span><\/td>\n<\/tr>\n<tr aria-rowindex=\"24\">\n<td colspan=\"2\" data-celllook=\"0\">\n<p style=\"text-align: center;\"><b><span data-contrast=\"auto\">CZWARTEK<\/span><\/b><\/p>\n<p style=\"text-align: center;\"><b><span data-contrast=\"auto\">(30 kwietnia)<\/span><\/b><\/p>\n<\/td>\n<\/tr>\n<tr aria-rowindex=\"25\">\n<td data-celllook=\"0\"><b><span data-contrast=\"auto\">7:00<\/span><\/b><span data-ccp-props=\"{&quot;201341983&quot;:0,&quot;335551550&quot;:2,&quot;335551620&quot;:2,&quot;335559740&quot;:360}\">&nbsp;<\/span><\/td>\n<td data-celllook=\"0\"><span data-contrast=\"auto\">&nbsp;+ Krystyn\u0119 ZACKIEWICZ (30 dzie\u0144 po \u015bm.) intencja od Adolfa P\u0142atek.<\/span><span data-ccp-props=\"{&quot;201341983&quot;:0,&quot;335559740&quot;:360}\">&nbsp;<\/span><\/td>\n<\/tr>\n<tr aria-rowindex=\"26\">\n<td data-celllook=\"0\"><b><span data-contrast=\"auto\">8:00<\/span><\/b><span data-ccp-props=\"{&quot;201341983&quot;:0,&quot;335551550&quot;:2,&quot;335551620&quot;:2,&quot;335559740&quot;:360}\">&nbsp;<\/span><\/td>\n<td data-celllook=\"0\"><span data-contrast=\"auto\">+ Adolfa BAWORA (20 r. \u015bm.), Helen\u0119 i Agat\u0119 BAWOR.&nbsp;<\/span><span data-ccp-props=\"{&quot;201341983&quot;:0,&quot;335559740&quot;:360}\">&nbsp;<\/span><\/td>\n<\/tr>\n<tr aria-rowindex=\"27\">\n<td data-celllook=\"0\"><b><span data-contrast=\"auto\">18:00<\/span><\/b><span data-ccp-props=\"{&quot;201341983&quot;:0,&quot;335551550&quot;:2,&quot;335551620&quot;:2,&quot;335559740&quot;:360}\">&nbsp;<\/span><\/td>\n<td data-celllook=\"0\"><span data-contrast=\"auto\">+ <\/span><span data-contrast=\"none\">Jerzego SZUMSKIEGO (greg. 29.)<\/span><span data-ccp-props=\"{&quot;201341983&quot;:0,&quot;335559740&quot;:360}\">&nbsp;<\/span><\/td>\n<\/tr>\n<tr aria-rowindex=\"28\">\n<td colspan=\"2\" data-celllook=\"65536\"><span data-ccp-props=\"{&quot;201341983&quot;:0,&quot;335551550&quot;:2,&quot;335551620&quot;:2,&quot;335559740&quot;:360}\">&nbsp;<\/span><\/td>\n<\/tr>\n<tr aria-rowindex=\"29\">\n<td colspan=\"2\" data-celllook=\"0\">\n<p style=\"text-align: center;\"><b><span data-contrast=\"auto\">PI\u0104TEK<\/span><\/b><\/p>\n<p style=\"text-align: center;\"><b><span data-contrast=\"auto\">(1 maja)<\/span><\/b><\/p>\n<\/td>\n<\/tr>\n<tr aria-rowindex=\"30\">\n<td data-celllook=\"0\"><b><span data-contrast=\"auto\">7:00<\/span><\/b><span data-ccp-props=\"{&quot;201341983&quot;:0,&quot;335551550&quot;:2,&quot;335551620&quot;:2,&quot;335559740&quot;:360}\">&nbsp;<\/span><\/td>\n<td data-celllook=\"0\">&nbsp;<\/td>\n<\/tr>\n<tr aria-rowindex=\"31\">\n<td data-celllook=\"0\"><b><span data-contrast=\"auto\">8:00<\/span><\/b><span data-ccp-props=\"{&quot;201341983&quot;:0,&quot;335551550&quot;:2,&quot;335551620&quot;:2,&quot;335559740&quot;:360}\">&nbsp;<\/span><\/td>\n<td data-celllook=\"0\">\n<ul>\n<li aria-setsize=\"-1\" data-leveltext=\"\uf0b7\" data-font=\"Symbol\" data-listid=\"6\" data-list-defn-props=\"{&quot;335552541&quot;:1,&quot;335559685&quot;:360,&quot;335559991&quot;:360,&quot;469769226&quot;:&quot;Symbol&quot;,&quot;469769242&quot;:[8226],&quot;469777803&quot;:&quot;left&quot;,&quot;469777804&quot;:&quot;\uf0b7&quot;,&quot;469777815&quot;:&quot;hybridMultilevel&quot;}\" data-aria-posinset=\"2\" data-aria-level=\"1\"><span data-contrast=\"auto\">W intencji cz\u0142onk\u00f3w \u017bywego R\u00f3\u017ca\u0144ca i Legionu Maryi.&nbsp;&nbsp;<\/span><span data-ccp-props=\"{&quot;201341983&quot;:0,&quot;335559740&quot;:360}\">&nbsp;<\/span><\/li>\n<\/ul>\n<\/td>\n<\/tr>\n<tr aria-rowindex=\"32\">\n<td data-celllook=\"0\"><b><span data-contrast=\"auto\">18:00<\/span><\/b><span data-ccp-props=\"{&quot;201341983&quot;:0,&quot;335551550&quot;:2,&quot;335551620&quot;:2,&quot;335559740&quot;:360}\">&nbsp;<\/span><\/td>\n<td data-celllook=\"0\"><span data-contrast=\"auto\">+ <\/span><span data-contrast=\"none\">Jerzego SZUMSKIEGO (greg. 30.)<\/span><span data-ccp-props=\"{&quot;201341983&quot;:0,&quot;335559740&quot;:360}\">&nbsp;<\/span><\/td>\n<\/tr>\n<tr aria-rowindex=\"33\">\n<td colspan=\"2\" data-celllook=\"65536\"><span data-ccp-props=\"{&quot;201341983&quot;:0,&quot;335551550&quot;:2,&quot;335551620&quot;:2,&quot;335559740&quot;:360}\">&nbsp;<\/span><\/td>\n<\/tr>\n<tr aria-rowindex=\"34\">\n<td colspan=\"2\" data-celllook=\"0\">\n<p style=\"text-align: center;\"><b><span data-contrast=\"auto\">SOBOTA&nbsp; (2 maja)<\/span><\/b><span data-ccp-props=\"{&quot;201341983&quot;:0,&quot;335551550&quot;:2,&quot;335551620&quot;:2,&quot;335559740&quot;:360}\">&nbsp;<\/span><\/p>\n<p style=\"text-align: center;\"><b><span data-contrast=\"auto\">N.M.P. Kr\u00f3lowej Polski \u2013 uroczysto\u015b\u0107 <\/span><\/b><span data-ccp-props=\"{&quot;201341983&quot;:0,&quot;335551550&quot;:2,&quot;335551620&quot;:2,&quot;335559740&quot;:360}\">&nbsp;<\/span><\/p>\n<\/td>\n<\/tr>\n<tr aria-rowindex=\"35\">\n<td data-celllook=\"0\"><b><span data-contrast=\"auto\">7:00<\/span><\/b><span data-ccp-props=\"{&quot;201341983&quot;:0,&quot;335551550&quot;:2,&quot;335551620&quot;:2,&quot;335559740&quot;:360}\">&nbsp;<\/span><\/td>\n<td data-celllook=\"0\"><span data-contrast=\"none\">+ Zygmunta ROGALSKIEGO, zmar\u0142ych z c.r. ROGALSKICH i ZGADZAJSKICH.&nbsp;<\/span><span data-ccp-props=\"{&quot;201341983&quot;:0,&quot;335559740&quot;:360,&quot;469777462&quot;:[1211],&quot;469777927&quot;:[0],&quot;469777928&quot;:[1]}\">&nbsp;<\/span><\/td>\n<\/tr>\n<tr aria-rowindex=\"36\">\n<td data-celllook=\"0\"><b><span data-contrast=\"auto\">8:00<\/span><\/b><span data-ccp-props=\"{&quot;201341983&quot;:0,&quot;335551550&quot;:2,&quot;335551620&quot;:2,&quot;335559740&quot;:360}\">&nbsp;<\/span><\/td>\n<td data-celllook=\"0\"><span data-contrast=\"none\">+ Jaros\u0142awa ZAWADZKIEGO, W\u0142adys\u0142awa ZAWADZKIEGO, <\/span>&nbsp;<br \/>\n<span data-contrast=\"none\">&nbsp;&nbsp; Mariana KRYSI\u0143SKIEGO, Janin\u0119 WIECZORKIEWICZ, Beat\u0119 CHMIELEWSK\u0104,<\/span>&nbsp;<br \/>\n<span data-contrast=\"none\">&nbsp;&nbsp; Wojciecha PIEWIE\u0143, Barbar\u0119 PIEWIE\u0143, Artura i Krzysztofa WROTEK, <\/span>&nbsp;<br \/>\n<span data-contrast=\"none\">&nbsp;&nbsp; Wand\u0119 CHYMKOWSK\u0104, Dari\u0119 i Jaros\u0142awa CZUPA, W\u0142adys\u0142aw\u0119 i Tadeusza<\/span>&nbsp;<br \/>\n<span data-contrast=\"none\">&nbsp;&nbsp; S\u0141OWI\u0143SKICH.&nbsp;<\/span><span data-ccp-props=\"{&quot;201341983&quot;:0,&quot;335559740&quot;:360,&quot;469777462&quot;:[1211],&quot;469777927&quot;:[0],&quot;469777928&quot;:[1]}\">&nbsp;<\/span><\/td>\n<\/tr>\n<tr aria-rowindex=\"37\">\n<td data-celllook=\"0\"><b><span data-contrast=\"auto\">18:00<\/span><\/b><span data-ccp-props=\"{&quot;201341983&quot;:0,&quot;335551550&quot;:2,&quot;335551620&quot;:2,&quot;335559740&quot;:360}\">&nbsp;<\/span><\/td>\n<td data-celllook=\"0\">&nbsp;<\/td>\n<\/tr>\n<\/tbody>\n<\/table>\n<\/div><\/section>\n","protected":false},"excerpt":{"rendered":"","protected":false},"author":1,"featured_media":3833,"comment_status":"closed","ping_status":"closed","sticky":false,"template":"","format":"standard","meta":{"ngg_post_thumbnail":0,"footnotes":""},"categories":[6],"tags":[],"class_list":["post-6379","post","type-post","status-publish","format-standard","has-post-thumbnail","hentry","category-intencje-mszalne"],"_links":{"self":[{"href":"https:\/\/mbloretanska.pl\/index.php?rest_route=\/wp\/v2\/posts\/6379","targetHints":{"allow":["GET"]}}],"collection":[{"href":"https:\/\/mbloretanska.pl\/index.php?rest_route=\/wp\/v2\/posts"}],"about":[{"href":"https:\/\/mbloretanska.pl\/index.php?rest_route=\/wp\/v2\/types\/post"}],"author":[{"embeddable":true,"href":"https:\/\/mbloretanska.pl\/index.php?rest_route=\/wp\/v2\/users\/1"}],"replies":[{"embeddable":true,"href":"https:\/\/mbloretanska.pl\/index.php?rest_route=%2Fwp%2Fv2%2Fcomments&post=6379"}],"version-history":[{"count":1,"href":"https:\/\/mbloretanska.pl\/index.php?rest_route=\/wp\/v2\/posts\/6379\/revisions"}],"predecessor-version":[{"id":6380,"href":"https:\/\/mbloretanska.pl\/index.php?rest_route=\/wp\/v2\/posts\/6379\/revisions\/6380"}],"wp:featuredmedia":[{"embeddable":true,"href":"https:\/\/mbloretanska.pl\/index.php?rest_route=\/wp\/v2\/media\/3833"}],"wp:attachment":[{"href":"https:\/\/mbloretanska.pl\/index.php?rest_route=%2Fwp%2Fv2%2Fmedia&parent=6379"}],"wp:term":[{"taxonomy":"category","embeddable":true,"href":"https:\/\/mbloretanska.pl\/index.php?rest_route=%2Fwp%2Fv2%2Fcategories&post=6379"},{"taxonomy":"post_tag","embeddable":true,"href":"https:\/\/mbloretanska.pl\/index.php?rest_route=%2Fwp%2Fv2%2Ftags&post=6379"}],"curies":[{"name":"wp","href":"https:\/\/api.w.org\/{rel}","templated":true}]}}