{"id":6374,"date":"2026-04-23T17:41:55","date_gmt":"2026-04-23T15:41:55","guid":{"rendered":"https:\/\/mbloretanska.pl\/?p=6374"},"modified":"2026-04-23T17:41:57","modified_gmt":"2026-04-23T15:41:57","slug":"iv-niedziela-wielkanocna-26-04-2026","status":"publish","type":"post","link":"https:\/\/mbloretanska.pl\/?p=6374","title":{"rendered":"IV NIEDZIELA WIELKANOCNA 26.04.2026"},"content":{"rendered":"<section  class='av_textblock_section av-mobnecbp-24407e56b78e7a0259a33308e1ab971d '   itemscope=\"itemscope\" itemtype=\"https:\/\/schema.org\/BlogPosting\" itemprop=\"blogPost\" ><div class='avia_textblock'  itemprop=\"text\" ><p class=\"gmail-MsoListParagraph\">1.&nbsp;&nbsp;&nbsp; Dzi\u015b po Mszach \u015bw. zbi\u00f3rka do puszek na zakup do naszego ko\u015bcio\u0142a defibrylatora AED.&nbsp; Dzi\u0119kujemy za wsparcie tego pomys\u0142u.<\/p>\n<p class=\"gmail-MsoListParagraphCxSpLast\">2.&nbsp;&nbsp;&nbsp; Niedziela Dobrego Pasterza rozpoczyna tydzie\u0144 modlitw o powo\u0142ania do s\u0142u\u017cby w Ko\u015bciele. W\u0142\u0105czmy t\u0119 intencj\u0119 do swojej osobistej modlitwy.<\/p>\n<p class=\"gmail-MsoListParagraphCxSpLast\">3.&nbsp;&nbsp;&nbsp; W pi\u0105tek 1-go maja Msze \u015bw. jak w dzie\u0144 zwyk\u0142y. Z racji I pi\u0105tku miesi\u0105ca zach\u0119camy do spowiedzi. Kancelaria parafialna b\u0119dzie nieczynna. Ze wzgl\u0119du na \u015bwi\u0105teczny charakter tego dnia biskup diecezji udzieli\u0142 dyspensy od pi\u0105tkowego postu.<\/p>\n<p class=\"gmail-MsoListParagraphCxSpLast\">4.&nbsp;&nbsp;&nbsp; Pocz\u0105wszy od pi\u0105tku 1 maja mamy w tym miesi\u0105cu Matki Bo\u017cej wolne intencje na Mszy \u015bw. o godz. 7.00. Je\u015bli my sami lub nasi bliscy potrzebuj\u0105 modlitwy warto z tej mo\u017cliwo\u015bci skorzysta\u0107.<\/p>\n<p class=\"gmail-MsoListParagraphCxSpLast\">5.&nbsp;&nbsp;&nbsp; Zapraszamy ju\u017c na nabo\u017ce\u0144stwa majowe, kt\u00f3re w naszym ko\u015bciele odprawiane s\u0105&nbsp; w dni powszednie po Mszy wieczornej, a w niedziele i \u015bwi\u0119ta o 17.30.<\/p>\n<p class=\"gmail-MsoListParagraph\">6.&nbsp;&nbsp;&nbsp; Ze wzgl\u0119du na to, \u017ce 3 maja w tym roku wypada w niedziel\u0119 zgodnie z przepisami liturgicznymi uroczysto\u015b\u0107 NMP Kr\u00f3lowej Polski b\u0119dziemy obchodzi\u0107 w sobot\u0119 2 maja. Msze \u015bw. o godz. 7.00, 8.00 i 18.00.<\/p>\n<p>7.&nbsp;&nbsp;&nbsp; W dniach od 1 do 4 maja w katedrze \u015bw. Floriana odb\u0119dzie si\u0119 III Warszawsko-Praski Festiwal Muzyki Sakralnej Musica Sacra. Wst\u0119p na wszystkie koncerty jest bezp\u0142atny. Wi\u0119cej informacji na roll-upie przed Domkiem Loreta\u0144skim.<\/p>\n<p>8.&nbsp;&nbsp;&nbsp; Wszystkim \u017cyczymy dobrego. udanego odpoczynku. a solenizantkom i solenizantom tego tygodnia<span data-ogsc=\"black\"> mi\u0142o\u015bci od bliskich i opieki \u015bwi\u0119tych patron\u00f3w.<\/span><\/p>\n<p>9.&nbsp;&nbsp;&nbsp; <span data-ogsc=\"black\">W tym tygodniu po\u017cegnali\u015bmy w naszej parafii \u015bp. pana Alfreda Karczemnego.&nbsp; Pole\u0107my go Bo\u017cemu mi\u0142osierdziu w ufnej modlitwie.<\/span><\/p>\n<\/div><\/section>\n","protected":false},"excerpt":{"rendered":"","protected":false},"author":1,"featured_media":3832,"comment_status":"closed","ping_status":"closed","sticky":false,"template":"","format":"standard","meta":{"ngg_post_thumbnail":0,"footnotes":""},"categories":[3],"tags":[],"class_list":["post-6374","post","type-post","status-publish","format-standard","has-post-thumbnail","hentry","category-ogloszenia-duszpasterskie"],"_links":{"self":[{"href":"https:\/\/mbloretanska.pl\/index.php?rest_route=\/wp\/v2\/posts\/6374","targetHints":{"allow":["GET"]}}],"collection":[{"href":"https:\/\/mbloretanska.pl\/index.php?rest_route=\/wp\/v2\/posts"}],"about":[{"href":"https:\/\/mbloretanska.pl\/index.php?rest_route=\/wp\/v2\/types\/post"}],"author":[{"embeddable":true,"href":"https:\/\/mbloretanska.pl\/index.php?rest_route=\/wp\/v2\/users\/1"}],"replies":[{"embeddable":true,"href":"https:\/\/mbloretanska.pl\/index.php?rest_route=%2Fwp%2Fv2%2Fcomments&post=6374"}],"version-history":[{"count":1,"href":"https:\/\/mbloretanska.pl\/index.php?rest_route=\/wp\/v2\/posts\/6374\/revisions"}],"predecessor-version":[{"id":6375,"href":"https:\/\/mbloretanska.pl\/index.php?rest_route=\/wp\/v2\/posts\/6374\/revisions\/6375"}],"wp:featuredmedia":[{"embeddable":true,"href":"https:\/\/mbloretanska.pl\/index.php?rest_route=\/wp\/v2\/media\/3832"}],"wp:attachment":[{"href":"https:\/\/mbloretanska.pl\/index.php?rest_route=%2Fwp%2Fv2%2Fmedia&parent=6374"}],"wp:term":[{"taxonomy":"category","embeddable":true,"href":"https:\/\/mbloretanska.pl\/index.php?rest_route=%2Fwp%2Fv2%2Fcategories&post=6374"},{"taxonomy":"post_tag","embeddable":true,"href":"https:\/\/mbloretanska.pl\/index.php?rest_route=%2Fwp%2Fv2%2Ftags&post=6374"}],"curies":[{"name":"wp","href":"https:\/\/api.w.org\/{rel}","templated":true}]}}