{"id":6371,"date":"2026-04-19T19:27:44","date_gmt":"2026-04-19T17:27:44","guid":{"rendered":"https:\/\/mbloretanska.pl\/?p=6371"},"modified":"2026-04-19T19:27:46","modified_gmt":"2026-04-19T17:27:46","slug":"intencje-mszalne-19-25-04-2026","status":"publish","type":"post","link":"https:\/\/mbloretanska.pl\/?p=6371","title":{"rendered":"intencje mszalne 19-25.04.2026"},"content":{"rendered":"<section  class='av_textblock_section av-mo61gm1g-369d8485f46f0cd1cf1ddfe25645a8aa '   itemscope=\"itemscope\" itemtype=\"https:\/\/schema.org\/BlogPosting\" itemprop=\"blogPost\" ><div class='avia_textblock'  itemprop=\"text\" ><table style=\"font-weight: 400;\" data-tablestyle=\"MsoTableGrid\" data-tablelook=\"1184\" aria-rowcount=\"37\">\n<tbody>\n<tr aria-rowindex=\"1\">\n<td colspan=\"2\" data-celllook=\"65536\"><span data-ccp-props=\"{&quot;201341983&quot;:0,&quot;335559740&quot;:360}\">&nbsp;<\/span><\/td>\n<\/tr>\n<tr aria-rowindex=\"2\">\n<td colspan=\"2\" data-celllook=\"0\">\n<p style=\"text-align: center;\"><b><span data-contrast=\"auto\">NIEDZIELA&nbsp;&nbsp;<\/span><\/b><span data-ccp-props=\"{&quot;201341983&quot;:0,&quot;335551550&quot;:2,&quot;335551620&quot;:2,&quot;335559740&quot;:360}\">&nbsp;<\/span><\/p>\n<p style=\"text-align: center;\"><b><span data-contrast=\"auto\">(19 kwietnia 2026 r.)<\/span><\/b><span data-ccp-props=\"{&quot;201341983&quot;:0,&quot;335551550&quot;:2,&quot;335551620&quot;:2,&quot;335559740&quot;:360}\">&nbsp;<\/span><\/p>\n<\/td>\n<\/tr>\n<tr aria-rowindex=\"3\">\n<td data-celllook=\"0\"><b><span data-contrast=\"auto\">7:30<\/span><\/b><span data-ccp-props=\"{&quot;201341983&quot;:0,&quot;335551550&quot;:2,&quot;335551620&quot;:2,&quot;335559740&quot;:360}\">&nbsp;<\/span><\/td>\n<td data-celllook=\"0\"><span data-contrast=\"auto\">+ <\/span><span data-contrast=\"none\">Jerzego SZUMSKIEGO <\/span><span data-contrast=\"auto\">(greg. 18.)<\/span><span data-ccp-props=\"{&quot;201341983&quot;:0,&quot;335559740&quot;:360}\">&nbsp;<\/span><\/td>\n<\/tr>\n<tr aria-rowindex=\"4\">\n<td data-celllook=\"0\"><b><span data-contrast=\"auto\">9:00<\/span><\/b><span data-ccp-props=\"{&quot;201341983&quot;:0,&quot;335551550&quot;:2,&quot;335551620&quot;:2,&quot;335559740&quot;:360}\">&nbsp;<\/span><\/td>\n<td data-celllook=\"0\"><span data-contrast=\"none\">+ Zygmunta PIWEK (6 r. \u015bm.)<\/span><span data-ccp-props=\"{&quot;201341983&quot;:0,&quot;335559740&quot;:360,&quot;469777462&quot;:[788],&quot;469777927&quot;:[0],&quot;469777928&quot;:[1]}\">&nbsp;<\/span><\/td>\n<\/tr>\n<tr aria-rowindex=\"5\">\n<td data-celllook=\"0\"><b><span data-contrast=\"auto\">10:30<\/span><\/b><span data-ccp-props=\"{&quot;201341983&quot;:0,&quot;335559740&quot;:360}\">&nbsp;<\/span><\/td>\n<td data-celllook=\"0\">\n<ul>\n<li aria-setsize=\"-1\" data-leveltext=\"\uf0b7\" data-font=\"Symbol\" data-listid=\"12\" data-list-defn-props=\"{&quot;335552541&quot;:1,&quot;335559685&quot;:360,&quot;335559991&quot;:360,&quot;469769226&quot;:&quot;Symbol&quot;,&quot;469769242&quot;:[8226],&quot;469777803&quot;:&quot;left&quot;,&quot;469777804&quot;:&quot;\uf0b7&quot;,&quot;469777815&quot;:&quot;hybridMultilevel&quot;}\" data-aria-posinset=\"1\" data-aria-level=\"1\"><span data-contrast=\"auto\">O Bo\u017ce b\u0142ogos\u0142awie\u0144stwo dla Remigiusza i \u0142ask\u0119 wype\u0142nienia woli Bo\u017cej.<\/span><span data-ccp-props=\"{&quot;201341983&quot;:0,&quot;335559740&quot;:360}\">&nbsp;<\/span><\/li>\n<\/ul>\n<\/td>\n<\/tr>\n<tr aria-rowindex=\"6\">\n<td data-celllook=\"0\"><b><span data-contrast=\"auto\">12:00<\/span><\/b><span data-ccp-props=\"{&quot;201341983&quot;:0,&quot;335559740&quot;:360}\">&nbsp;<\/span><\/td>\n<td data-celllook=\"0\">\n<ul>\n<li aria-setsize=\"-1\" data-leveltext=\"\uf0b7\" data-font=\"Symbol\" data-listid=\"6\" data-list-defn-props=\"{&quot;335552541&quot;:1,&quot;335559685&quot;:360,&quot;335559991&quot;:360,&quot;469769226&quot;:&quot;Symbol&quot;,&quot;469769242&quot;:[8226],&quot;469777803&quot;:&quot;left&quot;,&quot;469777804&quot;:&quot;\uf0b7&quot;,&quot;469777815&quot;:&quot;hybridMultilevel&quot;}\" data-aria-posinset=\"1\" data-aria-level=\"1\"><span data-contrast=\"auto\">Intencja dzi\u0119kczynna Panu Bogu za dar i rado\u015b\u0107 \u017cycia wraz z pro\u015bb\u0105 o ofiarowanie dobrego zdrowia oraz opiek\u0119 MB Loreta\u0144skiej na dalsze lata szcz\u0119\u015bliwego \u017cycia dla pradziadka Aleksandra (w 85 rocznic\u0119 urodzin i prawnuka Huberta Aleksandra (2 rocznic\u0119 urodzin), wnosi rodzina CZAPLICKICH, CESSNYCH, MAZUR\u00d3W i KO\u0141ODZIEJSKICH.&nbsp;&nbsp;<\/span><span data-ccp-props=\"{&quot;201341983&quot;:0,&quot;335559740&quot;:360}\">&nbsp;<\/span><\/li>\n<\/ul>\n<p><span data-contrast=\"auto\">+ Aleksandr\u0119 Dominik\u0119 BORUTA (30 dzie\u0144 po pogrzebie).<\/span><span data-ccp-props=\"{&quot;201341983&quot;:0,&quot;335559740&quot;:360}\">&nbsp;<\/span><\/p>\n<p><span data-contrast=\"auto\">+ Kazimierza (29 r. \u015bm.) i Mariann\u0119 GUBA oraz Boles\u0142awa PARZYSZEK.&nbsp;<\/span><span data-ccp-props=\"{&quot;201341983&quot;:0,&quot;335559740&quot;:360}\">&nbsp;<\/span><\/p>\n<p><span data-contrast=\"auto\">+ Ludwik\u0119 PASTWA (17 r. \u015bm.), Krzysztofa STEFANIUKA.<\/span><span data-ccp-props=\"{&quot;201341983&quot;:0,&quot;335559740&quot;:360}\">&nbsp;<\/span><\/p>\n<p><span data-contrast=\"auto\">+ Roberta OCHMAN (5 r. \u015bm.) i zmar\u0142ych z rodziny.&nbsp;<\/span><span data-ccp-props=\"{&quot;201341983&quot;:0,&quot;335559740&quot;:360}\">&nbsp;<\/span><\/p>\n<p><span data-contrast=\"auto\">+ Zygmunta OLJASZA, Iren\u0119 i W\u0142adys\u0142awa OSTAS\u00d3W.&nbsp;<\/span><span data-ccp-props=\"{&quot;201341983&quot;:0,&quot;335559740&quot;:360}\">&nbsp;<\/span><\/td>\n<\/tr>\n<tr aria-rowindex=\"7\">\n<td data-celllook=\"0\"><b><span data-contrast=\"auto\">18:00<\/span><\/b><span data-ccp-props=\"{&quot;201341983&quot;:0,&quot;335559740&quot;:360}\">&nbsp;<\/span><\/td>\n<td data-celllook=\"0\"><span data-contrast=\"auto\">+ Zbigniewa JAROSZEWICZA (10 r. \u015bm.)<\/span><span data-ccp-props=\"{&quot;201341983&quot;:0,&quot;335559740&quot;:360}\">&nbsp;<\/span><\/td>\n<\/tr>\n<tr aria-rowindex=\"8\">\n<td colspan=\"2\" data-celllook=\"65536\"><span data-ccp-props=\"{&quot;201341983&quot;:0,&quot;335551550&quot;:2,&quot;335551620&quot;:2,&quot;335559740&quot;:360}\">&nbsp;<\/span><\/td>\n<\/tr>\n<tr aria-rowindex=\"9\">\n<td colspan=\"2\" data-celllook=\"0\">\n<p style=\"text-align: center;\"><b><span data-contrast=\"auto\">PONIEDZIA\u0141EK&nbsp;&nbsp;&nbsp;<\/span><\/b><span data-ccp-props=\"{&quot;201341983&quot;:0,&quot;335551550&quot;:2,&quot;335551620&quot;:2,&quot;335559740&quot;:360}\">&nbsp;<\/span><\/p>\n<p style=\"text-align: center;\"><b><span data-contrast=\"auto\">(20 kwietnia)&nbsp;&nbsp;<\/span><\/b><span data-ccp-props=\"{&quot;201341983&quot;:0,&quot;335551550&quot;:2,&quot;335551620&quot;:2,&quot;335559740&quot;:360}\">&nbsp;<\/span><\/p>\n<\/td>\n<\/tr>\n<tr aria-rowindex=\"10\">\n<td data-celllook=\"0\"><b><span data-contrast=\"auto\">7:00<\/span><\/b><span data-ccp-props=\"{&quot;201341983&quot;:0,&quot;335551550&quot;:2,&quot;335551620&quot;:2,&quot;335559740&quot;:360}\">&nbsp;<\/span><\/td>\n<td data-celllook=\"0\"><span data-contrast=\"none\">+ Alicj\u0119 \u015aCIS\u0141OWSK\u0104 (40 r. \u015bm.)<\/span><span data-ccp-props=\"{&quot;201341983&quot;:0,&quot;335559740&quot;:360}\">&nbsp;<\/span><\/td>\n<\/tr>\n<tr aria-rowindex=\"11\">\n<td data-celllook=\"0\"><b><span data-contrast=\"auto\">8:00<\/span><\/b><span data-ccp-props=\"{&quot;201341983&quot;:0,&quot;335551550&quot;:2,&quot;335551620&quot;:2,&quot;335559740&quot;:360}\">&nbsp;<\/span><\/td>\n<td data-celllook=\"0\"><span data-contrast=\"none\">+ Cezarego DURANOWSKIEGO (6 r. \u015bm.), Wies\u0142awa i Dobromira DURANOWSKICH.<\/span><span data-ccp-props=\"{&quot;201341983&quot;:0,&quot;335559740&quot;:360,&quot;469777462&quot;:[788],&quot;469777927&quot;:[0],&quot;469777928&quot;:[1]}\">&nbsp;<\/span><\/td>\n<\/tr>\n<tr aria-rowindex=\"12\">\n<td data-celllook=\"0\"><b><span data-contrast=\"auto\">18:00<\/span><\/b><span data-ccp-props=\"{&quot;201341983&quot;:0,&quot;335551550&quot;:2,&quot;335551620&quot;:2,&quot;335559740&quot;:360}\">&nbsp;<\/span><\/td>\n<td data-celllook=\"0\"><span data-contrast=\"auto\">+ <\/span><span data-contrast=\"none\">Jerzego SZUMSKIEGO (greg. 19.)<\/span><span data-ccp-props=\"{&quot;201341983&quot;:0,&quot;335559740&quot;:360}\">&nbsp;<\/span><\/td>\n<\/tr>\n<tr aria-rowindex=\"13\">\n<td colspan=\"2\" data-celllook=\"65536\"><span data-ccp-props=\"{&quot;201341983&quot;:0,&quot;335559740&quot;:360}\">&nbsp;<\/span><\/td>\n<\/tr>\n<tr aria-rowindex=\"14\">\n<td colspan=\"2\" data-celllook=\"0\">\n<p style=\"text-align: center;\"><b><span data-contrast=\"auto\">WTOREK&nbsp;&nbsp;<\/span><\/b><span data-ccp-props=\"{&quot;201341983&quot;:0,&quot;335551550&quot;:2,&quot;335551620&quot;:2,&quot;335559740&quot;:360}\">&nbsp;<\/span><\/p>\n<p style=\"text-align: center;\"><b><span data-contrast=\"auto\">(21 kwietnia)<\/span><\/b><span data-ccp-props=\"{&quot;201341983&quot;:0,&quot;335551550&quot;:2,&quot;335551620&quot;:2,&quot;335559740&quot;:360}\">&nbsp;<\/span><\/p>\n<\/td>\n<\/tr>\n<tr aria-rowindex=\"15\">\n<td data-celllook=\"0\"><b><span data-contrast=\"auto\">7:00<\/span><\/b><span data-ccp-props=\"{&quot;201341983&quot;:0,&quot;335551550&quot;:2,&quot;335551620&quot;:2,&quot;335559740&quot;:360}\">&nbsp;<\/span><\/td>\n<td data-celllook=\"0\">\n<ul>\n<li aria-setsize=\"-1\" data-leveltext=\"\uf0b7\" data-font=\"Symbol\" data-listid=\"6\" data-list-defn-props=\"{&quot;335552541&quot;:1,&quot;335559685&quot;:360,&quot;335559991&quot;:360,&quot;469769226&quot;:&quot;Symbol&quot;,&quot;469769242&quot;:[8226],&quot;469777803&quot;:&quot;left&quot;,&quot;469777804&quot;:&quot;\uf0b7&quot;,&quot;469777815&quot;:&quot;hybridMultilevel&quot;}\" data-aria-posinset=\"2\" data-aria-level=\"1\"><span data-contrast=\"auto\">Intencja dzi\u0119kczynna z racji 40 r. \u015blubu p. Jagody i Krzysztofa JAGODZI\u0143SKICH <\/span>&nbsp;<br \/>\n<span data-contrast=\"auto\">z pro\u015bb\u0105 o b\u0142og. Bo\u017ce, opiek\u0119 MB Loreta\u0144skiej, zdrowie i potrzebne \u0142aski w dalszym \u017cyciu ma\u0142\u017ce\u0144skim i rodzinnym.&nbsp;<\/span><span data-ccp-props=\"{&quot;201341983&quot;:0,&quot;335559740&quot;:360}\">&nbsp;<\/span><\/li>\n<\/ul>\n<\/td>\n<\/tr>\n<tr aria-rowindex=\"16\">\n<td data-celllook=\"0\"><b><span data-contrast=\"auto\">8:00<\/span><\/b><span data-ccp-props=\"{&quot;201341983&quot;:0,&quot;335551550&quot;:2,&quot;335551620&quot;:2,&quot;335559740&quot;:360}\">&nbsp;<\/span><\/td>\n<td data-celllook=\"0\"><span data-contrast=\"auto\">+<\/span><span data-contrast=\"none\"> Jerzego SZUMSKIEGO <\/span><span data-contrast=\"auto\">(greg. 20.)<\/span><span data-ccp-props=\"{&quot;201341983&quot;:0,&quot;335559740&quot;:360}\">&nbsp;<\/span><\/td>\n<\/tr>\n<tr aria-rowindex=\"17\">\n<td data-celllook=\"0\"><b><span data-contrast=\"auto\">18:00<\/span><\/b><span data-ccp-props=\"{&quot;201341983&quot;:0,&quot;335551550&quot;:2,&quot;335551620&quot;:2,&quot;335559740&quot;:360}\">&nbsp;<\/span><\/td>\n<td data-celllook=\"0\">\n<ul>\n<li aria-setsize=\"-1\" data-leveltext=\"\uf0b7\" data-font=\"Symbol\" data-listid=\"6\" data-list-defn-props=\"{&quot;335552541&quot;:1,&quot;335559685&quot;:360,&quot;335559991&quot;:360,&quot;469769226&quot;:&quot;Symbol&quot;,&quot;469769242&quot;:[8226],&quot;469777803&quot;:&quot;left&quot;,&quot;469777804&quot;:&quot;\uf0b7&quot;,&quot;469777815&quot;:&quot;hybridMultilevel&quot;}\" data-aria-posinset=\"3\" data-aria-level=\"1\"><span data-contrast=\"auto\">W rocznic\u0119 \u015blubu Marii i Andrzeja.&nbsp;<\/span><span data-ccp-props=\"{&quot;201341983&quot;:0,&quot;335551550&quot;:6,&quot;335551620&quot;:6,&quot;335559740&quot;:360}\">&nbsp;<\/span><\/li>\n<\/ul>\n<\/td>\n<\/tr>\n<tr aria-rowindex=\"18\">\n<td colspan=\"2\" data-celllook=\"65536\"><span data-ccp-props=\"{&quot;201341983&quot;:0,&quot;335559740&quot;:360}\">&nbsp;<\/span><\/td>\n<\/tr>\n<tr aria-rowindex=\"19\">\n<td colspan=\"2\" data-celllook=\"0\"><b><span data-contrast=\"auto\">\u015aRODA&nbsp;(22 kwietnia)&nbsp;<\/span><\/b><span data-ccp-props=\"{&quot;201341983&quot;:0,&quot;335551550&quot;:2,&quot;335551620&quot;:2,&quot;335559740&quot;:360}\">&nbsp;<\/span><\/td>\n<\/tr>\n<tr aria-rowindex=\"20\">\n<td data-celllook=\"0\"><b><span data-contrast=\"auto\">7:00<\/span><\/b><span data-ccp-props=\"{&quot;201341983&quot;:0,&quot;335551550&quot;:2,&quot;335551620&quot;:2,&quot;335559740&quot;:360}\">&nbsp;<\/span><\/td>\n<td data-celllook=\"0\"><span data-contrast=\"auto\">+ <\/span><span data-contrast=\"none\">Jerzego SZUMSKIEGO <\/span><span data-contrast=\"auto\">(greg. 21.)<\/span><span data-ccp-props=\"{&quot;201341983&quot;:0,&quot;335559740&quot;:360}\">&nbsp;<\/span><\/td>\n<\/tr>\n<tr aria-rowindex=\"21\">\n<td data-celllook=\"0\"><b><span data-contrast=\"auto\">8:00<\/span><\/b><span data-ccp-props=\"{&quot;201341983&quot;:0,&quot;335551550&quot;:2,&quot;335551620&quot;:2,&quot;335559740&quot;:360}\">&nbsp;<\/span><\/td>\n<td data-celllook=\"0\"><span data-contrast=\"none\">+ Jana KOWALKOWSKIEGO, Mariann\u0119 i Franciszka MIELNICKICH.&nbsp;<\/span><span data-ccp-props=\"{&quot;201341983&quot;:0,&quot;335559740&quot;:360}\">&nbsp;<\/span><\/td>\n<\/tr>\n<tr aria-rowindex=\"22\">\n<td data-celllook=\"0\"><b><span data-contrast=\"auto\">17:45<\/span><\/b><span data-ccp-props=\"{&quot;201341983&quot;:0,&quot;335551550&quot;:2,&quot;335551620&quot;:2,&quot;335559740&quot;:360}\">&nbsp;<\/span><\/td>\n<td data-celllook=\"0\"><b><span data-contrast=\"auto\">NOWENNA<\/span><\/b><span data-ccp-props=\"{&quot;201341983&quot;:0,&quot;335559740&quot;:360}\">&nbsp;<\/span><\/p>\n<p><span data-contrast=\"auto\">+ Agnieszk\u0119 WA\u015a, zmar\u0142ych z rodzin: KOWALCZYK\u00d3W, CUKRZY\u0143SKICH, <\/span>&nbsp;<br \/>\n<span data-contrast=\"auto\">&nbsp;&nbsp; oraz Tadeusza MALISZEWSKIEGO.<\/span><span data-ccp-props=\"{&quot;201341983&quot;:0,&quot;335559740&quot;:360}\">&nbsp;<\/span><\/p>\n<p><span data-contrast=\"auto\">+ Wojciecha KOWALSKIEGO (z racji imienin)<\/span><span data-ccp-props=\"{&quot;201341983&quot;:0,&quot;335559740&quot;:360}\">&nbsp;<\/span><\/p>\n<p><span data-contrast=\"auto\">+ Bronis\u0142aw\u0119 OMELA\u0143CZUK (33 r. \u015bm.) i J\u00f3zefa HRYCIUKA.<\/span><span data-ccp-props=\"{&quot;201341983&quot;:0,&quot;335559740&quot;:360}\">&nbsp;<\/span><\/p>\n<p><span data-contrast=\"auto\">+ Tadeusza WASILEWSKIEGO (20 r. \u015bm.) oraz Boles\u0142awa WASILEWSKIEGO.<\/span><span data-ccp-props=\"{&quot;201341983&quot;:0,&quot;335559740&quot;:360}\">&nbsp;<\/span><\/p>\n<p><span data-contrast=\"auto\">+ za \u015bp. \u017con\u0119 Helen\u0119 PONCELEUSZ (27 r. \u015bm.), oraz rodzic\u00f3w: W\u0142adys\u0142awa i Helen\u0119<\/span>&nbsp;<br \/>\n<span data-contrast=\"auto\">&nbsp;&nbsp; PONCELEUSZ, Jana, Teres\u0119, Mari\u0119 i Stanis\u0142awa.&nbsp;<\/span><span data-ccp-props=\"{&quot;201341983&quot;:0,&quot;335559740&quot;:360}\">&nbsp;<\/span><\/p>\n<p><span data-contrast=\"auto\">+ Wojciecha IZBI\u0143SKIEGO (z racji imienin i rocznicy ur.) oraz dziadk\u00f3w z obojga stron.&nbsp;<\/span><span data-ccp-props=\"{&quot;201341983&quot;:0,&quot;335559740&quot;:360}\">&nbsp;<\/span><\/p>\n<p><span data-contrast=\"auto\">+ Stanis\u0142awa WOJTY\u015a (1 r. \u015bm.)<\/span><span data-ccp-props=\"{&quot;201341983&quot;:0,&quot;335559740&quot;:360}\">&nbsp;<\/span><\/p>\n<p><span data-contrast=\"auto\">+ Wojciecha WOJTASIK (z racji imienin).&nbsp;<\/span><span data-ccp-props=\"{&quot;201341983&quot;:0,&quot;335559740&quot;:360}\">&nbsp;<\/span><\/td>\n<\/tr>\n<tr aria-rowindex=\"23\">\n<td colspan=\"2\" data-celllook=\"65536\"><span data-ccp-props=\"{&quot;201341983&quot;:0,&quot;335551550&quot;:2,&quot;335551620&quot;:2,&quot;335559740&quot;:360}\">&nbsp;<\/span><\/td>\n<\/tr>\n<tr aria-rowindex=\"24\">\n<td colspan=\"2\" data-celllook=\"0\">\n<p style=\"text-align: center;\"><b><span data-contrast=\"auto\">CZWARTEK&nbsp;(23 kwietnia)<\/span><\/b><span data-ccp-props=\"{&quot;201341983&quot;:0,&quot;335551550&quot;:2,&quot;335551620&quot;:2,&quot;335559740&quot;:360}\">&nbsp;<\/span><\/p>\n<p style=\"text-align: center;\"><b><span data-contrast=\"auto\">\u015aw. Wojciecha, biskupa i m\u0119czennika, g\u0142\u00f3wnego patrona Polski \u2013 uroczysto\u015b\u0107&nbsp;<\/span><\/b><span data-ccp-props=\"{&quot;201341983&quot;:0,&quot;335551550&quot;:2,&quot;335551620&quot;:2,&quot;335559740&quot;:360}\">&nbsp;<\/span><\/p>\n<\/td>\n<\/tr>\n<tr aria-rowindex=\"25\">\n<td data-celllook=\"0\"><b><span data-contrast=\"auto\">7:00<\/span><\/b><span data-ccp-props=\"{&quot;201341983&quot;:0,&quot;335551550&quot;:2,&quot;335551620&quot;:2,&quot;335559740&quot;:360}\">&nbsp;<\/span><\/td>\n<td data-celllook=\"0\">\n<ul>\n<li aria-setsize=\"-1\" data-leveltext=\"\uf0b7\" data-font=\"Symbol\" data-listid=\"6\" data-list-defn-props=\"{&quot;335552541&quot;:1,&quot;335559685&quot;:360,&quot;335559991&quot;:360,&quot;469769226&quot;:&quot;Symbol&quot;,&quot;469769242&quot;:[8226],&quot;469777803&quot;:&quot;left&quot;,&quot;469777804&quot;:&quot;\uf0b7&quot;,&quot;469777815&quot;:&quot;hybridMultilevel&quot;}\" data-aria-posinset=\"4\" data-aria-level=\"1\"><span data-contrast=\"auto\">Int. dz-b\u0142agalna z okazji 74 urodzin dla Ryszarda, z pro\u015bb\u0105 o Bo\u017ce b\u0142ogos\u0142awie\u0144stwo <\/span>&nbsp;<br \/>\n<span data-contrast=\"auto\">i opiek\u0119 MB Loreta\u0144skiej, oraz o \u0142ask\u0119 zbawienia dla Zofii KUSI\u0143SKIEJ (28 r. \u015bm.)&nbsp;<\/span><span data-ccp-props=\"{&quot;201341983&quot;:0,&quot;335559740&quot;:360}\">&nbsp;<\/span><\/li>\n<\/ul>\n<\/td>\n<\/tr>\n<tr aria-rowindex=\"26\">\n<td data-celllook=\"0\"><b><span data-contrast=\"auto\">8:00<\/span><\/b><span data-ccp-props=\"{&quot;201341983&quot;:0,&quot;335551550&quot;:2,&quot;335551620&quot;:2,&quot;335559740&quot;:360}\">&nbsp;<\/span><\/td>\n<td data-celllook=\"0\"><span data-contrast=\"auto\">+ <\/span><span data-contrast=\"none\">Jerzego SZUMSKIEGO (greg. 22.)<\/span><span data-ccp-props=\"{&quot;201341983&quot;:0,&quot;335559740&quot;:360}\">&nbsp;<\/span><\/td>\n<\/tr>\n<tr aria-rowindex=\"27\">\n<td data-celllook=\"0\"><b><span data-contrast=\"auto\">18:00<\/span><\/b><span data-ccp-props=\"{&quot;201341983&quot;:0,&quot;335551550&quot;:2,&quot;335551620&quot;:2,&quot;335559740&quot;:360}\">&nbsp;<\/span><\/td>\n<td data-celllook=\"0\"><span data-contrast=\"auto\">+ Zdzis\u0142awa (33 r. \u015bm.)<\/span><span data-ccp-props=\"{&quot;201341983&quot;:0,&quot;335559740&quot;:360}\">&nbsp;<\/span><\/td>\n<\/tr>\n<tr aria-rowindex=\"28\">\n<td colspan=\"2\" data-celllook=\"65536\"><span data-ccp-props=\"{&quot;201341983&quot;:0,&quot;335551550&quot;:2,&quot;335551620&quot;:2,&quot;335559740&quot;:360}\">&nbsp;<\/span><\/td>\n<\/tr>\n<tr aria-rowindex=\"29\">\n<td colspan=\"2\" data-celllook=\"0\">\n<p style=\"text-align: center;\"><b><span data-contrast=\"auto\">PI\u0104TEK&nbsp;(24 kwietnia)<\/span><\/b><\/p>\n<\/td>\n<\/tr>\n<tr aria-rowindex=\"30\">\n<td data-celllook=\"0\"><b><span data-contrast=\"auto\">7:00<\/span><\/b><span data-ccp-props=\"{&quot;201341983&quot;:0,&quot;335551550&quot;:2,&quot;335551620&quot;:2,&quot;335559740&quot;:360}\">&nbsp;<\/span><\/td>\n<td data-celllook=\"0\"><span data-contrast=\"auto\">+ Piotra TABACZY\u0143SKIEGO (10 miesi\u0119cy po \u015bm.)<\/span><span data-ccp-props=\"{&quot;201341983&quot;:0,&quot;335559740&quot;:360}\">&nbsp;<\/span><\/td>\n<\/tr>\n<tr aria-rowindex=\"31\">\n<td data-celllook=\"0\"><b><span data-contrast=\"auto\">8:00<\/span><\/b><span data-ccp-props=\"{&quot;201341983&quot;:0,&quot;335551550&quot;:2,&quot;335551620&quot;:2,&quot;335559740&quot;:360}\">&nbsp;<\/span><\/td>\n<td data-celllook=\"0\"><span data-contrast=\"auto\">+ <\/span><span data-contrast=\"none\">Jerzego SZUMSKIEGO (greg. 23.)<\/span><span data-ccp-props=\"{&quot;201341983&quot;:0,&quot;335559740&quot;:360}\">&nbsp;<\/span><\/td>\n<\/tr>\n<tr aria-rowindex=\"32\">\n<td data-celllook=\"0\"><b><span data-contrast=\"auto\">18:00<\/span><\/b><span data-ccp-props=\"{&quot;201341983&quot;:0,&quot;335551550&quot;:2,&quot;335551620&quot;:2,&quot;335559740&quot;:360}\">&nbsp;<\/span><\/td>\n<td data-celllook=\"0\"><span data-ccp-props=\"{&quot;201341983&quot;:0,&quot;335559740&quot;:360}\">&nbsp;<\/span><\/td>\n<\/tr>\n<tr aria-rowindex=\"33\">\n<td colspan=\"2\" data-celllook=\"65536\"><span data-ccp-props=\"{&quot;201341983&quot;:0,&quot;335551550&quot;:2,&quot;335551620&quot;:2,&quot;335559740&quot;:360}\">&nbsp;<\/span><\/td>\n<\/tr>\n<tr aria-rowindex=\"34\">\n<td colspan=\"2\" data-celllook=\"0\">\n<p style=\"text-align: center;\"><b><span data-contrast=\"auto\">SOBOTA&nbsp;(25 kwietnia)<\/span><\/b><span data-ccp-props=\"{&quot;201341983&quot;:0,&quot;335551550&quot;:2,&quot;335551620&quot;:2,&quot;335559740&quot;:360}\">&nbsp;<\/span><\/p>\n<p style=\"text-align: center;\"><b><span data-contrast=\"auto\">\u015aw. Marka Ewangelisty \u2013 \u015bwi\u0119to&nbsp;<\/span><\/b><span data-ccp-props=\"{&quot;201341983&quot;:0,&quot;335551550&quot;:2,&quot;335551620&quot;:2,&quot;335559740&quot;:360}\">&nbsp;<\/span><\/p>\n<\/td>\n<\/tr>\n<tr aria-rowindex=\"35\">\n<td data-celllook=\"0\"><b><span data-contrast=\"auto\">7:00<\/span><\/b><span data-ccp-props=\"{&quot;201341983&quot;:0,&quot;335551550&quot;:2,&quot;335551620&quot;:2,&quot;335559740&quot;:360}\">&nbsp;<\/span><\/td>\n<td data-celllook=\"0\"><span data-contrast=\"none\">+ Jerzego SZUMSKIEGO <\/span><span data-contrast=\"auto\">(greg. 24.)<\/span><span data-ccp-props=\"{&quot;201341983&quot;:0,&quot;335559740&quot;:360,&quot;469777462&quot;:[1211],&quot;469777927&quot;:[0],&quot;469777928&quot;:[1]}\">&nbsp;<\/span><\/td>\n<\/tr>\n<tr aria-rowindex=\"36\">\n<td data-celllook=\"0\"><b><span data-contrast=\"auto\">8:00<\/span><\/b><span data-ccp-props=\"{&quot;201341983&quot;:0,&quot;335551550&quot;:2,&quot;335551620&quot;:2,&quot;335559740&quot;:360}\">&nbsp;<\/span><\/td>\n<td data-celllook=\"0\"><span data-ccp-props=\"{&quot;201341983&quot;:0,&quot;335559740&quot;:360,&quot;469777462&quot;:[1211],&quot;469777927&quot;:[0],&quot;469777928&quot;:[1]}\">&nbsp;<\/span><\/td>\n<\/tr>\n<tr aria-rowindex=\"37\">\n<td data-celllook=\"0\"><b><span data-contrast=\"auto\">18:00<\/span><\/b><span data-ccp-props=\"{&quot;201341983&quot;:0,&quot;335551550&quot;:2,&quot;335551620&quot;:2,&quot;335559740&quot;:360}\">&nbsp;<\/span><\/td>\n<td data-celllook=\"0\"><span data-contrast=\"none\">+ Marka CH\u0104DZY\u0143SKIEGO (int. imieninowa), Bronis\u0142aw\u0119 i J\u00f3zefa CH\u0104DZY\u0143SKICH<\/span><span data-ccp-props=\"{&quot;201341983&quot;:0,&quot;335559740&quot;:360,&quot;469777462&quot;:[1211],&quot;469777927&quot;:[0],&quot;469777928&quot;:[1]}\">&nbsp;<\/span><\/p>\n<p><span data-contrast=\"none\">Katarzyn\u0119 i Ludwika MARUSZAK\u00d3W, zm. z r. CH\u0104DZY\u0143SKICH i MARUSZAK\u00d3W<\/span><span data-ccp-props=\"{&quot;201341983&quot;:0,&quot;335559740&quot;:360,&quot;469777462&quot;:[1211],&quot;469777927&quot;:[0],&quot;469777928&quot;:[1]}\">&nbsp;<\/span><\/td>\n<\/tr>\n<\/tbody>\n<\/table>\n<\/div><\/section>\n","protected":false},"excerpt":{"rendered":"","protected":false},"author":1,"featured_media":3833,"comment_status":"closed","ping_status":"closed","sticky":false,"template":"","format":"standard","meta":{"ngg_post_thumbnail":0,"footnotes":""},"categories":[6],"tags":[],"class_list":["post-6371","post","type-post","status-publish","format-standard","has-post-thumbnail","hentry","category-intencje-mszalne"],"_links":{"self":[{"href":"https:\/\/mbloretanska.pl\/index.php?rest_route=\/wp\/v2\/posts\/6371","targetHints":{"allow":["GET"]}}],"collection":[{"href":"https:\/\/mbloretanska.pl\/index.php?rest_route=\/wp\/v2\/posts"}],"about":[{"href":"https:\/\/mbloretanska.pl\/index.php?rest_route=\/wp\/v2\/types\/post"}],"author":[{"embeddable":true,"href":"https:\/\/mbloretanska.pl\/index.php?rest_route=\/wp\/v2\/users\/1"}],"replies":[{"embeddable":true,"href":"https:\/\/mbloretanska.pl\/index.php?rest_route=%2Fwp%2Fv2%2Fcomments&post=6371"}],"version-history":[{"count":1,"href":"https:\/\/mbloretanska.pl\/index.php?rest_route=\/wp\/v2\/posts\/6371\/revisions"}],"predecessor-version":[{"id":6372,"href":"https:\/\/mbloretanska.pl\/index.php?rest_route=\/wp\/v2\/posts\/6371\/revisions\/6372"}],"wp:featuredmedia":[{"embeddable":true,"href":"https:\/\/mbloretanska.pl\/index.php?rest_route=\/wp\/v2\/media\/3833"}],"wp:attachment":[{"href":"https:\/\/mbloretanska.pl\/index.php?rest_route=%2Fwp%2Fv2%2Fmedia&parent=6371"}],"wp:term":[{"taxonomy":"category","embeddable":true,"href":"https:\/\/mbloretanska.pl\/index.php?rest_route=%2Fwp%2Fv2%2Fcategories&post=6371"},{"taxonomy":"post_tag","embeddable":true,"href":"https:\/\/mbloretanska.pl\/index.php?rest_route=%2Fwp%2Fv2%2Ftags&post=6371"}],"curies":[{"name":"wp","href":"https:\/\/api.w.org\/{rel}","templated":true}]}}