{"id":6341,"date":"2026-03-28T10:18:50","date_gmt":"2026-03-28T09:18:50","guid":{"rendered":"https:\/\/mbloretanska.pl\/?p=6341"},"modified":"2026-03-28T10:18:52","modified_gmt":"2026-03-28T09:18:52","slug":"niedziela-palmowa-meki-panskiej-29-03-2026","status":"publish","type":"post","link":"https:\/\/mbloretanska.pl\/?p=6341","title":{"rendered":"NIEDZIELA PALMOWA M\u0118KI PA\u0143SKIEJ 29.03.2026"},"content":{"rendered":"<section  class='av_textblock_section av-mna4a1jj-027270f8c451168f88c6c1bd2d1544ed '   itemscope=\"itemscope\" itemtype=\"https:\/\/schema.org\/BlogPosting\" itemprop=\"blogPost\" ><div class='avia_textblock'  itemprop=\"text\" ><p>1.&nbsp;&nbsp;&nbsp; Niedziela Palmowa rozpoczyna Wielki Tydzie\u0144, w kt\u00f3rym b\u0119dziemy prze\u017cywa\u0107 najwi\u0119ksze tajemnice naszej wiary. O 17.15 ostatnie w tym roku Gorzkie \u017bale.<\/p>\n<p>2.&nbsp;&nbsp;&nbsp; Zach\u0119camy do spowiedzi wielkanocnej jeszcze przed \u015bwi\u0119tami. Wponiedzia\u0142ek, wtorek i \u015brod\u0119 spowied\u017a podczas ka\u017cdej Mszy \u015bw. W czasie Triduum od Wielkiego Czwartku do \u015awi\u0105t Wielkanocnych nie b\u0119dzie ju\u017c mo\u017cliwo\u015bci przyst\u0105pienia do sakramentu pokuty.<\/p>\n<p>3.&nbsp;&nbsp;&nbsp; <span data-ogsc=\"black\">Kancelaria parafialna w Wielkim Tygodniu b\u0119dzie czynna<\/span> do \u015brody w\u0142\u0105cznie. W pi\u0105tek kancelaria b\u0119dzie nieczynna.<\/p>\n<p>4.&nbsp;&nbsp;&nbsp; W czwartek rozpoczyna si\u0119 \u015awi\u0119te Triduum Paschalne Nie b\u0119dzie przez te trzy dni Mszy porannych, tylko uroczyste nabo\u017ce\u0144stwa wieczorne.<\/p>\n<p style=\"text-align: center;\"><b>Wielki Czwartek godz. 18.00 &#8211; Msza Wieczerzy Pa\u0144skiej<\/b><\/p>\n<p style=\"text-align: center;\"><b>Wielki Pi\u0105tek godz. 18.00 &#8211; Liturgia M\u0119ki Pa\u0144skiej<\/b><\/p>\n<p style=\"text-align: center;\"><b>Wielka Sobota godz. 19.30 &#8211; Wigilia Paschalna<\/b><b><span data-ogsc=\"black\">.<\/span><\/b><\/p>\n<p>5.&nbsp;&nbsp;&nbsp; <span data-ogsc=\"black\">W Wielki Pi\u0105tek i w Wielk\u0105 Sobot\u0119 o godz. 8.00 ciemna jutrznia.<\/span><b><\/b><\/p>\n<p>6.&nbsp;&nbsp;&nbsp; <span data-ogsc=\"black\">W Wielki Pi\u0105tek osoby w wieku od 18 do 60 lat obowi\u0105zuje post \u015bcis\u0142y.<\/span><\/p>\n<p>7.&nbsp;&nbsp;&nbsp; <span data-ogsc=\"black\">Pokarmy na st\u00f3\u0142 wielkanocny b\u0119dziemy \u015bwi\u0119ci\u0107 w Wielk\u0105 Sobot\u0119 w godzinach od 9.00 do 16.00. <\/span><span data-ogsc=\"black\">W tym czasie ministranci b\u0119d\u0105 rozprowadza\u0107 wod\u0119 \u015bwi\u0119con\u0105.<\/span><\/p>\n<p>8.&nbsp;&nbsp;&nbsp; <span data-ogsc=\"black\">&nbsp;<b>W Niedziel\u0119 <\/b><\/span><b>Zmartwychwstania Pa\u0144skiego Rezurekcja o godz. 6.30.<\/b> Serdecznie zapraszamy na procesj\u0119 rezurekcyjn\u0105. Po Rezurekcji kolejne Msze wielkanocne pocz\u0105wszy od godz. 9.00 wed\u0142ug porz\u0105dku niedzielnego.<\/p>\n<p>9.&nbsp;&nbsp;&nbsp; <span data-ogsc=\"black\">&nbsp;Do skarbonki przed Domkiem Loreta\u0144skim mo\u017cemy sk\u0142ada\u0107 ofiary na kwiaty do grobu Pana Jezusa. Wszystkim ofiarodawcom serdecznie dzi\u0119kujemy.<\/span><\/p>\n<p><span data-ogsc=\"black\">10. &nbsp; &nbsp;Nasza parafia organizuje jednodniow\u0105 pielgrzymk\u0119 autokarow\u0105 do sanktuarium Matki Bo\u017cej w Gietrzwa\u0142dzie. Wyjazd w sobot\u0119 25 kwietnia 2026 r. o godz. 7.00, powr\u00f3t ok. godz. 21.00. Koszt pielgrzymki wraz z obiadem to 160 z\u0142. Zapisy u ksi\u0119dza Proboszcza.<\/span><\/p>\n<p><span data-ogsc=\"black\">11. &nbsp; &nbsp; &nbsp;Ze wzgl\u0119du na stan zdrowia i pobyt w szpitalu osoby redaguj\u0105cej nasz\u0105 gazetk\u0119 <i>We\u017a Ewangeli\u0119 do domu<\/i> nie by\u0142o mo\u017cliwe przygotowanie dzisiejszego numeru. Podarujmy pani El\u017cbiecie modlitw\u0119, kt\u00f3rej obecnie bardzo potrzebuje. <\/span><\/p>\n<\/div><\/section>\n","protected":false},"excerpt":{"rendered":"","protected":false},"author":1,"featured_media":3832,"comment_status":"closed","ping_status":"closed","sticky":false,"template":"","format":"standard","meta":{"ngg_post_thumbnail":0,"footnotes":""},"categories":[3],"tags":[],"class_list":["post-6341","post","type-post","status-publish","format-standard","has-post-thumbnail","hentry","category-ogloszenia-duszpasterskie"],"_links":{"self":[{"href":"https:\/\/mbloretanska.pl\/index.php?rest_route=\/wp\/v2\/posts\/6341","targetHints":{"allow":["GET"]}}],"collection":[{"href":"https:\/\/mbloretanska.pl\/index.php?rest_route=\/wp\/v2\/posts"}],"about":[{"href":"https:\/\/mbloretanska.pl\/index.php?rest_route=\/wp\/v2\/types\/post"}],"author":[{"embeddable":true,"href":"https:\/\/mbloretanska.pl\/index.php?rest_route=\/wp\/v2\/users\/1"}],"replies":[{"embeddable":true,"href":"https:\/\/mbloretanska.pl\/index.php?rest_route=%2Fwp%2Fv2%2Fcomments&post=6341"}],"version-history":[{"count":1,"href":"https:\/\/mbloretanska.pl\/index.php?rest_route=\/wp\/v2\/posts\/6341\/revisions"}],"predecessor-version":[{"id":6342,"href":"https:\/\/mbloretanska.pl\/index.php?rest_route=\/wp\/v2\/posts\/6341\/revisions\/6342"}],"wp:featuredmedia":[{"embeddable":true,"href":"https:\/\/mbloretanska.pl\/index.php?rest_route=\/wp\/v2\/media\/3832"}],"wp:attachment":[{"href":"https:\/\/mbloretanska.pl\/index.php?rest_route=%2Fwp%2Fv2%2Fmedia&parent=6341"}],"wp:term":[{"taxonomy":"category","embeddable":true,"href":"https:\/\/mbloretanska.pl\/index.php?rest_route=%2Fwp%2Fv2%2Fcategories&post=6341"},{"taxonomy":"post_tag","embeddable":true,"href":"https:\/\/mbloretanska.pl\/index.php?rest_route=%2Fwp%2Fv2%2Ftags&post=6341"}],"curies":[{"name":"wp","href":"https:\/\/api.w.org\/{rel}","templated":true}]}}