{"id":6251,"date":"2026-01-25T13:22:38","date_gmt":"2026-01-25T12:22:38","guid":{"rendered":"https:\/\/mbloretanska.pl\/?p=6251"},"modified":"2026-01-25T13:22:40","modified_gmt":"2026-01-25T12:22:40","slug":"intencje-mszalne-25-31-01-2026","status":"publish","type":"post","link":"https:\/\/mbloretanska.pl\/?p=6251","title":{"rendered":"intencje mszalne 25-31.01.2026"},"content":{"rendered":"<section  class='av_textblock_section av-mktpk3tb-f5ea21559b8b4ae28893b0415126f8f2 '   itemscope=\"itemscope\" itemtype=\"https:\/\/schema.org\/BlogPosting\" itemprop=\"blogPost\" ><div class='avia_textblock'  itemprop=\"text\" ><table style=\"font-weight: 400;\" width=\"699\">\n<tbody>\n<tr>\n<td colspan=\"2\" width=\"699\"><strong>&nbsp;<\/strong><\/td>\n<\/tr>\n<tr>\n<td colspan=\"2\" width=\"699\">\n<p style=\"text-align: center;\"><strong>III NIEDZIELA ZWYK\u0141A <\/strong><strong>(25 stycznia 2026 r.)<\/strong><\/p>\n<\/td>\n<\/tr>\n<tr>\n<td width=\"56\"><strong>7:30<\/strong><\/td>\n<td width=\"643\">+ Natali\u0119 Ew\u0119 ZYGA.<\/td>\n<\/tr>\n<tr>\n<td width=\"56\"><strong>9:00<\/strong><\/td>\n<td width=\"643\">+ Eugeniusza \u0141\u0104CKIEGO (greg. 25.)<\/td>\n<\/tr>\n<tr>\n<td width=\"56\"><strong>10:30<\/strong><\/td>\n<td width=\"643\">+ Ma\u0142gorzat\u0119 KOZAK.<\/td>\n<\/tr>\n<tr>\n<td width=\"56\"><strong>12:00<\/strong><\/td>\n<td width=\"643\">\u00b7&nbsp;&nbsp;&nbsp;&nbsp;&nbsp; O zdrowie dla Marii i Andrzeja B\u0141A\u017bEWICZ.<\/p>\n<p>\u00b7&nbsp;&nbsp;&nbsp;&nbsp;&nbsp; W intencji Nikodema oraz jego rodziny , o potrzebne \u0142aski i si\u0142y i szcz\u0119\u015bliwy powr\u00f3t do domu.<\/p>\n<p>+ Feliks\u0119 i Wac\u0142awa SZEWCZYK, Aniel\u0119 i Boles\u0142awa DZIK,<br \/>\n&nbsp;&nbsp; zm. z rodziny SZEWCZYK\u00d3W, ZIELONYCH, DZIK\u00d3W i MAJDAK\u00d3W.<\/p>\n<p>+ Stanis\u0142aw\u0119 i W\u0142adys\u0142awa \u015aWIERZBIO\u0141EK.<\/p>\n<p>+ Wand\u0119 KRYSTEL (1 r. \u015bm.)<\/p>\n<p>+ Wand\u0119 KOBIERSK\u0104 (30 dz. po \u015bm.)<\/p>\n<p>+ Janusza WI\u015aNIEWSKIEGO (30 dz. po \u015bm.)<\/p>\n<p>+ Zbigniewa FURMANKIEWICZA (1 r. \u015bm.), Mariann\u0119 FURMANKIEWICZ (7 r. \u015bm.)<\/p>\n<p>+ Eugeniusza i Alicj\u0119 MOSKWA.<\/p>\n<p>+ Wies\u0142awa KOSIM.<\/td>\n<\/tr>\n<tr>\n<td width=\"56\"><strong>18:00<\/strong><\/td>\n<td width=\"643\">+ O dar nieba dla Ireny, Stanis\u0142awa, Waldemara \u015aLUSARCZUK<br \/>\n&nbsp;&nbsp; oraz zmar\u0142ych c.r. BANASIUK\u00d3W.<\/td>\n<\/tr>\n<tr>\n<td colspan=\"2\" width=\"699\"><strong>&nbsp;<\/strong><\/td>\n<\/tr>\n<tr>\n<td colspan=\"2\" width=\"699\">\n<p style=\"text-align: center;\"><strong>PONIEDZIA\u0141EK (26 stycznia) <\/strong><\/p>\n<\/td>\n<\/tr>\n<tr>\n<td width=\"56\"><strong>7:00<\/strong><\/td>\n<td width=\"643\">+ Zofi\u0119 (8 r. \u015bm.)<\/td>\n<\/tr>\n<tr>\n<td width=\"56\"><strong>8:00<\/strong><\/td>\n<td width=\"643\">+ Wand\u0119 KOBIERSK\u0104 (30 dz. po \u015bm.)<\/td>\n<\/tr>\n<tr>\n<td width=\"56\"><strong>18:00<\/strong><\/td>\n<td width=\"643\">+ Eugeniusza \u0141\u0104CKIEGO (greg. 26.)<\/td>\n<\/tr>\n<tr>\n<td colspan=\"2\" width=\"699\">&nbsp;<\/td>\n<\/tr>\n<tr>\n<td colspan=\"2\" width=\"699\">\n<p style=\"text-align: center;\"><strong>WTOREK (27 stycznia)<\/strong><\/p>\n<p style=\"text-align: center;\"><strong>B\u0142. Jerzego Matulewicza \u2013 wspomnienie <\/strong><\/p>\n<\/td>\n<\/tr>\n<tr>\n<td width=\"56\"><strong>7:30<\/strong><\/td>\n<td width=\"643\">\u00b7&nbsp;&nbsp;&nbsp;&nbsp;&nbsp; O \u0142ask\u0119 wiary dla os\u00f3b z rodzin: MOTYKA, ANDRUCH\u00d3W, HAJDUK,<br \/>\noraz o uwolnienie z czy\u015b\u0107ca zmar\u0142ych z tych rodzin.<\/td>\n<\/tr>\n<tr>\n<td width=\"56\"><strong>8:00<\/strong><\/td>\n<td width=\"643\">\u00b7&nbsp;&nbsp;&nbsp;&nbsp;&nbsp; O Bo\u017ce b\u0142og. i potrzebne \u0142aski w Nowym Roku dla Mateusza, Micha\u0142a, Natalii,<br \/>\nDominika oraz ich rodzin.<\/td>\n<\/tr>\n<tr>\n<td width=\"56\"><strong>18:00<\/strong><\/td>\n<td width=\"643\">+ Eugeniusza \u0141\u0104CKIEGO (greg. 27.)<\/td>\n<\/tr>\n<tr>\n<td colspan=\"2\" width=\"699\">&nbsp;<\/td>\n<\/tr>\n<tr>\n<td colspan=\"2\" width=\"699\">\n<p style=\"text-align: center;\"><strong>\u015aRODA (28 stycznia)<\/strong><\/p>\n<p style=\"text-align: center;\"><strong>\u015aw. Tomasza z Akwinu, prezbitera i doktora Ko\u015bcio\u0142a \u2013 wspomnienie&nbsp; <\/strong><\/p>\n<\/td>\n<\/tr>\n<tr>\n<td width=\"56\"><strong>7:00<\/strong><\/td>\n<td width=\"643\">&nbsp;<\/td>\n<\/tr>\n<tr>\n<td width=\"56\"><strong>8:00<\/strong><\/td>\n<td width=\"643\">+ Eugeniusza \u0141\u0104CKIEGO (greg. 28.)<\/td>\n<\/tr>\n<tr>\n<td width=\"56\"><strong>17:45<\/strong><\/td>\n<td width=\"643\"><strong>NOWENNA<\/strong><\/p>\n<p>+ Sebastiana Piotra TYLI\u0143SKIEGO (1 r. \u015bm.)<\/p>\n<p>+ Henryk\u0119 Sabin\u0119 TYLI\u0143SK\u0104 (15 r. \u015bm.)<\/td>\n<\/tr>\n<tr>\n<td colspan=\"2\" width=\"699\"><strong>&nbsp;<\/strong><\/td>\n<\/tr>\n<tr>\n<td colspan=\"2\" width=\"699\">\n<p style=\"text-align: center;\"><strong>CZWARTEK (29 stycznia)<\/strong><\/p>\n<\/td>\n<\/tr>\n<tr>\n<td width=\"56\"><strong>7:00<\/strong><\/td>\n<td width=\"643\">&nbsp;<\/p>\n<p>&nbsp;<\/td>\n<\/tr>\n<tr>\n<td width=\"56\"><strong>8:00<\/strong><\/td>\n<td width=\"643\">&nbsp;<\/p>\n<p>&nbsp;<\/td>\n<\/tr>\n<tr>\n<td width=\"56\"><strong>18:00<\/strong><\/td>\n<td width=\"643\">+ Eugeniusza \u0141\u0104CKIEGO (greg. 29.)<\/td>\n<\/tr>\n<tr>\n<td colspan=\"2\" width=\"699\"><strong>&nbsp;<\/strong><\/td>\n<\/tr>\n<tr>\n<td colspan=\"2\" width=\"699\">\n<p style=\"text-align: center;\"><strong>PI\u0104TEK (30 stycznia)<\/strong><\/p>\n<\/td>\n<\/tr>\n<tr>\n<td width=\"56\"><strong>7:00<\/strong><\/td>\n<td width=\"643\">&nbsp;<\/p>\n<p>&nbsp;<\/td>\n<\/tr>\n<tr>\n<td width=\"56\"><strong>8:00<\/strong><\/td>\n<td width=\"643\">+ Romuald\u0119 (41 r. \u015bm.)<\/td>\n<\/tr>\n<tr>\n<td width=\"56\"><strong>18:00<\/strong><\/td>\n<td width=\"643\">+ Eugeniusza \u0141\u0104CKIEGO (greg. 30.)<\/td>\n<\/tr>\n<tr>\n<td colspan=\"2\" width=\"699\"><strong>&nbsp;<\/strong><\/td>\n<\/tr>\n<tr>\n<td colspan=\"2\" width=\"699\">\n<p style=\"text-align: center;\"><strong>SOBOTA (31 stycznia)<\/strong><\/p>\n<\/td>\n<\/tr>\n<tr>\n<td width=\"56\"><strong>7:00<\/strong><\/td>\n<td width=\"643\">+ Jacka GRUSZK\u0118 (5 r. \u015bm.), Mariana, Ann\u0119, Zofi\u0119, Wies\u0142awa, Wac\u0142aw\u0119 z r. GRUSZKA<\/td>\n<\/tr>\n<tr>\n<td width=\"56\"><strong>8:00<\/strong><\/td>\n<td width=\"643\">+ Stefani\u0119 LEPIANKO (1 r. \u015bm.)<\/td>\n<\/tr>\n<tr>\n<td width=\"56\"><strong>18:00<\/strong><\/td>\n<td width=\"643\">+ Alicj\u0119 SOBIESIAK (5 r. \u015bm.)<\/td>\n<\/tr>\n<\/tbody>\n<\/table>\n<p style=\"font-weight: 400;\">&nbsp;<\/p>\n<\/div><\/section>\n","protected":false},"excerpt":{"rendered":"","protected":false},"author":1,"featured_media":3833,"comment_status":"closed","ping_status":"closed","sticky":false,"template":"","format":"standard","meta":{"ngg_post_thumbnail":0,"footnotes":""},"categories":[6],"tags":[],"class_list":["post-6251","post","type-post","status-publish","format-standard","has-post-thumbnail","hentry","category-intencje-mszalne"],"_links":{"self":[{"href":"https:\/\/mbloretanska.pl\/index.php?rest_route=\/wp\/v2\/posts\/6251","targetHints":{"allow":["GET"]}}],"collection":[{"href":"https:\/\/mbloretanska.pl\/index.php?rest_route=\/wp\/v2\/posts"}],"about":[{"href":"https:\/\/mbloretanska.pl\/index.php?rest_route=\/wp\/v2\/types\/post"}],"author":[{"embeddable":true,"href":"https:\/\/mbloretanska.pl\/index.php?rest_route=\/wp\/v2\/users\/1"}],"replies":[{"embeddable":true,"href":"https:\/\/mbloretanska.pl\/index.php?rest_route=%2Fwp%2Fv2%2Fcomments&post=6251"}],"version-history":[{"count":1,"href":"https:\/\/mbloretanska.pl\/index.php?rest_route=\/wp\/v2\/posts\/6251\/revisions"}],"predecessor-version":[{"id":6252,"href":"https:\/\/mbloretanska.pl\/index.php?rest_route=\/wp\/v2\/posts\/6251\/revisions\/6252"}],"wp:featuredmedia":[{"embeddable":true,"href":"https:\/\/mbloretanska.pl\/index.php?rest_route=\/wp\/v2\/media\/3833"}],"wp:attachment":[{"href":"https:\/\/mbloretanska.pl\/index.php?rest_route=%2Fwp%2Fv2%2Fmedia&parent=6251"}],"wp:term":[{"taxonomy":"category","embeddable":true,"href":"https:\/\/mbloretanska.pl\/index.php?rest_route=%2Fwp%2Fv2%2Fcategories&post=6251"},{"taxonomy":"post_tag","embeddable":true,"href":"https:\/\/mbloretanska.pl\/index.php?rest_route=%2Fwp%2Fv2%2Ftags&post=6251"}],"curies":[{"name":"wp","href":"https:\/\/api.w.org\/{rel}","templated":true}]}}