{"id":6180,"date":"2025-12-12T10:49:23","date_gmt":"2025-12-12T09:49:23","guid":{"rendered":"https:\/\/mbloretanska.pl\/?p=6180"},"modified":"2025-12-12T10:49:25","modified_gmt":"2025-12-12T09:49:25","slug":"iii-niedziela-adwentu-14-12-2025","status":"publish","type":"post","link":"https:\/\/mbloretanska.pl\/?p=6180","title":{"rendered":"III NIEDZIELA ADWENTU 14.12.2025"},"content":{"rendered":"<section  class='av_textblock_section av-mj2ops7q-9e292b02e886d4a4ed2b9ee8c97ba274 '   itemscope=\"itemscope\" itemtype=\"https:\/\/schema.org\/BlogPosting\" itemprop=\"blogPost\" ><div class='avia_textblock'  itemprop=\"text\" ><p class=\"gmail-MsoListParagraphCxSpFirst\">1.&nbsp;&nbsp;&nbsp;&nbsp; Zapraszamy po op\u0142atki wigilijne oraz \u015bwiece Caritas.&nbsp; Ofiary za op\u0142atki i doch\u00f3d ze \u015bwiec przeznaczamy na remont ko\u015bcio\u0142a.<\/p>\n<p class=\"gmail-MsoListParagraphCxSpMiddle\">2.&nbsp;&nbsp;&nbsp;&nbsp; Dzi\u0119kujemy o. Leonowi Barczakowi oraz wszystkim osobom wspomagaj\u0105cym za poprowadzenie adwentowych rekolekcji. Zach\u0119camy, aby nie odk\u0142ada\u0107 spowiedzi na ostatni\u0105 chwil\u0119. W dni powszednie nie ma kolejek do konfesjona\u0142u.<\/p>\n<p class=\"gmail-MsoListParagraphCxSpMiddle\">3.&nbsp;&nbsp;&nbsp;&nbsp; Pasterk\u0119 w noc Bo\u017cego Narodzenia odprawimy o godz. 22.00. W czwartek 25 XII nie b\u0119dzie Mszy porannej o godz. 7.00. Pozosta\u0142e Msze \u015bw. w I i II dzie\u0144 \u015bwi\u0105t wed\u0142ug porz\u0105dku niedzielnego.<\/p>\n<p class=\"gmail-MsoListParagraphCxSpMiddle\">4.&nbsp;&nbsp;&nbsp;&nbsp; Ostatnim dniem pracy kancelarii parafialnej przed \u015bwi\u0119tami b\u0119dzie poniedzia\u0142ek 22.XII. Prosimy o uwzgl\u0119dnienie tego w swoich planach.&nbsp; &nbsp; &nbsp; &nbsp; &nbsp; &nbsp; &nbsp; &nbsp; &nbsp; &nbsp; &nbsp; &nbsp; &nbsp; &nbsp; &nbsp;<\/p>\n<p class=\"gmail-MsoListParagraphCxSpMiddle\">5.&nbsp;&nbsp;&nbsp;&nbsp; Dzi\u015b z racji 2 niedzieli miesi\u0105ca taca na inwestycje parafialne. Za tydzie\u0144 na seminarium duchowne. Dzi\u0119kujemy za wszystkie ofiary sk\u0142adane na potrzeby naszej \u015bwi\u0105tyni.<\/p>\n<p class=\"gmail-MsoListParagraphCxSpMiddle\">6.&nbsp;&nbsp;&nbsp;&nbsp; Dzi\u0119kujemy za przekazane ju\u017c zaproszenia kol\u0119dowe. Na kolejne czekamy jeszcze tylko do przysz\u0142ej niedzieli 21grudnia. Wizyty rozpoczniemy w poniedzia\u0142ek 29.12 zachowuj\u0105c w miar\u0119 mo\u017cliwo\u015bci alfabetyczn\u0105 kolejno\u015b\u0107 ulic. Ze wzgl\u0119du na kol\u0119d\u0119 w okresie od 29.12.2025 do 31.01.2026 kancelaria w godz. 19.00 \u2013 20.00 b\u0119dzie nieczynna.<\/p>\n<p class=\"gmail-MsoListParagraphCxSpMiddle\" style=\"text-align: center;\"><strong>Plan kol\u0119dy na pierwsze dni:<\/strong><\/p>\n<ul>\n<li class=\"gmail-MsoListParagraphCxSpMiddle\">29 XII 2025 r. poniedzia\u0142ek<br \/>\nod godz. 16.30 ul. Brechta &nbsp;5,9,12,13,15 \u2013 dw\u00f3ch ksi\u0119\u017cy<br \/>\nod godz. 19.00 ul. \u015bw. Cyryla i Metodego \u2013 jeden ksi\u0105dz&nbsp; &nbsp; &nbsp; &nbsp; &nbsp; &nbsp; &nbsp; &nbsp;&nbsp;<\/li>\n<li class=\"gmail-MsoListParagraphCxSpMiddle\">30 XII 2025 r. wtorek<br \/>\nod godz. 16.30 ul. Brechta 14, 14A, 17 \u2013 jeden ksi\u0105dz<br \/>\nod&nbsp; godz. 17.30 ul. Burdzi\u0144skiego \u2013 jeden ksi\u0105dz<\/li>\n<li class=\"gmail-MsoListParagraphCxSpMiddle\">2 I 2026 r. pi\u0105tek<br \/>\nod godz. 19.00 ul. Darwina 1A \u2013 jeden ksi\u0105dz<\/li>\n<li class=\"gmail-MsoListParagraphCxSpMiddle\">3 I 2026 r. sobota<br \/>\nod godz. 10.00 ul. Darwina 3A, 5, 7, 9A, 11, 13 \u2013 trzech ksi\u0119\u017cy&nbsp; &nbsp; &nbsp; &nbsp; &nbsp; &nbsp; &nbsp; &nbsp; &nbsp;&nbsp;<\/li>\n<\/ul>\n<p class=\"gmail-MsoListParagraphCxSpMiddle\">Plan na kolejne dni podamy p\u00f3\u017aniej.<\/p>\n<p class=\"gmail-MsoListParagraphCxSpMiddle\">Uwaga: Od poniedzia\u0142ku do pi\u0105tku kol\u0119d\u0119 rozpoczynamy od godz. 16.30. W soboty od godz. 10.00. Kolejno\u015b\u0107 podanych numer\u00f3w blok\u00f3w nie oznacza kolejno\u015bci odwiedzin. S\u0142u\u017cy jedynie \u0142atwiejszemu zapami\u0119taniu daty planowanej wizyty kol\u0119dowej.<\/p>\n<\/div><\/section>\n","protected":false},"excerpt":{"rendered":"","protected":false},"author":1,"featured_media":3832,"comment_status":"closed","ping_status":"closed","sticky":false,"template":"","format":"standard","meta":{"ngg_post_thumbnail":0,"footnotes":""},"categories":[3],"tags":[],"class_list":["post-6180","post","type-post","status-publish","format-standard","has-post-thumbnail","hentry","category-ogloszenia-duszpasterskie"],"_links":{"self":[{"href":"https:\/\/mbloretanska.pl\/index.php?rest_route=\/wp\/v2\/posts\/6180","targetHints":{"allow":["GET"]}}],"collection":[{"href":"https:\/\/mbloretanska.pl\/index.php?rest_route=\/wp\/v2\/posts"}],"about":[{"href":"https:\/\/mbloretanska.pl\/index.php?rest_route=\/wp\/v2\/types\/post"}],"author":[{"embeddable":true,"href":"https:\/\/mbloretanska.pl\/index.php?rest_route=\/wp\/v2\/users\/1"}],"replies":[{"embeddable":true,"href":"https:\/\/mbloretanska.pl\/index.php?rest_route=%2Fwp%2Fv2%2Fcomments&post=6180"}],"version-history":[{"count":1,"href":"https:\/\/mbloretanska.pl\/index.php?rest_route=\/wp\/v2\/posts\/6180\/revisions"}],"predecessor-version":[{"id":6181,"href":"https:\/\/mbloretanska.pl\/index.php?rest_route=\/wp\/v2\/posts\/6180\/revisions\/6181"}],"wp:featuredmedia":[{"embeddable":true,"href":"https:\/\/mbloretanska.pl\/index.php?rest_route=\/wp\/v2\/media\/3832"}],"wp:attachment":[{"href":"https:\/\/mbloretanska.pl\/index.php?rest_route=%2Fwp%2Fv2%2Fmedia&parent=6180"}],"wp:term":[{"taxonomy":"category","embeddable":true,"href":"https:\/\/mbloretanska.pl\/index.php?rest_route=%2Fwp%2Fv2%2Fcategories&post=6180"},{"taxonomy":"post_tag","embeddable":true,"href":"https:\/\/mbloretanska.pl\/index.php?rest_route=%2Fwp%2Fv2%2Ftags&post=6180"}],"curies":[{"name":"wp","href":"https:\/\/api.w.org\/{rel}","templated":true}]}}