{"id":6178,"date":"2025-12-12T10:02:17","date_gmt":"2025-12-12T09:02:17","guid":{"rendered":"https:\/\/mbloretanska.pl\/?p=6178"},"modified":"2025-12-12T10:02:19","modified_gmt":"2025-12-12T09:02:19","slug":"intencje-mszalne-14-20-12-2025","status":"publish","type":"post","link":"https:\/\/mbloretanska.pl\/?p=6178","title":{"rendered":"intencje mszalne 14-20.12.2025"},"content":{"rendered":"<section  class='av_textblock_section av-mj2n1dlg-4976c03c9fe0a3cc4531bd643bfc7f57 '   itemscope=\"itemscope\" itemtype=\"https:\/\/schema.org\/BlogPosting\" itemprop=\"blogPost\" ><div class='avia_textblock'  itemprop=\"text\" ><table width=\"699\">\n<tbody>\n<tr>\n<td colspan=\"2\" width=\"699\"><strong>&nbsp;<\/strong><\/td>\n<\/tr>\n<tr>\n<td colspan=\"2\" width=\"699\">\n<p style=\"text-align: center;\"><strong>III NIEDZIELA ADWENTU <\/strong><strong>(14 grudnia 2025 r.)<\/strong><\/p>\n<\/td>\n<\/tr>\n<tr>\n<td width=\"56\"><strong>7:00<\/strong><\/td>\n<td width=\"643\">+ Leokadi\u0119, Hann\u0119, Andrzeja, Kazimierza SO\u0106KO, Marka ADAMSKIEGO,<br \/>\n&nbsp;&nbsp; zm. z rodziny SO\u0106KO, JASTRZ\u0118BOWSKICH i ADAMSKICH.<\/td>\n<\/tr>\n<tr>\n<td width=\"56\"><strong>8:30<\/strong><\/td>\n<td width=\"643\">+ Mariann\u0119 i Janusza MALENT\u00d3W, Wac\u0142awa OLESZCZUKA, Wand\u0119 OLESZCZUK,<br \/>\n&nbsp;&nbsp; zm. z r. KO\u0143K\u00d3W, MALENT\u00d3W, MATE\u0143K\u00d3W i OLESZCZUK\u00d3W.<\/td>\n<\/tr>\n<tr>\n<td width=\"56\"><strong>10:00<\/strong><\/td>\n<td width=\"643\">+ Urszul\u0119 POLITOWICZ, Wac\u0142aw\u0119 i Mariana POLITOWICZ, Ma\u0142gorzat\u0119 WR\u00d3BEL,<br \/>\n&nbsp;&nbsp; Walentyn\u0119, Bonifacego i Krzysztofa D\u0104BEK.<\/td>\n<\/tr>\n<tr>\n<td width=\"56\"><strong>11:00<\/strong><\/td>\n<td width=\"643\">+ Janin\u0119 PAZU\u0141\u0118 (3 r. \u015bm.), Genowef\u0119 D\u0104BROWSK\u0104 (11 r. \u015bm.)<\/td>\n<\/tr>\n<tr>\n<td width=\"56\"><strong>12:30<\/strong><\/td>\n<td width=\"643\">\u00b7&nbsp;&nbsp;&nbsp;&nbsp;&nbsp; O zdrowie dla Janiny i Stanis\u0142awa KRAWCZYK.<\/p>\n<p>\u00b7&nbsp;&nbsp;&nbsp;&nbsp;&nbsp; O szcz\u0119\u015bliw\u0105 operacj\u0119, powr\u00f3t do zdrowia i potrzebne \u0142aski dla Jana STA\u0143CZYKA.<\/p>\n<p>\u00b7&nbsp;&nbsp;&nbsp;&nbsp;&nbsp; W int. dzi\u0119kczynnej za powr\u00f3t do zdrowia Beaty.<\/p>\n<p>\u00b7&nbsp;&nbsp;&nbsp;&nbsp;&nbsp; O zdrowie oraz potrzebne si\u0142y i \u0142aski dla Natalki i jej rodzic\u00f3w w walce z chorob\u0105.<\/p>\n<p>+ Helen\u0119 NOWAKOWSK\u0104 (30 dzie\u0144 po pogrzebie).<\/p>\n<p>+ Ew\u0119 BOJKO (30 dzie\u0144 po pogrzebie).<\/p>\n<p>+ Piotra G\u0141OWACKIEGO (30 dzie\u0144 po \u015bmierci).<\/p>\n<p>+ Mariana \u017bO\u0141\u0104DEK i zm. z rodziny \u017bO\u0141\u0104DK\u00d3W, SALACH\u00d3W i SADOCH\u00d3W.<\/p>\n<p>+ Barbar\u0119 I\u017bYCK\u0104 (14 r. \u015bm.) oraz Jerzego I\u017bYCKIEGO (3 lata po \u015bmierci).<\/p>\n<p>+ Teres\u0119 i Feliksa KASZYCA.<\/td>\n<\/tr>\n<tr>\n<td width=\"56\"><strong>18:00<\/strong><\/td>\n<td width=\"643\">+ Iren\u0119 SUCHOBOK\u00d3W (greg. 14.)<\/td>\n<\/tr>\n<tr>\n<td colspan=\"2\" width=\"699\"><strong>&nbsp;<\/strong><\/td>\n<\/tr>\n<tr>\n<td colspan=\"2\" width=\"699\">\n<p style=\"text-align: center;\"><strong>PONIEDZIA\u0141EK (15 grudnia) <\/strong><\/p>\n<\/td>\n<\/tr>\n<tr>\n<td width=\"56\"><strong>7:00<\/strong><\/td>\n<td width=\"643\">+ Ryszarda KOWALEWSKIEGO.<\/td>\n<\/tr>\n<tr>\n<td width=\"56\"><strong>8:00<\/strong><\/td>\n<td width=\"643\">+ Iren\u0119 SUCHOBOK\u00d3W (greg. 15.)<\/td>\n<\/tr>\n<tr>\n<td width=\"56\"><strong>18:00<\/strong><\/td>\n<td width=\"643\">+ Edwarda ZAWADZKIEGO (11 r. \u015bm.)<\/td>\n<\/tr>\n<tr>\n<td colspan=\"2\" width=\"699\">&nbsp;<\/td>\n<\/tr>\n<tr>\n<td colspan=\"2\" width=\"699\">\n<p style=\"text-align: center;\"><strong>WTOREK (16 grudnia)<\/strong><\/p>\n<\/td>\n<\/tr>\n<tr>\n<td width=\"56\"><strong>7:00<\/strong><\/td>\n<td width=\"643\">+ Roberta KALJOTA<\/td>\n<\/tr>\n<tr>\n<td width=\"56\"><strong>8:00<\/strong><\/td>\n<td width=\"643\">+ Iren\u0119 SUCHOBOK\u00d3W (greg. 16.)<\/td>\n<\/tr>\n<tr>\n<td width=\"56\"><strong>18:00<\/strong><\/td>\n<td width=\"643\">+ Ks. Pra\u0142ata W\u0142adys\u0142awa STRYCHARZA, kapelana honorowego Jego \u015awi\u0105tobliwo\u015bci<br \/>\n&nbsp;&nbsp; z pro\u015bb\u0105 o \u0142ask\u0119 Nieba (30 r. \u015bm.)<\/td>\n<\/tr>\n<tr>\n<td colspan=\"2\" width=\"699\">&nbsp;<\/td>\n<\/tr>\n<tr>\n<td colspan=\"2\" width=\"699\">\n<p style=\"text-align: center;\"><strong>\u015aRODA (17 grudnia)<\/strong><\/p>\n<\/td>\n<\/tr>\n<tr>\n<td width=\"56\"><strong>7:00<\/strong><\/td>\n<td width=\"643\">+ Iren\u0119 SUCHOBOK\u00d3W (greg. 17.)<\/td>\n<\/tr>\n<tr>\n<td width=\"56\"><strong>8:00<\/strong><\/td>\n<td width=\"643\">+ Za wszystkie dusze czy\u015b\u0107cowe.<\/td>\n<\/tr>\n<tr>\n<td width=\"56\"><strong>17:45<\/strong><\/td>\n<td width=\"643\"><strong>NOWENNA<\/strong><\/p>\n<p>\u00b7&nbsp;&nbsp;&nbsp;&nbsp;&nbsp; W intencji rodziny PISARSKICH, dzieci i wnuk\u00f3w, o wszelkie potrzebne \u0142aski, zdrowie i Bo\u017c\u0105 opatrzno\u015b\u0107 na ka\u017cdy dzie\u0144.<\/p>\n<p>+ Franciszka MIKO\u0141AJCZUKA (41 r. \u015bm.)<\/p>\n<p>+ Krystyn\u0119 El\u017cbiet\u0119 RZEPNIEWSK\u0104 (30 dzie\u0144 po pogrzebie).<\/p>\n<p>+ o mi\u0142osierdzie i \u0142ask\u0119 Nieba dla zmar\u0142ych: Tadeusza (59 r. \u015bm.), Zofii, Andrzeja<br \/>\n&nbsp;&nbsp; i wszystkich zmar\u0142ych z c.r. PATRZYK\u00d3W.&nbsp;<\/td>\n<\/tr>\n<tr>\n<td colspan=\"2\" width=\"699\"><strong>&nbsp;<\/strong><\/td>\n<\/tr>\n<tr>\n<td colspan=\"2\" width=\"699\">\n<p style=\"text-align: center;\"><strong>CZWARTEK (18 grudnia)<\/strong><\/p>\n<\/td>\n<\/tr>\n<tr>\n<td width=\"56\"><strong>7:00<\/strong><\/td>\n<td width=\"643\">+ Euzebi\u0119, Jana W\u00d3JCIK i ich dzieci: Miros\u0142awa i Barbar\u0119.<\/td>\n<\/tr>\n<tr>\n<td width=\"56\"><strong>8:00<\/strong><\/td>\n<td width=\"643\">+ Iren\u0119 SUCHOBOK\u00d3W (greg. 18.)<\/td>\n<\/tr>\n<tr>\n<td width=\"56\"><strong>18:00<\/strong><\/td>\n<td width=\"643\">+ o niebo dla Basi CHODOROWSKIEJ, z podzi\u0119kowaniem za wszelkie dobro od niej<br \/>\n&nbsp;&nbsp; otrzymane przez Ew\u0119 i Krystyn\u0119.<\/td>\n<\/tr>\n<tr>\n<td colspan=\"2\" width=\"699\"><strong>&nbsp;<\/strong><\/td>\n<\/tr>\n<tr>\n<td colspan=\"2\" width=\"699\">\n<p style=\"text-align: center;\"><strong>PI\u0104TEK (19 grudnia)<\/strong><\/p>\n<\/td>\n<\/tr>\n<tr>\n<td width=\"56\"><strong>7:00<\/strong><\/td>\n<td width=\"643\">+ Romana PIOTROWSKIEGO (35 r. \u015bm.)<\/td>\n<\/tr>\n<tr>\n<td width=\"56\"><strong>8:00<\/strong><\/td>\n<td width=\"643\">+ Iren\u0119 SUCHOBOK\u00d3W (greg. 19.)<\/td>\n<\/tr>\n<tr>\n<td width=\"56\"><strong>18:00<\/strong><\/td>\n<td width=\"643\">&nbsp;<\/td>\n<\/tr>\n<tr>\n<td colspan=\"2\" width=\"699\"><strong>&nbsp;<\/strong><\/td>\n<\/tr>\n<tr>\n<td colspan=\"2\" width=\"699\">\n<p style=\"text-align: center;\"><strong>SOBOTA (20 grudnia)<\/strong><\/p>\n<\/td>\n<\/tr>\n<tr>\n<td width=\"56\"><strong>7:00<\/strong><\/td>\n<td width=\"643\">+ O Bo\u017ce mi\u0142osierdzie, dar \u017cycia wiecznego i nagrod\u0119 Nieba dla \u015bp. Ireny i Zygmunta<br \/>\n&nbsp; &nbsp;WIECZORK\u00d3W, dla babci WIECZORKOWEJ oraz dla rodzic\u00f3w GRAY.<\/td>\n<\/tr>\n<tr>\n<td width=\"56\"><strong>8:00<\/strong><\/td>\n<td width=\"643\">+ S\u0142awomira ORLICZ (4 r. \u015bm.)<\/td>\n<\/tr>\n<tr>\n<td width=\"56\"><strong>18:00<\/strong><\/td>\n<td width=\"643\">+ Iren\u0119 SUCHOBOK\u00d3W (greg. 20.)<\/td>\n<\/tr>\n<\/tbody>\n<\/table>\n<\/div><\/section>\n","protected":false},"excerpt":{"rendered":"","protected":false},"author":1,"featured_media":3833,"comment_status":"closed","ping_status":"closed","sticky":false,"template":"","format":"standard","meta":{"ngg_post_thumbnail":0,"footnotes":""},"categories":[6],"tags":[],"class_list":["post-6178","post","type-post","status-publish","format-standard","has-post-thumbnail","hentry","category-intencje-mszalne"],"_links":{"self":[{"href":"https:\/\/mbloretanska.pl\/index.php?rest_route=\/wp\/v2\/posts\/6178","targetHints":{"allow":["GET"]}}],"collection":[{"href":"https:\/\/mbloretanska.pl\/index.php?rest_route=\/wp\/v2\/posts"}],"about":[{"href":"https:\/\/mbloretanska.pl\/index.php?rest_route=\/wp\/v2\/types\/post"}],"author":[{"embeddable":true,"href":"https:\/\/mbloretanska.pl\/index.php?rest_route=\/wp\/v2\/users\/1"}],"replies":[{"embeddable":true,"href":"https:\/\/mbloretanska.pl\/index.php?rest_route=%2Fwp%2Fv2%2Fcomments&post=6178"}],"version-history":[{"count":1,"href":"https:\/\/mbloretanska.pl\/index.php?rest_route=\/wp\/v2\/posts\/6178\/revisions"}],"predecessor-version":[{"id":6179,"href":"https:\/\/mbloretanska.pl\/index.php?rest_route=\/wp\/v2\/posts\/6178\/revisions\/6179"}],"wp:featuredmedia":[{"embeddable":true,"href":"https:\/\/mbloretanska.pl\/index.php?rest_route=\/wp\/v2\/media\/3833"}],"wp:attachment":[{"href":"https:\/\/mbloretanska.pl\/index.php?rest_route=%2Fwp%2Fv2%2Fmedia&parent=6178"}],"wp:term":[{"taxonomy":"category","embeddable":true,"href":"https:\/\/mbloretanska.pl\/index.php?rest_route=%2Fwp%2Fv2%2Fcategories&post=6178"},{"taxonomy":"post_tag","embeddable":true,"href":"https:\/\/mbloretanska.pl\/index.php?rest_route=%2Fwp%2Fv2%2Ftags&post=6178"}],"curies":[{"name":"wp","href":"https:\/\/api.w.org\/{rel}","templated":true}]}}