{"id":6079,"date":"2025-11-16T12:23:09","date_gmt":"2025-11-16T11:23:09","guid":{"rendered":"https:\/\/mbloretanska.pl\/?p=6079"},"modified":"2025-11-16T12:23:10","modified_gmt":"2025-11-16T11:23:10","slug":"intencje-mszalne-16-22-11-2025","status":"publish","type":"post","link":"https:\/\/mbloretanska.pl\/?p=6079","title":{"rendered":"intencje mszalne 16-22.11.2025"},"content":{"rendered":"<section  class='av_textblock_section av-mi1mlwz4-b96485ee2a0da034d7b013e0f69eac7d '   itemscope=\"itemscope\" itemtype=\"https:\/\/schema.org\/BlogPosting\" itemprop=\"blogPost\" ><div class='avia_textblock'  itemprop=\"text\" ><table style=\"font-weight: 400;\" data-tablestyle=\"MsoTableGrid\" data-tablelook=\"1184\" aria-rowcount=\"38\">\n<tbody>\n<tr aria-rowindex=\"1\">\n<td colspan=\"2\" data-celllook=\"65536\"><span data-ccp-props=\"{&quot;201341983&quot;:0,&quot;335559740&quot;:360}\">&nbsp;<\/span><\/td>\n<\/tr>\n<tr aria-rowindex=\"2\">\n<td colspan=\"2\" data-celllook=\"0\">\n<p style=\"text-align: center;\"><b><span data-contrast=\"auto\">XXXIII NIEDZIELA ZWYK\u0141A&nbsp;&nbsp;&nbsp;<\/span><\/b><span data-ccp-props=\"{&quot;201341983&quot;:0,&quot;335551550&quot;:2,&quot;335551620&quot;:2,&quot;335559740&quot;:360}\">&nbsp;<\/span><\/p>\n<p style=\"text-align: center;\"><b><span data-contrast=\"auto\">(16 listopada 2025 r.)<\/span><\/b><\/p>\n<\/td>\n<\/tr>\n<tr aria-rowindex=\"3\">\n<td data-celllook=\"0\"><b><span data-contrast=\"auto\">7:00<\/span><\/b><span data-ccp-props=\"{&quot;201341983&quot;:0,&quot;335551550&quot;:2,&quot;335551620&quot;:2,&quot;335559740&quot;:360}\">&nbsp;<\/span><\/td>\n<td data-celllook=\"0\"><span data-contrast=\"auto\">+ Antoniego Tadeusza \u017b\u00d3\u0141KOWSKIEGO (14 r. \u015bm.)<\/span><span data-ccp-props=\"{&quot;201341983&quot;:0,&quot;335559740&quot;:360}\">&nbsp;<\/span><\/td>\n<\/tr>\n<tr aria-rowindex=\"4\">\n<td data-celllook=\"0\"><b><span data-contrast=\"auto\">8:30<\/span><\/b><span data-ccp-props=\"{&quot;201341983&quot;:0,&quot;335551550&quot;:2,&quot;335551620&quot;:2,&quot;335559740&quot;:360}\">&nbsp;<\/span><\/td>\n<td data-celllook=\"0\"><span data-contrast=\"none\">+ Jana CHA\u0141ABISA, Iren\u0119, Jana, Ryszarda i Marka DOBRZA\u0143SKICH <\/span><span data-contrast=\"none\">oraz Iren\u0119 OLSZEWSK\u0104.<\/span><\/td>\n<\/tr>\n<tr aria-rowindex=\"5\">\n<td data-celllook=\"0\"><b><span data-contrast=\"auto\">10:00<\/span><\/b><span data-ccp-props=\"{&quot;201341983&quot;:0,&quot;335559740&quot;:360}\">&nbsp;<\/span><\/td>\n<td data-celllook=\"0\"><span data-contrast=\"auto\">+ Edmunda FRANCZAKA.&nbsp;<\/span><span data-ccp-props=\"{&quot;201341983&quot;:0,&quot;335559740&quot;:360}\">&nbsp;<\/span><\/td>\n<\/tr>\n<tr aria-rowindex=\"6\">\n<td data-celllook=\"0\"><b><span data-contrast=\"auto\">11:00<\/span><\/b><span data-ccp-props=\"{&quot;201341983&quot;:0,&quot;335559740&quot;:360}\">&nbsp;<\/span><\/td>\n<td data-celllook=\"0\"><span data-contrast=\"auto\">+ Ks. Jana Franciszka SUDO\u0141 i rodzic\u00f3w: Marcina i Antonin\u0119 SUDO\u0141.<\/span><\/td>\n<\/tr>\n<tr aria-rowindex=\"7\">\n<td data-celllook=\"0\"><b><span data-contrast=\"auto\">12:30<\/span><\/b><span data-ccp-props=\"{&quot;201341983&quot;:0,&quot;335559740&quot;:360}\">&nbsp;<\/span><\/td>\n<td data-celllook=\"0\"><span data-contrast=\"auto\">+ Piotra ANDRAKA (24 r. \u015bm.) + Ew\u0119 KAMI\u0143SK\u0104 (30 dni po pogrzebie)<\/span><\/p>\n<p><span data-contrast=\"auto\">+ Teres\u0119 i Feliksa KASZYCA + Barbar\u0119 PEREK (5 r. \u015bm.)&nbsp;<\/span><span data-ccp-props=\"{&quot;201341983&quot;:0,&quot;335551550&quot;:6,&quot;335551620&quot;:6,&quot;335559740&quot;:360}\">&nbsp;<\/span><\/td>\n<\/tr>\n<tr aria-rowindex=\"8\">\n<td data-celllook=\"0\"><b><span data-contrast=\"auto\">18:00<\/span><\/b><span data-ccp-props=\"{&quot;201341983&quot;:0,&quot;335559740&quot;:360}\">&nbsp;<\/span><\/td>\n<td data-celllook=\"0\"><span data-contrast=\"auto\">+<\/span><b><span data-contrast=\"auto\"> Msza \u015awi\u0119ta gregoria\u0144ska<\/span><\/b> <b><span data-contrast=\"auto\">za naszych bliskich zmar\u0142ych.<\/span><\/b><\/td>\n<\/tr>\n<tr aria-rowindex=\"9\">\n<td colspan=\"2\" data-celllook=\"65536\"><span data-ccp-props=\"{&quot;201341983&quot;:0,&quot;335551550&quot;:2,&quot;335551620&quot;:2,&quot;335559740&quot;:360}\">&nbsp;<\/span><\/td>\n<\/tr>\n<tr aria-rowindex=\"10\">\n<td colspan=\"2\" data-celllook=\"0\">\n<p style=\"text-align: center;\"><b><span data-contrast=\"auto\">PONIEDZIA\u0141EK&nbsp; (17 listopada)<\/span><\/b><\/p>\n<p style=\"text-align: center;\"><b><span data-contrast=\"auto\">\u015aw. El\u017cbiety W\u0119gierskiej, zakonnicy \u2013 wspomnienie<\/span><\/b><\/p>\n<\/td>\n<\/tr>\n<tr aria-rowindex=\"11\">\n<td data-celllook=\"0\"><b><span data-contrast=\"auto\">7:00<\/span><\/b><span data-ccp-props=\"{&quot;201341983&quot;:0,&quot;335551550&quot;:2,&quot;335551620&quot;:2,&quot;335559740&quot;:360}\">&nbsp;<\/span><\/td>\n<td data-celllook=\"0\"><span data-contrast=\"auto\">+ Stanis\u0142aw\u0119 OLEJNIK.<\/span><span data-ccp-props=\"{&quot;201341983&quot;:0,&quot;335559740&quot;:360}\">&nbsp;<\/span><\/td>\n<\/tr>\n<tr aria-rowindex=\"12\">\n<td data-celllook=\"0\"><b><span data-contrast=\"auto\">8:00<\/span><\/b><span data-ccp-props=\"{&quot;201341983&quot;:0,&quot;335551550&quot;:2,&quot;335551620&quot;:2,&quot;335559740&quot;:360}\">&nbsp;<\/span><\/td>\n<td data-celllook=\"0\"><span data-contrast=\"none\">+ za m\u0119\u017ca Andrzeja SZCZEPKOWSKIEGO oraz jego rodzic\u00f3w Hipolita i Czes\u0142aw\u0119<\/span>&nbsp;<br \/>\n<span data-contrast=\"none\">&nbsp;&nbsp; SZCZEPKOWSKICH, zm. z rodzin SZCZEPKOWSKICH i MILEWSKICH.&nbsp;<\/span><span data-ccp-props=\"{&quot;201341983&quot;:0,&quot;335559740&quot;:360,&quot;469777462&quot;:[788],&quot;469777927&quot;:[0],&quot;469777928&quot;:[1]}\">&nbsp;<\/span><\/td>\n<\/tr>\n<tr aria-rowindex=\"13\">\n<td data-celllook=\"0\"><b><span data-contrast=\"auto\">18:00<\/span><\/b><span data-ccp-props=\"{&quot;201341983&quot;:0,&quot;335551550&quot;:2,&quot;335551620&quot;:2,&quot;335559740&quot;:360}\">&nbsp;<\/span><\/td>\n<td data-celllook=\"0\"><span data-contrast=\"auto\">+ <\/span><b><span data-contrast=\"auto\">Msza \u015awi\u0119ta gregoria\u0144ska<\/span><\/b> <b><span data-contrast=\"auto\">za naszych bliskich zmar\u0142ych.<\/span><\/b><span data-ccp-props=\"{&quot;201341983&quot;:0,&quot;335559740&quot;:360}\">&nbsp;<\/span><\/td>\n<\/tr>\n<tr aria-rowindex=\"14\">\n<td colspan=\"2\" data-celllook=\"65536\"><span data-ccp-props=\"{&quot;201341983&quot;:0,&quot;335559740&quot;:360}\">&nbsp;<\/span><\/td>\n<\/tr>\n<tr aria-rowindex=\"15\">\n<td colspan=\"2\" data-celllook=\"0\">\n<p style=\"text-align: center;\"><b><span data-contrast=\"auto\">WTOREK&nbsp; (18 listopada)<\/span><\/b><\/p>\n<p><b><span data-contrast=\"auto\">B\u0142. Karoliny K\u00f3zk\u00f3wny, dziewicy i m\u0119czennicy \u2013 wspomnienie<\/span><\/b><\/td>\n<\/tr>\n<tr aria-rowindex=\"16\">\n<td data-celllook=\"0\"><b><span data-contrast=\"auto\">7:00<\/span><\/b><span data-ccp-props=\"{&quot;201341983&quot;:0,&quot;335551550&quot;:2,&quot;335551620&quot;:2,&quot;335559740&quot;:360}\">&nbsp;<\/span><\/td>\n<td data-celllook=\"0\"><span data-contrast=\"auto\">+&nbsp; Jana KO\u0141ODZIEJCZYKA (20 r. \u015bm.)<\/span><\/td>\n<\/tr>\n<tr aria-rowindex=\"17\">\n<td data-celllook=\"0\"><b><span data-contrast=\"auto\">8:00<\/span><\/b><span data-ccp-props=\"{&quot;201341983&quot;:0,&quot;335551550&quot;:2,&quot;335551620&quot;:2,&quot;335559740&quot;:360}\">&nbsp;<\/span><\/td>\n<td data-celllook=\"0\"><span data-contrast=\"auto\">+ Adama TERLIKOWSKIEGO, Mariann\u0119, Wiktora i Stanis\u0142awa TOPACZEWSKICH.<\/span><\/td>\n<\/tr>\n<tr aria-rowindex=\"18\">\n<td data-celllook=\"0\"><b><span data-contrast=\"auto\">18:00<\/span><\/b><span data-ccp-props=\"{&quot;201341983&quot;:0,&quot;335551550&quot;:2,&quot;335551620&quot;:2,&quot;335559740&quot;:360}\">&nbsp;<\/span><\/td>\n<td data-celllook=\"0\"><span data-contrast=\"auto\">+ <\/span><b><span data-contrast=\"auto\">Msza \u015awi\u0119ta gregoria\u0144ska<\/span><\/b> <b><span data-contrast=\"auto\">za naszych bliskich zmar\u0142ych.<\/span><\/b><\/td>\n<\/tr>\n<tr aria-rowindex=\"19\">\n<td colspan=\"2\" data-celllook=\"65536\"><span data-ccp-props=\"{&quot;201341983&quot;:0,&quot;335559740&quot;:360}\">&nbsp;<\/span><\/td>\n<\/tr>\n<tr aria-rowindex=\"20\">\n<td colspan=\"2\" data-celllook=\"0\">\n<p style=\"text-align: center;\"><b><span data-contrast=\"auto\">\u015aRODA&nbsp; (19 listopada)<\/span><\/b><\/p>\n<p style=\"text-align: center;\"><b><span data-contrast=\"auto\">B\u0142. Salomei, zakonnicy \u2013 wspomnienie<\/span><\/b><\/p>\n<\/td>\n<\/tr>\n<tr aria-rowindex=\"21\">\n<td data-celllook=\"0\"><b><span data-contrast=\"auto\">7:00<\/span><\/b><span data-ccp-props=\"{&quot;201341983&quot;:0,&quot;335551550&quot;:2,&quot;335551620&quot;:2,&quot;335559740&quot;:360}\">&nbsp;<\/span><\/td>\n<td data-celllook=\"0\"><span data-contrast=\"auto\">+ Teodozj\u0119 BIENIEK (10 r. \u015bm.)<\/span><span data-ccp-props=\"{&quot;201341983&quot;:0,&quot;335559740&quot;:360}\">&nbsp;<\/span><\/td>\n<\/tr>\n<tr aria-rowindex=\"22\">\n<td data-celllook=\"0\"><b><span data-contrast=\"auto\">8:00<\/span><\/b><span data-ccp-props=\"{&quot;201341983&quot;:0,&quot;335551550&quot;:2,&quot;335551620&quot;:2,&quot;335559740&quot;:360}\">&nbsp;<\/span><\/td>\n<td data-celllook=\"0\"><span data-contrast=\"auto\">+ Za wszystkie dusze czy\u015b\u0107cowe.&nbsp;&nbsp;<\/span><span data-ccp-props=\"{&quot;201341983&quot;:0,&quot;335559740&quot;:360}\">&nbsp;<\/span><\/td>\n<\/tr>\n<tr aria-rowindex=\"23\">\n<td data-celllook=\"0\"><b><span data-contrast=\"auto\">17:45<\/span><\/b><span data-ccp-props=\"{&quot;201341983&quot;:0,&quot;335551550&quot;:2,&quot;335551620&quot;:2,&quot;335559740&quot;:360}\">&nbsp;<\/span><\/td>\n<td data-celllook=\"0\">\n<ol>\n<li aria-setsize=\"-1\" data-leveltext=\"%1)\" data-font=\"Times New Roman\" data-listid=\"1\" data-list-defn-props=\"{&quot;134224900&quot;:false,&quot;335552541&quot;:0,&quot;335559685&quot;:420,&quot;335559991&quot;:360,&quot;469769242&quot;:[65533,0],&quot;469777803&quot;:&quot;left&quot;,&quot;469777804&quot;:&quot;%1)&quot;,&quot;469777815&quot;:&quot;hybridMultilevel&quot;}\" data-aria-posinset=\"1\" data-aria-level=\"1\"><span data-contrast=\"auto\">&nbsp;&nbsp; W intencji Bo\u017ceny SIKORSKIEJ o zdrowie i wszelkie potrzebne \u0142aski z ok. 70 ur.<\/span>&nbsp;<br \/>\n<span data-contrast=\"auto\">+ Romana KANIOWSKIEGO (10 r. \u015bm.) Bogumi\u0142\u0119 i Czes\u0142awa WASIKOWSKICH.&nbsp;<\/span><span data-ccp-props=\"{&quot;201341983&quot;:0,&quot;335559740&quot;:360}\">&nbsp;<\/span><\/li>\n<\/ol>\n<ol>\n<li aria-setsize=\"-1\" data-leveltext=\"%1)\" data-font=\"Times New Roman\" data-listid=\"1\" data-list-defn-props=\"{&quot;134224900&quot;:false,&quot;335552541&quot;:0,&quot;335559685&quot;:420,&quot;335559991&quot;:360,&quot;469769242&quot;:[65533,0],&quot;469777803&quot;:&quot;left&quot;,&quot;469777804&quot;:&quot;%1)&quot;,&quot;469777815&quot;:&quot;hybridMultilevel&quot;}\" data-aria-posinset=\"2\" data-aria-level=\"1\"><span data-contrast=\"auto\">+ <\/span><b><span data-contrast=\"auto\">Msza \u015awi\u0119ta gregoria\u0144ska<\/span><\/b> <b><span data-contrast=\"auto\">za naszych bliskich zmar\u0142ych.<\/span><\/b><span data-ccp-props=\"{&quot;201341983&quot;:0,&quot;335559740&quot;:360}\">&nbsp;<\/span><\/li>\n<\/ol>\n<\/td>\n<\/tr>\n<tr aria-rowindex=\"24\">\n<td colspan=\"2\" data-celllook=\"65536\"><span data-ccp-props=\"{&quot;201341983&quot;:0,&quot;335551550&quot;:2,&quot;335551620&quot;:2,&quot;335559740&quot;:360}\">&nbsp;<\/span><\/td>\n<\/tr>\n<tr aria-rowindex=\"25\">\n<td colspan=\"2\" data-celllook=\"0\">\n<p style=\"text-align: center;\"><b><span data-contrast=\"auto\">CZWARTEK&nbsp; (20 listopada)<\/span><\/b><\/p>\n<p style=\"text-align: center;\"><b><span data-contrast=\"auto\">\u015aw. Rafa\u0142a Kalinowskiego, prezbitera \u2013 wspomnienie<\/span><\/b><\/p>\n<\/td>\n<\/tr>\n<tr aria-rowindex=\"26\">\n<td data-celllook=\"0\"><b><span data-contrast=\"auto\">7:00<\/span><\/b><span data-ccp-props=\"{&quot;201341983&quot;:0,&quot;335551550&quot;:2,&quot;335551620&quot;:2,&quot;335559740&quot;:360}\">&nbsp;<\/span><\/td>\n<td data-celllook=\"0\"><span data-contrast=\"auto\">+ O Bo\u017ce mi\u0142osierdzie, dar \u017cycia wiecznego i nagrod\u0119 Nieba dla Ireny i Zygmunta<\/span> <span data-contrast=\"auto\">WIECZORK\u00d3W, babci WIECZORKOWEJ oraz dla rodzic\u00f3w GRAY.<\/span><\/td>\n<\/tr>\n<tr aria-rowindex=\"27\">\n<td data-celllook=\"0\"><b><span data-contrast=\"auto\">8:00<\/span><\/b><span data-ccp-props=\"{&quot;201341983&quot;:0,&quot;335551550&quot;:2,&quot;335551620&quot;:2,&quot;335559740&quot;:360}\">&nbsp;<\/span><\/td>\n<td data-celllook=\"0\">\n<ul>\n<li aria-setsize=\"-1\" data-leveltext=\"\uf0b7\" data-font=\"Symbol\" data-listid=\"4\" data-list-defn-props=\"{&quot;335552541&quot;:1,&quot;335559685&quot;:360,&quot;335559991&quot;:360,&quot;469769226&quot;:&quot;Symbol&quot;,&quot;469769242&quot;:[8226],&quot;469777803&quot;:&quot;left&quot;,&quot;469777804&quot;:&quot;\uf0b7&quot;,&quot;469777815&quot;:&quot;hybridMultilevel&quot;}\" data-aria-posinset=\"1\" data-aria-level=\"1\"><span data-contrast=\"auto\">O \u0142ask\u0119 zdrowia, b\u0142og. Bo\u017ce i opiek\u0119 Matki Bo\u017cej dla Czes\u0142awy z racji 75 urodzin.&nbsp;<\/span><span data-ccp-props=\"{&quot;201341983&quot;:0,&quot;335559740&quot;:360}\">&nbsp;<\/span><\/li>\n<\/ul>\n<\/td>\n<\/tr>\n<tr aria-rowindex=\"28\">\n<td data-celllook=\"0\"><b><span data-contrast=\"auto\">18:00<\/span><\/b><span data-ccp-props=\"{&quot;201341983&quot;:0,&quot;335551550&quot;:2,&quot;335551620&quot;:2,&quot;335559740&quot;:360}\">&nbsp;<\/span><\/td>\n<td data-celllook=\"0\"><span data-contrast=\"auto\">+ <\/span><b><span data-contrast=\"auto\">Msza \u015awi\u0119ta gregoria\u0144ska<\/span><\/b> <b><span data-contrast=\"auto\">za naszych bliskich zmar\u0142ych.<\/span><\/b><span data-ccp-props=\"{&quot;201341983&quot;:0,&quot;335559740&quot;:360}\">&nbsp;<\/span><\/td>\n<\/tr>\n<tr aria-rowindex=\"29\">\n<td colspan=\"2\" data-celllook=\"65536\"><span data-ccp-props=\"{&quot;201341983&quot;:0,&quot;335551550&quot;:2,&quot;335551620&quot;:2,&quot;335559740&quot;:360}\">&nbsp;<\/span><\/td>\n<\/tr>\n<tr aria-rowindex=\"30\">\n<td colspan=\"2\" data-celllook=\"0\">\n<p style=\"text-align: center;\"><b><span data-contrast=\"auto\">PI\u0104TEK&nbsp; (21 listopada)<\/span><\/b><\/p>\n<\/td>\n<\/tr>\n<tr aria-rowindex=\"31\">\n<td data-celllook=\"0\"><b><span data-contrast=\"auto\">7:00<\/span><\/b><span data-ccp-props=\"{&quot;201341983&quot;:0,&quot;335551550&quot;:2,&quot;335551620&quot;:2,&quot;335559740&quot;:360}\">&nbsp;<\/span><\/td>\n<td data-celllook=\"0\"><span data-contrast=\"auto\">+ Marcina RYCHLEWICZA.<\/span><span data-ccp-props=\"{&quot;201341983&quot;:0,&quot;335559740&quot;:360}\">&nbsp;<\/span><\/td>\n<\/tr>\n<tr aria-rowindex=\"32\">\n<td data-celllook=\"0\"><b><span data-contrast=\"auto\">8:00<\/span><\/b><span data-ccp-props=\"{&quot;201341983&quot;:0,&quot;335551550&quot;:2,&quot;335551620&quot;:2,&quot;335559740&quot;:360}\">&nbsp;<\/span><\/td>\n<td data-celllook=\"0\"><span data-contrast=\"auto\">+ Sabin\u0119, Tadeusza, Leokadi\u0119 i Ludwika TALECKICH.&nbsp;<\/span><span data-ccp-props=\"{&quot;201341983&quot;:0,&quot;335559740&quot;:360}\">&nbsp;<\/span><\/td>\n<\/tr>\n<tr aria-rowindex=\"33\">\n<td data-celllook=\"0\"><b><span data-contrast=\"auto\">18:00<\/span><\/b><span data-ccp-props=\"{&quot;201341983&quot;:0,&quot;335551550&quot;:2,&quot;335551620&quot;:2,&quot;335559740&quot;:360}\">&nbsp;<\/span><\/td>\n<td data-celllook=\"0\"><span data-contrast=\"auto\">+ <\/span><b><span data-contrast=\"auto\">Msza \u015awi\u0119ta gregoria\u0144ska<\/span><\/b> <b><span data-contrast=\"auto\">za naszych bliskich zmar\u0142ych.<\/span><\/b><span data-ccp-props=\"{&quot;201341983&quot;:0,&quot;335559740&quot;:360}\">&nbsp;<\/span><\/td>\n<\/tr>\n<tr aria-rowindex=\"34\">\n<td colspan=\"2\" data-celllook=\"65536\"><span data-ccp-props=\"{&quot;201341983&quot;:0,&quot;335551550&quot;:2,&quot;335551620&quot;:2,&quot;335559740&quot;:360}\">&nbsp;<\/span><\/td>\n<\/tr>\n<tr aria-rowindex=\"35\">\n<td colspan=\"2\" data-celllook=\"0\">\n<p style=\"text-align: center;\"><b><span data-contrast=\"auto\">SOBOTA&nbsp; (22 listopada)<\/span><\/b><\/p>\n<\/td>\n<\/tr>\n<tr aria-rowindex=\"36\">\n<td data-celllook=\"0\"><b><span data-contrast=\"auto\">7:00<\/span><\/b><span data-ccp-props=\"{&quot;201341983&quot;:0,&quot;335551550&quot;:2,&quot;335551620&quot;:2,&quot;335559740&quot;:360}\">&nbsp;<\/span><\/td>\n<td data-celllook=\"0\"><span data-contrast=\"auto\">+ Helen\u0119 CZUB (5 r. \u015bm.)<\/span><\/td>\n<\/tr>\n<tr aria-rowindex=\"37\">\n<td data-celllook=\"0\"><b><span data-contrast=\"auto\">8:00<\/span><\/b><span data-ccp-props=\"{&quot;201341983&quot;:0,&quot;335551550&quot;:2,&quot;335551620&quot;:2,&quot;335559740&quot;:360}\">&nbsp;<\/span><\/td>\n<td data-celllook=\"0\"><span data-contrast=\"auto\">+ Krystyn\u0119 i Paw\u0142a OSZACIUK oraz o potrzebne \u0142aski dla Ma\u0142gorzaty i Maksymiliana.&nbsp;<\/span><span data-ccp-props=\"{&quot;201341983&quot;:0,&quot;335559740&quot;:360,&quot;469777462&quot;:[1211],&quot;469777927&quot;:[0],&quot;469777928&quot;:[1]}\">&nbsp;<\/span><\/td>\n<\/tr>\n<tr aria-rowindex=\"38\">\n<td data-celllook=\"0\"><b><span data-contrast=\"auto\">18:00<\/span><\/b><span data-ccp-props=\"{&quot;201341983&quot;:0,&quot;335559740&quot;:360}\">&nbsp;<\/span><\/td>\n<td data-celllook=\"0\"><span data-contrast=\"auto\">+ <\/span><b><span data-contrast=\"auto\">Msza \u015awi\u0119ta gregoria\u0144ska<\/span><\/b> <b><span data-contrast=\"auto\">za naszych bliskich zmar\u0142ych.<\/span><\/b><\/td>\n<\/tr>\n<\/tbody>\n<\/table>\n<\/div><\/section>\n","protected":false},"excerpt":{"rendered":"","protected":false},"author":1,"featured_media":3833,"comment_status":"closed","ping_status":"closed","sticky":false,"template":"","format":"standard","meta":{"ngg_post_thumbnail":0,"footnotes":""},"categories":[6],"tags":[],"class_list":["post-6079","post","type-post","status-publish","format-standard","has-post-thumbnail","hentry","category-intencje-mszalne"],"_links":{"self":[{"href":"https:\/\/mbloretanska.pl\/index.php?rest_route=\/wp\/v2\/posts\/6079","targetHints":{"allow":["GET"]}}],"collection":[{"href":"https:\/\/mbloretanska.pl\/index.php?rest_route=\/wp\/v2\/posts"}],"about":[{"href":"https:\/\/mbloretanska.pl\/index.php?rest_route=\/wp\/v2\/types\/post"}],"author":[{"embeddable":true,"href":"https:\/\/mbloretanska.pl\/index.php?rest_route=\/wp\/v2\/users\/1"}],"replies":[{"embeddable":true,"href":"https:\/\/mbloretanska.pl\/index.php?rest_route=%2Fwp%2Fv2%2Fcomments&post=6079"}],"version-history":[{"count":1,"href":"https:\/\/mbloretanska.pl\/index.php?rest_route=\/wp\/v2\/posts\/6079\/revisions"}],"predecessor-version":[{"id":6080,"href":"https:\/\/mbloretanska.pl\/index.php?rest_route=\/wp\/v2\/posts\/6079\/revisions\/6080"}],"wp:featuredmedia":[{"embeddable":true,"href":"https:\/\/mbloretanska.pl\/index.php?rest_route=\/wp\/v2\/media\/3833"}],"wp:attachment":[{"href":"https:\/\/mbloretanska.pl\/index.php?rest_route=%2Fwp%2Fv2%2Fmedia&parent=6079"}],"wp:term":[{"taxonomy":"category","embeddable":true,"href":"https:\/\/mbloretanska.pl\/index.php?rest_route=%2Fwp%2Fv2%2Fcategories&post=6079"},{"taxonomy":"post_tag","embeddable":true,"href":"https:\/\/mbloretanska.pl\/index.php?rest_route=%2Fwp%2Fv2%2Ftags&post=6079"}],"curies":[{"name":"wp","href":"https:\/\/api.w.org\/{rel}","templated":true}]}}