{"id":6060,"date":"2025-11-01T23:51:00","date_gmt":"2025-11-01T22:51:00","guid":{"rendered":"https:\/\/mbloretanska.pl\/?p=6060"},"modified":"2025-11-01T23:56:25","modified_gmt":"2025-11-01T22:56:25","slug":"wspomnienie-wszystkich-wiernych-zmarlych","status":"publish","type":"post","link":"https:\/\/mbloretanska.pl\/?p=6060","title":{"rendered":"Wspomnienie Wszystkich Wiernych Zmar\u0142ych"},"content":{"rendered":"<section  class='av_textblock_section av-mhgvow9h-0df6be8199f7127c9089388e1fa1d59f '   itemscope=\"itemscope\" itemtype=\"https:\/\/schema.org\/BlogPosting\" itemprop=\"blogPost\" ><div class='avia_textblock'  itemprop=\"text\" ><p class=\"gmail-MsoListParagraphCxSpFirst\">1.&nbsp;&nbsp;&nbsp;&nbsp; Dzisiaj, z racji I niedzieli miesi\u0105ca o godz. 17.00 wystawienie Naj\u015bwi\u0119tszego Sakramentu. O 17.30 nabo\u017ce\u0144stwo eucharystyczne. Po Mszy wieczornej&nbsp; procesja \u017ca\u0142obna z modlitw\u0105 za zmar\u0142ych poleconych w wypominkach. &nbsp; &nbsp; &nbsp; &nbsp; &nbsp; &nbsp; &nbsp; &nbsp; &nbsp; &nbsp; &nbsp; &nbsp; &nbsp;<\/p>\n<p class=\"gmail-MsoListParagraphCxSpMiddle\">2.&nbsp;&nbsp;&nbsp;&nbsp; Spotkanie K\u00f3\u0142 \u017bywego R\u00f3\u017ca\u0144ca <span dir=\"ltr\">za tydzie\u0144<\/span> <span dir=\"ltr\">9 listopada o godz. 16.00<\/span>. &nbsp; &nbsp; &nbsp; &nbsp; &nbsp; &nbsp; &nbsp; &nbsp; &nbsp; &nbsp; &nbsp; &nbsp; &nbsp; &nbsp; &nbsp; &nbsp; &nbsp; &nbsp; &nbsp; &nbsp; &nbsp; &nbsp; &nbsp; &nbsp; &nbsp; &nbsp; &nbsp; &nbsp; &nbsp; &nbsp; &nbsp; &nbsp; &nbsp; &nbsp; &nbsp; &nbsp; &nbsp; &nbsp; &nbsp; &nbsp; &nbsp; &nbsp;&nbsp;<\/p>\n<p class=\"gmail-MsoListParagraphCxSpMiddle\">3.&nbsp;&nbsp;&nbsp;&nbsp; W listopadowej Mszy \u015bw. gregoria\u0144skiej za zmar\u0142ych modlimy si\u0119 przez ca\u0142y miesi\u0105c o godz. 18.00.<\/p>\n<p class=\"gmail-MsoListParagraphCxSpMiddle\">4.&nbsp;&nbsp;&nbsp;&nbsp; W dniach od 1 do 8.XI ka\u017cdy, kto spe\u0142nia zwyk\u0142e warunki, pobo\u017cnie nawiedzi cmentarz i ofiaruje modlitw\u0119 za zmar\u0142ych mo\u017ce codziennie zyska\u0107 odpust zupe\u0142ny i ofiarowa\u0107 go za dusze w czy\u015b\u0107cu cierpi\u0105ce (jednego dnia za jedn\u0105 dusz\u0119). &nbsp; &nbsp;<\/p>\n<p class=\"gmail-MsoListParagraphCxSpMiddle\">5.&nbsp;&nbsp;&nbsp;&nbsp; <span dir=\"ltr\">We wtorek 4 XI<\/span> w liturgiczne wspomnienie \u015bw. Karola Boromeusza przypada 231 rocznica ostatniej bitwy powstania ko\u015bciuszkowskiego stoczonej w obronie Warszawy przed wojskami rosyjskimi przez wojska Rzeczypospolitej Obojga Narod\u00f3w.&nbsp; Pami\u0119tajmy w modlitwie o wszystkich ofiarach rzezi Pragi szczeg\u00f3lnie tych, kt\u00f3rych cia\u0142a pochowano wok\u00f3\u0142 naszego ko\u015bcio\u0142a.<\/p>\n<p class=\"gmail-MsoListParagraphCxSpMiddle\">6.&nbsp;&nbsp;&nbsp;&nbsp; W minionym tygodniu prowadzili\u015bmy prace piel\u0119gnacyjne naszej zieleni po p\u00f3\u0142nocnej stronie ko\u015bcio\u0142a. Zosta\u0142y usuni\u0119te suche ga\u0142\u0119zie z drzew rosn\u0105cych bezpo\u015brednio przy ci\u0105gach komunikacyjnych.<\/p>\n<p class=\"gmail-MsoListParagraphCxSpMiddle\">7.&nbsp;&nbsp;&nbsp;&nbsp; Dzi\u0119kujemy wszystkim, kt\u00f3rzy na r\u00f3\u017cne sposoby troszcz\u0105 si\u0119 o materialn\u0105 stron\u0119 \u017cycia naszej parafii. <span dir=\"ltr\">Za tydzie\u0144<\/span> z racji II niedzieli miesi\u0105ca taca na inwestycje parafialne. Po Mszach \u015bw. zbi\u00f3rka do puszek w ramach Dnia Solidarno\u015bci z Ko\u015bcio\u0142em Prze\u015bladowanym.<\/p>\n<p class=\"gmail-MsoListParagraphCxSpMiddle\">8.&nbsp;&nbsp;&nbsp;&nbsp; Zapraszamy po konfitury i miody z piwniczki \u015bw. Antoniego. Doch\u00f3d z ich sprzeda\u017cy przeznaczamy na remont ko\u015bcio\u0142a.<\/p>\n<p class=\"gmail-MsoListParagraphCxSpMiddle\">9.&nbsp;&nbsp;&nbsp;&nbsp; Od <span dir=\"ltr\">1 stycznia 2026<\/span> roku zmieni si\u0119 porz\u0105dek niedzielnych Mszy \u015bw. Nowy plan znajdziemy w gazetce parafialnej.<\/p>\n<\/div><\/section>\n","protected":false},"excerpt":{"rendered":"","protected":false},"author":1,"featured_media":3832,"comment_status":"closed","ping_status":"closed","sticky":false,"template":"","format":"standard","meta":{"ngg_post_thumbnail":0,"footnotes":""},"categories":[3],"tags":[],"class_list":["post-6060","post","type-post","status-publish","format-standard","has-post-thumbnail","hentry","category-ogloszenia-duszpasterskie"],"_links":{"self":[{"href":"https:\/\/mbloretanska.pl\/index.php?rest_route=\/wp\/v2\/posts\/6060","targetHints":{"allow":["GET"]}}],"collection":[{"href":"https:\/\/mbloretanska.pl\/index.php?rest_route=\/wp\/v2\/posts"}],"about":[{"href":"https:\/\/mbloretanska.pl\/index.php?rest_route=\/wp\/v2\/types\/post"}],"author":[{"embeddable":true,"href":"https:\/\/mbloretanska.pl\/index.php?rest_route=\/wp\/v2\/users\/1"}],"replies":[{"embeddable":true,"href":"https:\/\/mbloretanska.pl\/index.php?rest_route=%2Fwp%2Fv2%2Fcomments&post=6060"}],"version-history":[{"count":4,"href":"https:\/\/mbloretanska.pl\/index.php?rest_route=\/wp\/v2\/posts\/6060\/revisions"}],"predecessor-version":[{"id":6066,"href":"https:\/\/mbloretanska.pl\/index.php?rest_route=\/wp\/v2\/posts\/6060\/revisions\/6066"}],"wp:featuredmedia":[{"embeddable":true,"href":"https:\/\/mbloretanska.pl\/index.php?rest_route=\/wp\/v2\/media\/3832"}],"wp:attachment":[{"href":"https:\/\/mbloretanska.pl\/index.php?rest_route=%2Fwp%2Fv2%2Fmedia&parent=6060"}],"wp:term":[{"taxonomy":"category","embeddable":true,"href":"https:\/\/mbloretanska.pl\/index.php?rest_route=%2Fwp%2Fv2%2Fcategories&post=6060"},{"taxonomy":"post_tag","embeddable":true,"href":"https:\/\/mbloretanska.pl\/index.php?rest_route=%2Fwp%2Fv2%2Ftags&post=6060"}],"curies":[{"name":"wp","href":"https:\/\/api.w.org\/{rel}","templated":true}]}}