{"id":6058,"date":"2025-11-01T23:41:37","date_gmt":"2025-11-01T22:41:37","guid":{"rendered":"https:\/\/mbloretanska.pl\/?p=6058"},"modified":"2025-11-01T23:41:38","modified_gmt":"2025-11-01T22:41:38","slug":"intencje-mszalne-02-08-11-2025","status":"publish","type":"post","link":"https:\/\/mbloretanska.pl\/?p=6058","title":{"rendered":"intencje mszalne 02-08.11.2025"},"content":{"rendered":"<section  class='av_textblock_section av-mhgv8clg-6c79dec98fef15c0d79c461e726f750c '   itemscope=\"itemscope\" itemtype=\"https:\/\/schema.org\/BlogPosting\" itemprop=\"blogPost\" ><div class='avia_textblock'  itemprop=\"text\" ><p>&nbsp;<\/p>\n<table width=\"699.0\" cellspacing=\"0\" cellpadding=\"0\">\n<tbody>\n<tr>\n<td colspan=\"2\" valign=\"top\">&nbsp;<\/td>\n<\/tr>\n<tr>\n<td colspan=\"2\" valign=\"top\">\n<p style=\"text-align: center;\">XXXI NIEDZIELA ZWYK\u0141A &nbsp;(2 listopada 2025 r.)<\/p>\n<p style=\"text-align: center;\">Wszystkich Wiernych Zmar\u0142ych \u2013 wspomnienie<\/p>\n<\/td>\n<\/tr>\n<tr>\n<td valign=\"top\">7:00<\/td>\n<td valign=\"top\">+ Mari\u0119 KRAWCZY\u0143SK\u0104 (40 r. \u015bm.), jej m\u0119\u017ca Czes\u0142awa KRAWCZY\u0143SKIEGO.<\/td>\n<\/tr>\n<tr>\n<td valign=\"top\">8:30<\/td>\n<td valign=\"top\">+ Paw\u0142a WOJTYSIAKA (14 r. \u015bm.)<\/td>\n<\/tr>\n<tr>\n<td valign=\"top\">10:00<\/td>\n<td valign=\"top\">+ Karola STANASZKA.<\/td>\n<\/tr>\n<tr>\n<td valign=\"top\">11:00<\/td>\n<td valign=\"top\">+ za zmar\u0142ych z rodziny TARNOWSKICH, K\u0118SIK\u00d3W i OCHMAN\u00d3W.<\/td>\n<\/tr>\n<tr>\n<td valign=\"top\">12:30<\/td>\n<td valign=\"top\">+ Artura KRECI\u0143SKIEGO (1 r. \u015bm.)<\/p>\n<p>+ Janin\u0119 LESZKIEWICZ (2 r. \u015bm.)<\/p>\n<p>+ El\u017cbiet\u0119 BOJANOWSK\u0104-SZMIT (30 dni po \u015bm.)<\/p>\n<p>+ rodzic\u00f3w: Wac\u0142awa i Janin\u0119 BO\u017bKIEWICZ, Jerzego OFINCOW, Teres\u0119 OFINCOW, Edwarda BO\u017bKIEWICZA oraz zm. z r. \u015aWIERGALSKICH i BO\u017bKIEWICZ.<\/p>\n<p>+ Teres\u0119 i Feliksa KASZYCA.&nbsp;<\/td>\n<\/tr>\n<tr>\n<td valign=\"top\">18:00<\/td>\n<td valign=\"top\">+ Msza \u015awi\u0119ta gregoria\u0144ska za naszych bliskich zmar\u0142ych.<\/td>\n<\/tr>\n<tr>\n<td colspan=\"2\" valign=\"top\">&nbsp;<\/td>\n<\/tr>\n<tr>\n<td colspan=\"2\" valign=\"top\">\n<p style=\"text-align: center;\">PONIEDZIA\u0141EK<\/p>\n<p style=\"text-align: center;\">(3 listopada 2025 r.)<\/p>\n<\/td>\n<\/tr>\n<tr>\n<td valign=\"top\">7:00<\/td>\n<td valign=\"top\">\u00b7&nbsp;&nbsp;&nbsp;&nbsp;&nbsp; Int. dzi\u0119kczynno-b\u0142agalna za Sabin\u0119 SZYNKIEWICZ z okazji 90 urodzin z pro\u015bb\u0105<br \/>\no potrzebne \u0142aski i dalsz\u0105 opiek\u0119 dla Jubilatki i ca\u0142ej rodziny. &nbsp;&nbsp;<\/td>\n<\/tr>\n<tr>\n<td valign=\"top\">8:00<\/td>\n<td valign=\"top\">+ Barbar\u0119 RUTKOWSK\u0104.<\/td>\n<\/tr>\n<tr>\n<td valign=\"top\">18:00<\/td>\n<td valign=\"top\">+ Msza \u015awi\u0119ta gregoria\u0144ska za naszych bliskich zmar\u0142ych.<\/td>\n<\/tr>\n<tr>\n<td colspan=\"2\" valign=\"top\">&nbsp;<\/td>\n<\/tr>\n<tr>\n<td colspan=\"2\" valign=\"top\">\n<p style=\"text-align: center;\">WTOREK<\/p>\n<p style=\"text-align: center;\">(4 listopada 2025 r.)<\/p>\n<p style=\"text-align: center;\">\u015aw. Karola Boromeusza, biskupa \u2013 wspomnienie<\/p>\n<\/td>\n<\/tr>\n<tr>\n<td valign=\"top\">7:00<\/td>\n<td valign=\"top\">+ &nbsp;Marka PR\u00d3B\u0118.<\/td>\n<\/tr>\n<tr>\n<td valign=\"top\">8:00<\/td>\n<td valign=\"top\">&nbsp;<\/td>\n<\/tr>\n<tr>\n<td valign=\"top\">18:00<\/td>\n<td valign=\"top\">+ Msza \u015awi\u0119ta gregoria\u0144ska za naszych bliskich zmar\u0142ych.<\/td>\n<\/tr>\n<tr>\n<td colspan=\"2\" valign=\"top\">&nbsp;<\/td>\n<\/tr>\n<tr>\n<td colspan=\"2\" valign=\"top\">\n<p style=\"text-align: center;\">\u015aRODA<\/p>\n<p style=\"text-align: center;\">(5 listopada 2025 r.)<\/p>\n<\/td>\n<\/tr>\n<tr>\n<td valign=\"top\">7:00<\/td>\n<td valign=\"top\">+ Ew\u0119 z m\u0119\u017cem i synem.<\/td>\n<\/tr>\n<tr>\n<td valign=\"top\">8:00<\/td>\n<td valign=\"top\">\u00b7&nbsp;&nbsp;&nbsp;&nbsp;&nbsp; O pe\u0142ny powr\u00f3t do zdrowia w chorobie nowotworowej Kasi i Ani oraz o \u0142ask\u0119 powrotu do Boga Huberta, Adeliny, Kamili, Marcina Dominiki i Amadeusza.<\/td>\n<\/tr>\n<tr>\n<td valign=\"top\">17:45<\/td>\n<td valign=\"top\">1)&nbsp;&nbsp;&nbsp; NOWENNA<\/p>\n<p>+ Marka WITKOWSKIEGO (5 r. \u015bm.) Wiktori\u0119 i Natali\u0119 WITKOWSKICH.<\/p>\n<p>2)&nbsp;&nbsp;&nbsp; + Msza \u015awi\u0119ta gregoria\u0144ska za naszych bliskich zmar\u0142ych.<\/td>\n<\/tr>\n<tr>\n<td colspan=\"2\" valign=\"top\">&nbsp;<\/td>\n<\/tr>\n<tr>\n<td colspan=\"2\" valign=\"top\">\n<p style=\"text-align: center;\">CZWARTEK<\/p>\n<p style=\"text-align: center;\">(6 listopada 2025 r.)<\/p>\n<\/td>\n<\/tr>\n<tr>\n<td valign=\"top\">7:00<\/td>\n<td valign=\"top\">+ zm. z r. RUTKOWSKICH, ROSTKOWSKICH, OSI\u0143SKICH i RAK\u00d3W.<\/td>\n<\/tr>\n<tr>\n<td valign=\"top\">8:00<\/td>\n<td valign=\"top\">+ za zmar\u0142ych rodzic\u00f3w i rodze\u0144stwo.<\/td>\n<\/tr>\n<tr>\n<td valign=\"top\">18:00<\/td>\n<td valign=\"top\">+ Msza \u015awi\u0119ta gregoria\u0144ska za naszych bliskich zmar\u0142ych.<\/td>\n<\/tr>\n<tr>\n<td colspan=\"2\" valign=\"top\">&nbsp;<\/td>\n<\/tr>\n<tr>\n<td colspan=\"2\" valign=\"top\">\n<p style=\"text-align: center;\">PI\u0104TEK<\/p>\n<p style=\"text-align: center;\">(7 listopada 2025 r.)<\/p>\n<\/td>\n<\/tr>\n<tr>\n<td valign=\"top\">7:00<\/td>\n<td valign=\"top\">+ Grzegorza BRZUSK\u0118 (33 r. \u015bm.) \u017con\u0119 Czes\u0142aw\u0119, syna Eugeniusza, oraz Zofi\u0119.<\/td>\n<\/tr>\n<tr>\n<td valign=\"top\">8:00<\/td>\n<td valign=\"top\">\u00b7&nbsp;&nbsp;&nbsp;&nbsp;&nbsp; W intencjach \u017bywego R\u00f3\u017ca\u0144ca i Legionu Maryi.<\/td>\n<\/tr>\n<tr>\n<td valign=\"top\">18:00<\/td>\n<td valign=\"top\">+ Msza \u015awi\u0119ta gregoria\u0144ska za naszych bliskich zmar\u0142ych.<\/td>\n<\/tr>\n<tr>\n<td colspan=\"2\" valign=\"top\">&nbsp;<\/td>\n<\/tr>\n<tr>\n<td colspan=\"2\" valign=\"top\">\n<p style=\"text-align: center;\">SOBOTA<\/p>\n<p style=\"text-align: center;\">(8 listopada)<\/p>\n<\/td>\n<\/tr>\n<tr>\n<td valign=\"top\">7:00<\/td>\n<td valign=\"top\">1)&nbsp;&nbsp;&nbsp; + Urszul\u0119 SOBO\u0143.<\/p>\n<p>2)&nbsp;&nbsp;&nbsp; + Cecyli\u0119 KO\u0141AKOWSK\u0104 (7 r. \u015bm.)<\/td>\n<\/tr>\n<tr>\n<td valign=\"top\">8:00<\/td>\n<td valign=\"top\">\u00b7&nbsp;&nbsp;&nbsp;&nbsp;&nbsp; W intencjach czcicieli \u015aw. Micha\u0142a Archanio\u0142a.<\/td>\n<\/tr>\n<tr>\n<td valign=\"top\">18:00<\/td>\n<td valign=\"top\">+ Msza \u015awi\u0119ta gregoria\u0144ska za naszych bliskich zmar\u0142ych.<\/td>\n<\/tr>\n<\/tbody>\n<\/table>\n<p>&nbsp;<\/p>\n<\/div><\/section>\n","protected":false},"excerpt":{"rendered":"","protected":false},"author":1,"featured_media":3833,"comment_status":"closed","ping_status":"closed","sticky":false,"template":"","format":"standard","meta":{"ngg_post_thumbnail":0,"footnotes":""},"categories":[6],"tags":[],"class_list":["post-6058","post","type-post","status-publish","format-standard","has-post-thumbnail","hentry","category-intencje-mszalne"],"_links":{"self":[{"href":"https:\/\/mbloretanska.pl\/index.php?rest_route=\/wp\/v2\/posts\/6058","targetHints":{"allow":["GET"]}}],"collection":[{"href":"https:\/\/mbloretanska.pl\/index.php?rest_route=\/wp\/v2\/posts"}],"about":[{"href":"https:\/\/mbloretanska.pl\/index.php?rest_route=\/wp\/v2\/types\/post"}],"author":[{"embeddable":true,"href":"https:\/\/mbloretanska.pl\/index.php?rest_route=\/wp\/v2\/users\/1"}],"replies":[{"embeddable":true,"href":"https:\/\/mbloretanska.pl\/index.php?rest_route=%2Fwp%2Fv2%2Fcomments&post=6058"}],"version-history":[{"count":1,"href":"https:\/\/mbloretanska.pl\/index.php?rest_route=\/wp\/v2\/posts\/6058\/revisions"}],"predecessor-version":[{"id":6059,"href":"https:\/\/mbloretanska.pl\/index.php?rest_route=\/wp\/v2\/posts\/6058\/revisions\/6059"}],"wp:featuredmedia":[{"embeddable":true,"href":"https:\/\/mbloretanska.pl\/index.php?rest_route=\/wp\/v2\/media\/3833"}],"wp:attachment":[{"href":"https:\/\/mbloretanska.pl\/index.php?rest_route=%2Fwp%2Fv2%2Fmedia&parent=6058"}],"wp:term":[{"taxonomy":"category","embeddable":true,"href":"https:\/\/mbloretanska.pl\/index.php?rest_route=%2Fwp%2Fv2%2Fcategories&post=6058"},{"taxonomy":"post_tag","embeddable":true,"href":"https:\/\/mbloretanska.pl\/index.php?rest_route=%2Fwp%2Fv2%2Ftags&post=6058"}],"curies":[{"name":"wp","href":"https:\/\/api.w.org\/{rel}","templated":true}]}}