{"id":6056,"date":"2025-10-26T15:27:09","date_gmt":"2025-10-26T14:27:09","guid":{"rendered":"https:\/\/mbloretanska.pl\/?p=6056"},"modified":"2025-10-26T15:27:10","modified_gmt":"2025-10-26T14:27:10","slug":"uroczystosc-rocznicy-poswiecenia-kosciola-26-pazdziernika-2025","status":"publish","type":"post","link":"https:\/\/mbloretanska.pl\/?p=6056","title":{"rendered":"uroczysto\u015b\u0107 rocznicy po\u015bwi\u0119cenia ko\u015bcio\u0142a 26 pa\u017adziernika 2025"},"content":{"rendered":"<section  class='av_textblock_section av-mh7sychv-b86ebb420b9d907063e3d6b5e1ba0a9a '   itemscope=\"itemscope\" itemtype=\"https:\/\/schema.org\/BlogPosting\" itemprop=\"blogPost\" ><div class='avia_textblock'  itemprop=\"text\" ><p>1.&nbsp;&nbsp;&nbsp;&nbsp; Tydzie\u0144 temu w naszej parafii we wszystkich Mszach \u015bw. uczestniczy\u0142y 1082 osoby. To o 70 os\u00f3b mniej ni\u017c w zesz\u0142ym roku. Do komunii \u015bw. przyst\u0105pi\u0142y 582 osoby co oznacza 53,8 % uczestnik\u00f3w Mszy. Stosunek comunicantes do dominicantes wzr\u00f3s\u0142 o 4 punkty procentowe.<\/p>\n<p>2.&nbsp;&nbsp;&nbsp;&nbsp; Dzi\u015b po Mszy wieczornej o godz. 18.00 kolejne spotkanie kandydat\u00f3w do bierzmowania.<\/p>\n<p>3.&nbsp;&nbsp;&nbsp;&nbsp; We wtorek 28.X \u015bwi\u0119to \u015bw. Aposto\u0142\u00f3w Szymona i Judy Tadeusza. W\u015br\u00f3d solenizant\u00f3w jest tak\u017ce nasz by\u0142y wikariusz ks. Tadeusz Siewko. Msza \u015bw. imieninowa w intencji ks. Tadeusza dzi\u015b o godz. 10.00.<\/p>\n<p>4.&nbsp;&nbsp;&nbsp;&nbsp; Pami\u0119taj\u0105c o swoich bliskich zmar\u0142ych pro\u015bmy dla nich o mi\u0142osierdzie w modlitwie wypominkowej: jednorazowej, rocznej b\u0105d\u017a w listopadowej Mszy gregoria\u0144skiej.&nbsp; Msz\u0119 gregoria\u0144sk\u0105 b\u0119dziemy odprawia\u0107 przez ca\u0142y listopad o godz. 18.00. Mo\u017cemy ofiarowa\u0107 j\u0105 za jedn\u0105 osob\u0119 albo za dwoje zmar\u0142ych rodzic\u00f3w.<\/p>\n<p>5.&nbsp;&nbsp;&nbsp;&nbsp; W pi\u0105tek ostatnie nabo\u017ce\u0144stwo pa\u017adziernikowe. Dzi\u0119kujemy za wsp\u00f3ln\u0105 modlitw\u0119 r\u00f3\u017ca\u0144cow\u0105 wszystkim, kt\u00f3rzy w jakikolwiek spos\u00f3b w niej uczestniczyli.<\/p>\n<p>6.&nbsp;&nbsp;&nbsp;&nbsp; W sobot\u0119 1.XI Uroczysto\u015b\u0107 Wszystkich \u015awi\u0119tych. Msze \u015bw. w naszym ko\u015bciele jak co roku o godz. 7.00, 8.30, 10.00 i 18.00. O godz. 18.00 pierwsza Msza gregoria\u0144ska za zmar\u0142ych, a po niej procesja \u017ca\u0142obna po\u0142\u0105czona z modlitw\u0105 za zmar\u0142ych poleconych w wypominkach.<\/p>\n<p>7.&nbsp;&nbsp;&nbsp;&nbsp; W przysz\u0142\u0105 niedziel\u0119 2.XI Wspomnienie Wszystkich Wiernych Zmar\u0142ych. Msze \u015bw. wg. Porz\u0105dku niedzielnego. Po Mszy o godz. 18.00 procesja \u017ca\u0142obna po\u0142\u0105czona z modlitw\u0105 za zmar\u0142ych.<\/p>\n<p>8.&nbsp;&nbsp;&nbsp;&nbsp; Codziennie, w dniach od 1 do 8.XI ka\u017cdy, kto spe\u0142nia zwyk\u0142e warunki, pobo\u017cnie nawiedzi cmentarz i ofiaruje modlitw\u0119 za zmar\u0142ych mo\u017ce zyska\u0107 odpust zupe\u0142ny i ofiarowa\u0107 go za dusze w czy\u015b\u0107cu cierpi\u0105ce (jednego dnia za jedn\u0105 dusz\u0119).<\/p>\n<p>9.&nbsp;&nbsp;&nbsp;&nbsp; Wolne s\u0105 jeszcze terminy porannych Mszy w listopadzie. Je\u015bli mamy d\u0142ug wdzi\u0119czno\u015bci wobec os\u00f3b \u017cyj\u0105cych b\u0105d\u017a zmar\u0142ych mo\u017cemy okaza\u0107 wdzi\u0119czno\u015b\u0107 ofiaruj\u0105c Msz\u0119 \u015bw. w intencji swojego dobroczy\u0144cy.<\/p>\n<p>10. &nbsp;Od 1 stycznia 2026 roku zmieni si\u0119 porz\u0105dek niedzielnych Mszy \u015bw. Nowy plan znajdziemy w gazetce parafialnej.<\/p>\n<\/div><\/section>\n","protected":false},"excerpt":{"rendered":"","protected":false},"author":1,"featured_media":3832,"comment_status":"closed","ping_status":"closed","sticky":false,"template":"","format":"standard","meta":{"ngg_post_thumbnail":0,"footnotes":""},"categories":[3],"tags":[],"class_list":["post-6056","post","type-post","status-publish","format-standard","has-post-thumbnail","hentry","category-ogloszenia-duszpasterskie"],"_links":{"self":[{"href":"https:\/\/mbloretanska.pl\/index.php?rest_route=\/wp\/v2\/posts\/6056","targetHints":{"allow":["GET"]}}],"collection":[{"href":"https:\/\/mbloretanska.pl\/index.php?rest_route=\/wp\/v2\/posts"}],"about":[{"href":"https:\/\/mbloretanska.pl\/index.php?rest_route=\/wp\/v2\/types\/post"}],"author":[{"embeddable":true,"href":"https:\/\/mbloretanska.pl\/index.php?rest_route=\/wp\/v2\/users\/1"}],"replies":[{"embeddable":true,"href":"https:\/\/mbloretanska.pl\/index.php?rest_route=%2Fwp%2Fv2%2Fcomments&post=6056"}],"version-history":[{"count":1,"href":"https:\/\/mbloretanska.pl\/index.php?rest_route=\/wp\/v2\/posts\/6056\/revisions"}],"predecessor-version":[{"id":6057,"href":"https:\/\/mbloretanska.pl\/index.php?rest_route=\/wp\/v2\/posts\/6056\/revisions\/6057"}],"wp:featuredmedia":[{"embeddable":true,"href":"https:\/\/mbloretanska.pl\/index.php?rest_route=\/wp\/v2\/media\/3832"}],"wp:attachment":[{"href":"https:\/\/mbloretanska.pl\/index.php?rest_route=%2Fwp%2Fv2%2Fmedia&parent=6056"}],"wp:term":[{"taxonomy":"category","embeddable":true,"href":"https:\/\/mbloretanska.pl\/index.php?rest_route=%2Fwp%2Fv2%2Fcategories&post=6056"},{"taxonomy":"post_tag","embeddable":true,"href":"https:\/\/mbloretanska.pl\/index.php?rest_route=%2Fwp%2Fv2%2Ftags&post=6056"}],"curies":[{"name":"wp","href":"https:\/\/api.w.org\/{rel}","templated":true}]}}