{"id":6054,"date":"2025-10-26T15:21:57","date_gmt":"2025-10-26T14:21:57","guid":{"rendered":"https:\/\/mbloretanska.pl\/?p=6054"},"modified":"2025-10-26T15:21:58","modified_gmt":"2025-10-26T14:21:58","slug":"intencje-mszalne-26-10-01-11-2025","status":"publish","type":"post","link":"https:\/\/mbloretanska.pl\/?p=6054","title":{"rendered":"intencje mszalne 26.10-01.11.2025"},"content":{"rendered":"<section  class='av_textblock_section av-mh7srkt9-faf9a0bd17c873acf4e46be77ca21e17 '   itemscope=\"itemscope\" itemtype=\"https:\/\/schema.org\/BlogPosting\" itemprop=\"blogPost\" ><div class='avia_textblock'  itemprop=\"text\" ><p>&nbsp;<\/p>\n<table style=\"font-weight: 400;\" width=\"699\">\n<tbody>\n<tr>\n<td colspan=\"2\" width=\"699\"><strong>&nbsp;<\/strong><\/td>\n<\/tr>\n<tr>\n<td colspan=\"2\" width=\"699\">\n<p style=\"text-align: center;\"><strong>XXX NIEDZIELA ZWYK\u0141A&nbsp;&nbsp; <\/strong><\/p>\n<p style=\"text-align: center;\"><strong>(26 pa\u017adziernika 2025 r.)<\/strong><\/p>\n<p style=\"text-align: center;\"><strong>Rocznica po\u015bwi\u0119cenia w\u0142asnego ko\u015bcio\u0142a \u2013 uroczysto\u015b\u0107<\/strong><\/p>\n<\/td>\n<\/tr>\n<tr>\n<td width=\"56\"><strong>7:00<\/strong><\/td>\n<td width=\"643\">+ Mari\u0119 CHILARECK\u0104 (greg. 26).<\/td>\n<\/tr>\n<tr>\n<td width=\"56\"><strong>8:30<\/strong><\/td>\n<td width=\"643\">+ Adama OLEKSIEWICZA (8 r. \u015bm.), Alin\u0119 i Edwarda OLEKSIEWICZ,<br \/>\n&nbsp;&nbsp; Halin\u0119 GANCARZ.<\/td>\n<\/tr>\n<tr>\n<td width=\"56\"><strong>10:00<\/strong><\/td>\n<td width=\"643\">\u00b7&nbsp;&nbsp;&nbsp;&nbsp;&nbsp; O Bo\u017ce b\u0142og., potrzebne \u0142aski i opiek\u0119 MBL dla ks. Tadeusza SIEWKO z racji imienin<\/td>\n<\/tr>\n<tr>\n<td width=\"56\"><strong>11:00<\/strong><\/td>\n<td width=\"643\">+ Zdzis\u0142awa SKAR\u017bY\u0143SKIEGO (25 r. \u015bm.), zmar\u0142ych z rodziny SKAR\u017bY\u0143SKICH<br \/>\n&nbsp;&nbsp; i W\u0104SOWSKICH, Krzysztofa W\u0104SOWSKIEGO (7 miesi\u0119cy po \u015bm.)<\/td>\n<\/tr>\n<tr>\n<td width=\"56\"><strong>12:30<\/strong><\/td>\n<td width=\"643\">\u00b7&nbsp;&nbsp;&nbsp;&nbsp;&nbsp; Int. dzi\u0119kczynna w 49 r. \u015blubu Wandy i Leszka CHODKOWSKICH z pro\u015bb\u0105 o zdrowie, b\u0142og. Bo\u017ce i potrzebne \u0142aski w dalszym \u017cyciu.<\/p>\n<p>\u00b7&nbsp;&nbsp;&nbsp;&nbsp;&nbsp; W intencji Panu Bogu wiadomej.<\/p>\n<p>+ Wies\u0142awa RADOCHO\u0143SKIEGO (30 dzie\u0144 po \u015bm.)<\/p>\n<p>+ Grzegorza Jerzego NIEZNA\u0143SKIEGO (30 dz. po \u015bm.)<\/p>\n<p>+ Jadwig\u0119 FILIMON (30 dni po \u015bm.)<\/p>\n<p>+ Krzysztofa RDZANEK (od uczestnik\u00f3w pogrzebu) w 30 dniu po \u015bm.<\/p>\n<p>+ Teres\u0119 i Feliksa KASZYCA.<\/p>\n<p>+ Helen\u0119 i Zdzis\u0142awa \u015aWI\u0104TECKICH.<\/p>\n<p>+ Stanis\u0142aw\u0119, Jana, Jerzego TOMCZAK, Franciszk\u0119 i S\u0142awomira PAPROCKICH.<\/td>\n<\/tr>\n<tr>\n<td width=\"56\"><strong>18:00<\/strong><\/td>\n<td width=\"643\">\u00b7&nbsp;&nbsp;&nbsp;&nbsp;&nbsp; W rocznic\u0119 utworzenia R\u00f3\u017cy R\u00f3\u017ca\u0144cowej modlitwy rodzic\u00f3w za dzieci<br \/>\n\u2013 o wszelkie potrzebne \u0142aski.<\/td>\n<\/tr>\n<tr>\n<td colspan=\"2\" width=\"699\"><strong>&nbsp;<\/strong><\/td>\n<\/tr>\n<tr>\n<td colspan=\"2\" width=\"699\">\n<p style=\"text-align: center;\"><strong>PONIEDZIA\u0141EK (27 pa\u017adziernika) <\/strong><\/p>\n<\/td>\n<\/tr>\n<tr>\n<td width=\"56\"><strong>7:00<\/strong><\/td>\n<td width=\"643\">+ Henryk\u0119 BARTKOWIAK (4 r. \u015bm.), W\u0142adys\u0142awa BARTKOWIAKA (9 r. \u015bm.)<br \/>\n&nbsp;&nbsp; rodzic\u00f3w z obojga stron, oraz Zdzis\u0142awa, Agnieszk\u0119, W\u0142adys\u0142awa i Jerzego.<\/td>\n<\/tr>\n<tr>\n<td width=\"56\"><strong>8:00<\/strong><\/td>\n<td width=\"643\">+ Tadeusza i Stefani\u0119 BARASZKIEWICZ (intencja od dzieci i wnuk\u00f3w).<\/td>\n<\/tr>\n<tr>\n<td width=\"56\"><strong>18:00<\/strong><\/td>\n<td width=\"643\">+ Mari\u0119 CHILARECK\u0104 (greg. 27).<\/td>\n<\/tr>\n<tr>\n<td colspan=\"2\" width=\"699\">&nbsp;<\/td>\n<\/tr>\n<tr>\n<td colspan=\"2\" width=\"699\">\n<p style=\"text-align: center;\"><strong>WTOREK (28 pa\u017adziernika)<\/strong><\/p>\n<p style=\"text-align: center;\"><strong>\u015awi\u0119tych Aposto\u0142\u00f3w: Szymona i Judy Tadeusza \u2013 \u015bwi\u0119to <\/strong><\/p>\n<\/td>\n<\/tr>\n<tr>\n<td width=\"56\"><strong>7:00<\/strong><\/td>\n<td width=\"643\">+ &nbsp;Aleksandr\u0119, Franciszka, Mariann\u0119, Mariana, Jana i J\u00f3zefa O\u0141\u00d3WKA,<br \/>\n&nbsp;&nbsp;&nbsp; Mariann\u0119 i Stanis\u0142awa MICHALIK, Stanis\u0142awa O\u0141\u00d3WKA.<\/td>\n<\/tr>\n<tr>\n<td width=\"56\"><strong>8:00<\/strong><\/td>\n<td width=\"643\">+ Tadeusza CIE\u015aLAKA (z racji imienin).<\/td>\n<\/tr>\n<tr>\n<td width=\"56\"><strong>18:00<\/strong><\/td>\n<td width=\"643\">+ Mari\u0119 CHILARECK\u0104 (greg. 28).<\/td>\n<\/tr>\n<tr>\n<td colspan=\"2\" width=\"699\">&nbsp;<\/td>\n<\/tr>\n<tr>\n<td colspan=\"2\" width=\"699\">\n<p style=\"text-align: center;\"><strong>\u015aRODA (29 pa\u017adziernika) <\/strong><\/p>\n<\/td>\n<\/tr>\n<tr>\n<td width=\"56\"><strong>7:00<\/strong><\/td>\n<td width=\"643\">&nbsp;<\/td>\n<\/tr>\n<tr>\n<td width=\"56\"><strong>8:00<\/strong><\/td>\n<td width=\"643\">+ Mari\u0119 CHILARECK\u0104 (greg. 29).<\/td>\n<\/tr>\n<tr>\n<td width=\"56\"><strong>17:45<\/strong><\/td>\n<td width=\"643\">&nbsp;<strong>NOWENNA<\/strong><\/p>\n<p>+ Lucyn\u0119 KUGLER \u2013 o \u0142ask\u0119 przebaczenia grzech\u00f3w i wieczne zbawienie.<\/td>\n<\/tr>\n<tr>\n<td colspan=\"2\" width=\"699\"><strong>&nbsp;<\/strong><\/td>\n<\/tr>\n<tr>\n<td colspan=\"2\" width=\"699\"><strong>CZWARTEK&nbsp; (30 pa\u017adziernika)<\/strong><\/td>\n<\/tr>\n<tr>\n<td width=\"56\"><strong>7:00<\/strong><\/td>\n<td width=\"643\">+ Mari\u0119 CHILARECK\u0104 (greg. 30).<\/td>\n<\/tr>\n<tr>\n<td width=\"56\"><strong>8:00<\/strong><\/td>\n<td width=\"643\">&nbsp;<\/td>\n<\/tr>\n<tr>\n<td width=\"56\"><strong>18:00<\/strong><\/td>\n<td width=\"643\">+ Adolfa BOJANOWICZ (w rocznic\u0119 \u015bmierci) oraz zmar\u0142ych z ca\u0142ej rodziny&nbsp;<br \/>\n&nbsp;&nbsp; BOJANOWICZ\u00d3W i TKACZYK\u00d3W.<\/td>\n<\/tr>\n<tr>\n<td colspan=\"2\" width=\"699\"><strong>&nbsp;<\/strong><\/td>\n<\/tr>\n<tr>\n<td colspan=\"2\" width=\"699\">\n<p style=\"text-align: center;\"><strong>PI\u0104TEK (31 pa\u017adziernika)<\/strong><\/p>\n<\/td>\n<\/tr>\n<tr>\n<td width=\"56\"><strong>7:00<\/strong><\/td>\n<td width=\"643\">+ Adama POSZWI\u0143SKIEGO.<\/td>\n<\/tr>\n<tr>\n<td width=\"56\"><strong>8:00<\/strong><\/td>\n<td width=\"643\">+ Henryk\u0119, Andrzeja, Jerzego, Stanis\u0142awa CZERBNIAK, Mari\u0119, Rysia i Stanis\u0142awa<br \/>\n&nbsp;&nbsp; RADKOWSKICH.<\/td>\n<\/tr>\n<tr>\n<td width=\"56\"><strong>18:00<\/strong><\/td>\n<td width=\"643\">+ Konstantego (3 r. \u015bm.)<\/td>\n<\/tr>\n<tr>\n<td colspan=\"2\" width=\"699\"><strong>&nbsp;<\/strong><\/td>\n<\/tr>\n<tr>\n<td colspan=\"2\" width=\"699\">\n<p style=\"text-align: center;\"><strong>SOBOTA (1 listopada)<\/strong><\/p>\n<p style=\"text-align: center;\"><strong>Uroczysto\u015b\u0107 Wszystkich \u015awi\u0119tych<\/strong><\/p>\n<\/td>\n<\/tr>\n<tr>\n<td width=\"56\"><strong>7:00<\/strong><\/td>\n<td width=\"643\">+ Za zm. z rodziny B\u0141A\u017bEWICZ\u00d3W i D\u0104BROWSKICH.<\/td>\n<\/tr>\n<tr>\n<td width=\"56\"><strong>8:00<\/strong><\/td>\n<td width=\"643\">+ Henryka FR\u0104CZEK.<\/td>\n<\/tr>\n<tr>\n<td width=\"56\"><strong>10:00<\/strong><\/td>\n<td width=\"643\">+ zm. z r. GO\u0141\u0118BIEWSKICH, KAPCZUK\u00d3W, DUCH\u00d3W, WOJCIESZUK\u00d3W<br \/>\n&nbsp;&nbsp; i wszystkie dusze w czy\u015b\u0107cu cierpi\u0105ce.<\/td>\n<\/tr>\n<tr>\n<td width=\"56\"><strong>18:00<\/strong><\/td>\n<td width=\"643\">+ <strong>Msza \u015awi\u0119ta gregoria\u0144ska<\/strong> za naszych bliskich zmar\u0142ych (1)<\/p>\n<p>Po Mszy \u015awi\u0119tej <strong>procesja za wiernych zmar\u0142ych wspominanych w wypominkach<\/strong>.<\/td>\n<\/tr>\n<\/tbody>\n<\/table>\n<\/div><\/section>\n","protected":false},"excerpt":{"rendered":"","protected":false},"author":1,"featured_media":3833,"comment_status":"closed","ping_status":"closed","sticky":false,"template":"","format":"standard","meta":{"ngg_post_thumbnail":0,"footnotes":""},"categories":[6],"tags":[],"class_list":["post-6054","post","type-post","status-publish","format-standard","has-post-thumbnail","hentry","category-intencje-mszalne"],"_links":{"self":[{"href":"https:\/\/mbloretanska.pl\/index.php?rest_route=\/wp\/v2\/posts\/6054","targetHints":{"allow":["GET"]}}],"collection":[{"href":"https:\/\/mbloretanska.pl\/index.php?rest_route=\/wp\/v2\/posts"}],"about":[{"href":"https:\/\/mbloretanska.pl\/index.php?rest_route=\/wp\/v2\/types\/post"}],"author":[{"embeddable":true,"href":"https:\/\/mbloretanska.pl\/index.php?rest_route=\/wp\/v2\/users\/1"}],"replies":[{"embeddable":true,"href":"https:\/\/mbloretanska.pl\/index.php?rest_route=%2Fwp%2Fv2%2Fcomments&post=6054"}],"version-history":[{"count":1,"href":"https:\/\/mbloretanska.pl\/index.php?rest_route=\/wp\/v2\/posts\/6054\/revisions"}],"predecessor-version":[{"id":6055,"href":"https:\/\/mbloretanska.pl\/index.php?rest_route=\/wp\/v2\/posts\/6054\/revisions\/6055"}],"wp:featuredmedia":[{"embeddable":true,"href":"https:\/\/mbloretanska.pl\/index.php?rest_route=\/wp\/v2\/media\/3833"}],"wp:attachment":[{"href":"https:\/\/mbloretanska.pl\/index.php?rest_route=%2Fwp%2Fv2%2Fmedia&parent=6054"}],"wp:term":[{"taxonomy":"category","embeddable":true,"href":"https:\/\/mbloretanska.pl\/index.php?rest_route=%2Fwp%2Fv2%2Fcategories&post=6054"},{"taxonomy":"post_tag","embeddable":true,"href":"https:\/\/mbloretanska.pl\/index.php?rest_route=%2Fwp%2Fv2%2Ftags&post=6054"}],"curies":[{"name":"wp","href":"https:\/\/api.w.org\/{rel}","templated":true}]}}