{"id":6049,"date":"2025-10-17T08:12:28","date_gmt":"2025-10-17T06:12:28","guid":{"rendered":"https:\/\/mbloretanska.pl\/?p=6049"},"modified":"2025-10-17T08:12:29","modified_gmt":"2025-10-17T06:12:29","slug":"intencje-mszalne-19-25-10-2025","status":"publish","type":"post","link":"https:\/\/mbloretanska.pl\/?p=6049","title":{"rendered":"intencje mszalne 19-25.10.2025"},"content":{"rendered":"<section  class='av_textblock_section av-mgugbhbs-828dd37ea1f03374ef9153edb904bf72 '   itemscope=\"itemscope\" itemtype=\"https:\/\/schema.org\/BlogPosting\" itemprop=\"blogPost\" ><div class='avia_textblock'  itemprop=\"text\" ><table style=\"font-weight: 400;\" width=\"699\">\n<tbody>\n<tr>\n<td colspan=\"2\" width=\"699\"><strong>&nbsp;<\/strong><\/td>\n<\/tr>\n<tr>\n<td colspan=\"2\" width=\"699\">\n<p style=\"text-align: center;\"><strong>XXIX NIEDZIELA ZWYK\u0141A<\/strong><\/p>\n<p style=\"text-align: center;\"><strong>(19 pa\u017adziernika 2025 r.)<\/strong><\/p>\n<\/td>\n<\/tr>\n<tr>\n<td width=\"56\"><strong>7:00<\/strong><\/td>\n<td width=\"643\">+ Mari\u0119 CHILARECK\u0104 (greg. 19).<\/td>\n<\/tr>\n<tr>\n<td width=\"56\"><strong>8:30<\/strong><\/td>\n<td width=\"643\">\u00b7&nbsp;&nbsp;&nbsp;&nbsp;&nbsp; O Bo\u017ce b\u0142og., dary Ducha \u015awi\u0119tego i zdrowie dla Ma\u0142gorzaty, Tomasza i Jadwigi.<\/td>\n<\/tr>\n<tr>\n<td width=\"56\"><strong>10:00<\/strong><\/td>\n<td width=\"643\">+ Iren\u0119 S\u0141UPEK (30 r. \u015bm.) Stefana S\u0141UPEK oraz Tadeusza KONDRACKIEGO.<\/td>\n<\/tr>\n<tr>\n<td width=\"56\"><strong>11:00<\/strong><\/td>\n<td width=\"643\">1)&nbsp;&nbsp;&nbsp; O Bo\u017ce b\u0142., zdrowie i wstawiennictwo \u015bwi\u0119tego patrona dla ks. \u0141ukasza (imieninowa).<\/p>\n<p>2)&nbsp;&nbsp;&nbsp; + Ks. Stefana NIEDZIELAKA, Kap\u0142ana niez\u0142omnego, kapelana rodzin katy\u0144skich<br \/>\n&nbsp;&nbsp; i proboszcza naszej parafii.<\/td>\n<\/tr>\n<tr>\n<td width=\"56\"><strong>12:30<\/strong><\/td>\n<td width=\"643\">+ Dariusza Tadeusza SZCZYGIELSKIEGO (30 dni po \u015bm.)<\/p>\n<p>+ Lecha M\u0104CZY\u0143SKIEGO (15 r. \u015bm.), Krystyn\u0119 M\u0104CZY\u0143SK\u0104.<\/p>\n<p>+ Iren\u0119 KO\u0141ODZIEJSK\u0104 (7 r. \u015bm.)<\/p>\n<p>+ Romualda KARWOWSKIEGO (1 r. \u015bm.)<\/p>\n<p>+ Teres\u0119 i Feliksa KASZYCA.&nbsp;<\/td>\n<\/tr>\n<tr>\n<td width=\"56\"><strong>18:00<\/strong><\/td>\n<td width=\"643\">+ O \u0142ask\u0119 Nieba dla Tadeusza PUD\u0141O, jego syna Kazimierza-Kajetana oraz rodzic\u00f3w<br \/>\n&nbsp;&nbsp; z obojga stron.<\/td>\n<\/tr>\n<tr>\n<td colspan=\"2\" width=\"699\"><strong>&nbsp;<\/strong><\/td>\n<\/tr>\n<tr>\n<td colspan=\"2\" width=\"699\">\n<p style=\"text-align: center;\"><strong>PONIEDZIA\u0141EK (20 pa\u017adziernika) <\/strong><\/p>\n<\/td>\n<\/tr>\n<tr>\n<td width=\"56\"><strong>7:00<\/strong><\/td>\n<td width=\"643\">\u00b7&nbsp;&nbsp;&nbsp;&nbsp;&nbsp; O Bo\u017ce mi\u0142osierdzie, dar \u017cycia wiecznego i nagrod\u0119 Nieba dla \u015bp. Ireny i Zygmunta WIECZORK\u00d3W, dla babci WIECZORKOWEJ oraz dla rodzic\u00f3w GRAY.<\/td>\n<\/tr>\n<tr>\n<td width=\"56\"><strong>8:00<\/strong><\/td>\n<td width=\"643\">\u00b7&nbsp;&nbsp;&nbsp;&nbsp;&nbsp; O b\u0142ogos\u0142awie\u0144stwo Bo\u017ce, opiek\u0119 Matki Bo\u017cej Loreta\u0144skiej, zdrowie i potrzebne \u0142aski dla p. Ireny CIE\u015aLAK&nbsp; (z racji imienin).<\/td>\n<\/tr>\n<tr>\n<td width=\"56\"><strong>18:00<\/strong><\/td>\n<td width=\"643\">+ Mari\u0119 CHILARECK\u0104 (greg. 20).<\/td>\n<\/tr>\n<tr>\n<td colspan=\"2\" width=\"699\">&nbsp;<\/td>\n<\/tr>\n<tr>\n<td colspan=\"2\" width=\"699\">\n<p style=\"text-align: center;\"><strong>WTOREK (21 pa\u017adziernika)<\/strong><\/p>\n<\/td>\n<\/tr>\n<tr>\n<td width=\"56\"><strong>7:00<\/strong><\/td>\n<td width=\"643\">+ Jerzego, Iren\u0119, Adama BOSIAK, zm. z r. BOSIAK, Mari\u0119 KRASUSK\u0104,<br \/>\n&nbsp;&nbsp; J\u00f3zefa RYBAKA, Mariana KRASUSKIEGO, Zygmunta KRASUSKIEGO,<br \/>\n&nbsp;&nbsp; W\u0142adys\u0142awa BORKOWSKIEGO, za chrzestnych, babcie i dziadk\u00f3w z tych rodzin.<\/td>\n<\/tr>\n<tr>\n<td width=\"56\"><strong>8:00<\/strong><\/td>\n<td width=\"643\">+ Helen\u0119 BAWOR (7 r. \u015bm.) jej rodzic\u00f3w Aniel\u0119 i Franciszka oraz Adolfa BAWOR.<\/td>\n<\/tr>\n<tr>\n<td width=\"56\"><strong>18:00<\/strong><\/td>\n<td width=\"643\">+ Mari\u0119 CHILARECK\u0104 (greg. 21).<\/td>\n<\/tr>\n<tr>\n<td colspan=\"2\" width=\"699\">&nbsp;<\/td>\n<\/tr>\n<tr>\n<td colspan=\"2\" width=\"699\">\n<p style=\"text-align: center;\"><strong>\u015aRODA&nbsp; (22 pa\u017adziernika) <\/strong><\/p>\n<p style=\"text-align: center;\"><strong>\u015aw. Jana Paw\u0142a II, papie\u017ca \u2013 wspomnienie <\/strong><\/p>\n<\/td>\n<\/tr>\n<tr>\n<td width=\"56\"><strong>7:00<\/strong><\/td>\n<td width=\"643\">+ Mari\u0119 CHILARECK\u0104 (greg. 22).<\/td>\n<\/tr>\n<tr>\n<td width=\"56\"><strong>8:00<\/strong><\/td>\n<td width=\"643\">+ Za wszystkie dusze czy\u015b\u0107cowe.<\/td>\n<\/tr>\n<tr>\n<td width=\"56\"><strong>17:45<\/strong><\/td>\n<td width=\"643\">&nbsp;<strong>NOWENNA<\/strong><\/p>\n<p>+ Halin\u0119 CZEKALSK\u0104 (2 r. \u015bm.) oraz o zdrowie i potrzebne \u0142aski i si\u0142y dla c\u00f3rki El\u017cbiety<\/td>\n<\/tr>\n<tr>\n<td colspan=\"2\" width=\"699\"><strong>&nbsp;<\/strong><\/td>\n<\/tr>\n<tr>\n<td colspan=\"2\" width=\"699\">\n<p style=\"text-align: center;\"><strong>CZWARTEK (23 pa\u017adziernika)<\/strong><\/p>\n<\/td>\n<\/tr>\n<tr>\n<td width=\"56\"><strong>7:00<\/strong><\/td>\n<td width=\"643\">\u00b7&nbsp;&nbsp;&nbsp;&nbsp;&nbsp; Za grzesznik\u00f3w z rodziny MOTYKA, ANDRUCH\u00d3W, HAJDUK oraz za zmar\u0142ych<br \/>\nz tych rodzin o \u0142ask\u0119 uwolnienia z czy\u015b\u0107ca.<\/td>\n<\/tr>\n<tr>\n<td width=\"56\"><strong>8:00<\/strong><\/td>\n<td width=\"643\">&nbsp;<\/td>\n<\/tr>\n<tr>\n<td width=\"56\"><strong>18:00<\/strong><\/td>\n<td width=\"643\">+ Mari\u0119 CHILARECK\u0104 (greg. 23).<\/td>\n<\/tr>\n<tr>\n<td colspan=\"2\" width=\"699\"><strong>&nbsp;<\/strong><\/td>\n<\/tr>\n<tr>\n<td colspan=\"2\" width=\"699\">\n<p style=\"text-align: center;\"><strong>PI\u0104TEK (24 pa\u017adziernika)<\/strong><\/p>\n<\/td>\n<\/tr>\n<tr>\n<td width=\"56\"><strong>7:00<\/strong><\/td>\n<td width=\"643\">+ Piotra TABACZY\u0143SKIEGO (4 m-ce po \u015bm.)<\/td>\n<\/tr>\n<tr>\n<td width=\"56\"><strong>8:00<\/strong><\/td>\n<td width=\"643\">+ Paw\u0142a KOKOT, Mari\u0119 i zmar\u0142ych z c.r. KOKOT\u00d3W i JAWORSKICH.<\/td>\n<\/tr>\n<tr>\n<td width=\"56\"><strong>18:00<\/strong><\/td>\n<td width=\"643\">+ Mari\u0119 CHILARECK\u0104 (greg. 24).<\/td>\n<\/tr>\n<tr>\n<td colspan=\"2\" width=\"699\"><strong>&nbsp;<\/strong><\/td>\n<\/tr>\n<tr>\n<td colspan=\"2\" width=\"699\">\n<p style=\"text-align: center;\"><strong>SOBOTA (25 pa\u017adziernika)<\/strong><\/p>\n<\/td>\n<\/tr>\n<tr>\n<td width=\"56\"><strong>7:00<\/strong><\/td>\n<td width=\"643\">+ Mari\u0119 CHILARECK\u0104 (greg. 25).<\/td>\n<\/tr>\n<tr>\n<td width=\"56\"><strong>8:00<\/strong><\/td>\n<td width=\"643\">+ Stefani\u0119 ROGULSK\u0104 (w rocznic\u0119 \u015bmierci), Stanis\u0142awa i Wies\u0142awa ROGULSKICH.<\/td>\n<\/tr>\n<tr>\n<td width=\"56\"><strong>18:00<\/strong><\/td>\n<td width=\"643\">+ W\u0142adys\u0142aw\u0119 i Jana K\u0141OSZEWSKICH oraz ich rodzic\u00f3w.<\/td>\n<\/tr>\n<\/tbody>\n<\/table>\n<\/div><\/section>\n","protected":false},"excerpt":{"rendered":"","protected":false},"author":1,"featured_media":3833,"comment_status":"closed","ping_status":"closed","sticky":false,"template":"","format":"standard","meta":{"ngg_post_thumbnail":0,"footnotes":""},"categories":[6],"tags":[],"class_list":["post-6049","post","type-post","status-publish","format-standard","has-post-thumbnail","hentry","category-intencje-mszalne"],"_links":{"self":[{"href":"https:\/\/mbloretanska.pl\/index.php?rest_route=\/wp\/v2\/posts\/6049","targetHints":{"allow":["GET"]}}],"collection":[{"href":"https:\/\/mbloretanska.pl\/index.php?rest_route=\/wp\/v2\/posts"}],"about":[{"href":"https:\/\/mbloretanska.pl\/index.php?rest_route=\/wp\/v2\/types\/post"}],"author":[{"embeddable":true,"href":"https:\/\/mbloretanska.pl\/index.php?rest_route=\/wp\/v2\/users\/1"}],"replies":[{"embeddable":true,"href":"https:\/\/mbloretanska.pl\/index.php?rest_route=%2Fwp%2Fv2%2Fcomments&post=6049"}],"version-history":[{"count":1,"href":"https:\/\/mbloretanska.pl\/index.php?rest_route=\/wp\/v2\/posts\/6049\/revisions"}],"predecessor-version":[{"id":6051,"href":"https:\/\/mbloretanska.pl\/index.php?rest_route=\/wp\/v2\/posts\/6049\/revisions\/6051"}],"wp:featuredmedia":[{"embeddable":true,"href":"https:\/\/mbloretanska.pl\/index.php?rest_route=\/wp\/v2\/media\/3833"}],"wp:attachment":[{"href":"https:\/\/mbloretanska.pl\/index.php?rest_route=%2Fwp%2Fv2%2Fmedia&parent=6049"}],"wp:term":[{"taxonomy":"category","embeddable":true,"href":"https:\/\/mbloretanska.pl\/index.php?rest_route=%2Fwp%2Fv2%2Fcategories&post=6049"},{"taxonomy":"post_tag","embeddable":true,"href":"https:\/\/mbloretanska.pl\/index.php?rest_route=%2Fwp%2Fv2%2Ftags&post=6049"}],"curies":[{"name":"wp","href":"https:\/\/api.w.org\/{rel}","templated":true}]}}