{"id":6044,"date":"2025-10-16T15:40:08","date_gmt":"2025-10-16T13:40:08","guid":{"rendered":"https:\/\/mbloretanska.pl\/?p=6044"},"modified":"2025-10-16T15:42:36","modified_gmt":"2025-10-16T13:42:36","slug":"6044","status":"publish","type":"post","link":"https:\/\/mbloretanska.pl\/?p=6044","title":{"rendered":"XXIX NIEDZIELA ZWYK\u0141A 19.10.2025"},"content":{"rendered":"<section  class='av_textblock_section av-mgtguq12-53971a8b94a6fe668c750612cdd9a012 '   itemscope=\"itemscope\" itemtype=\"https:\/\/schema.org\/BlogPosting\" itemprop=\"blogPost\" ><div class='avia_textblock'  itemprop=\"text\" ><p>1.\u00a0\u00a0\u00a0 Dzisiejsza niedziela rozpoczyna tydzie\u0144 misyjny, kt\u00f3rego has\u0142em s\u0105 s\u0142owa: \u201e<i>Misjonarze nadziei<\/i>\u201d. Ofiary sk\u0142adane na tac\u0119 przeznaczone s\u0105 na misje.<\/p>\n<p>2.\u00a0\u00a0\u00a0 19.X w liturgiczne wspomnienie b\u0142. ks. Jerzego Popie\u0142uszki obchodzimy Narodowy Dzie\u0144 Pami\u0119ci Duchownych Niez\u0142omnych. Oddajemy ho\u0142d bohaterskim kap\u0142anom \u2013 obro\u0144com wiary i niepodleg\u0142ej Polski. W\u015br\u00f3d nich jest tak\u017ce ks. Stefan Niedzielak by\u0142y proboszcz naszej parafii. Msza \u015bw. w jego intencji o godz.11.00.<\/p>\n<p>3.\u00a0\u00a0\u00a0 Dzi\u015b tak\u017ce niedziela <i>dominicantes <\/i>i<i> comunicantes<\/i>, tzn. dzie\u0144 liczenia os\u00f3b obecnych w ko\u015bciele i przyst\u0119puj\u0105cych do komunii \u015bw. Prosimy po Mszy \u015bw. nieco wolniej opuszcza\u0107 \u015bwi\u0105tyni\u0119, by\u015bmy mogli si\u0119 dobrze policzy\u0107.<i><\/i><\/p>\n<p>4.\u00a0\u00a0\u00a0 W \u015brod\u0119 22.10 wspomnienie \u015bw. Jana Paw\u0142a II.<i><\/i><\/p>\n<p>5.\u00a0\u00a0\u00a0 W czwartek 23.10 jest wolna intencja na Mszy \u015bw. o godz. 8.00. Wolne s\u0105 tak\u017ce terminy porannych Mszy w listopadzie. Je\u015bli mamy d\u0142ug wdzi\u0119czno\u015bci wobec os\u00f3b \u017cyj\u0105cych b\u0105d\u017a zmar\u0142ych zawsze mo\u017cemy okaza\u0107 wdzi\u0119czno\u015b\u0107 ofiaruj\u0105c Msz\u0119 \u015bw. w intencji swojego dobroczy\u0144cy.<i><\/i><\/p>\n<p>6.\u00a0\u00a0\u00a0 Za tydzie\u0144 b\u0119dziemy obchodzi\u0107 liturgiczn\u0105 rocznic\u0119 po\u015bwi\u0119cenia naszego ko\u015bcio\u0142a. Prze\u017cywamy j\u0105 w duchu jedno\u015bci z tymi wsp\u00f3lnotami, kt\u00f3re nie znaj\u0105 dok\u0142adnej daty konsekracji swojej \u015bwi\u0105tyni.<i><\/i><\/p>\n<p>7.\u00a0\u00a0\u00a0 W przysz\u0142\u0105 niedziel\u0119 26.10 po Mszy wieczornej o godz. 18.00 \u00a0 kolejne spotkanie kandydat\u00f3w do bierzmowania.<i><\/i><\/p>\n<p>8.\u00a0\u00a0\u00a0 Mo\u017cemy ju\u017c zapisywa\u0107 bliskich zmar\u0142ych na wypominki. Proponujemy trzy formy modlitwy: wypominki jednorazowe, wypominki roczne oraz listopadow\u0105 \u2013\u00a0 Msz\u0119 \u015bw. gregoria\u0144sk\u0105 (tzn. 30 Mszy) za zmar\u0142ych. Msz\u0119 gregoria\u0144sk\u0105 b\u0119dziemy odprawia\u0107 przez ca\u0142y listopad o godz. 18.00. Mo\u017cemy ofiarowa\u0107 j\u0105 za jedn\u0105 osob\u0119 albo za dwoje zmar\u0142ych rodzic\u00f3w.<\/p>\n<p>9.\u00a0\u00a0\u00a0 Zapraszamy na wsp\u00f3ln\u0105 modlitw\u0119 r\u00f3\u017ca\u0144cow\u0105, kt\u00f3ra jest w naszym ko\u015bciele codziennie przez ca\u0142y pa\u017adziernik o godz. 17.15. Kto wsp\u00f3lnie z innymi, pobo\u017cnie odm\u00f3wi pi\u0119\u0107 tajemnic r\u00f3\u017ca\u0144ca mo\u017ce uzyska\u0107 \u0142ask\u0119 odpustu zupe\u0142nego. Dzieci na r\u00f3\u017caniec zapraszamy szczeg\u00f3lnie w ka\u017cdy wtorek.<\/p>\n<p>10. \u00a0Od 1 stycznia 2026 roku zmieni si\u0119 porz\u0105dek niedzielnych Mszy \u015bw. Nowy plan znajdziemy w gazetce parafialnej.<\/p>\n<p>11. \u00a0Zapraszamy po konfitury i miody z piwniczki \u015bw. Antoniego. Doch\u00f3d z ich sprzeda\u017cy przeznaczamy na remont ko\u015bcio\u0142a.<\/p>\n<\/div><\/section>\n","protected":false},"excerpt":{"rendered":"","protected":false},"author":1,"featured_media":3832,"comment_status":"closed","ping_status":"closed","sticky":false,"template":"","format":"standard","meta":{"ngg_post_thumbnail":0,"footnotes":""},"categories":[3],"tags":[],"class_list":["post-6044","post","type-post","status-publish","format-standard","has-post-thumbnail","hentry","category-ogloszenia-duszpasterskie"],"_links":{"self":[{"href":"https:\/\/mbloretanska.pl\/index.php?rest_route=\/wp\/v2\/posts\/6044","targetHints":{"allow":["GET"]}}],"collection":[{"href":"https:\/\/mbloretanska.pl\/index.php?rest_route=\/wp\/v2\/posts"}],"about":[{"href":"https:\/\/mbloretanska.pl\/index.php?rest_route=\/wp\/v2\/types\/post"}],"author":[{"embeddable":true,"href":"https:\/\/mbloretanska.pl\/index.php?rest_route=\/wp\/v2\/users\/1"}],"replies":[{"embeddable":true,"href":"https:\/\/mbloretanska.pl\/index.php?rest_route=%2Fwp%2Fv2%2Fcomments&post=6044"}],"version-history":[{"count":2,"href":"https:\/\/mbloretanska.pl\/index.php?rest_route=\/wp\/v2\/posts\/6044\/revisions"}],"predecessor-version":[{"id":6046,"href":"https:\/\/mbloretanska.pl\/index.php?rest_route=\/wp\/v2\/posts\/6044\/revisions\/6046"}],"wp:featuredmedia":[{"embeddable":true,"href":"https:\/\/mbloretanska.pl\/index.php?rest_route=\/wp\/v2\/media\/3832"}],"wp:attachment":[{"href":"https:\/\/mbloretanska.pl\/index.php?rest_route=%2Fwp%2Fv2%2Fmedia&parent=6044"}],"wp:term":[{"taxonomy":"category","embeddable":true,"href":"https:\/\/mbloretanska.pl\/index.php?rest_route=%2Fwp%2Fv2%2Fcategories&post=6044"},{"taxonomy":"post_tag","embeddable":true,"href":"https:\/\/mbloretanska.pl\/index.php?rest_route=%2Fwp%2Fv2%2Ftags&post=6044"}],"curies":[{"name":"wp","href":"https:\/\/api.w.org\/{rel}","templated":true}]}}