{"id":6040,"date":"2025-10-10T16:57:30","date_gmt":"2025-10-10T14:57:30","guid":{"rendered":"https:\/\/mbloretanska.pl\/?p=6040"},"modified":"2025-10-10T16:57:31","modified_gmt":"2025-10-10T14:57:31","slug":"xxviii-niedziela-zwykla-12-10-2025","status":"publish","type":"post","link":"https:\/\/mbloretanska.pl\/?p=6040","title":{"rendered":"XXVIII NIEDZIELA ZWYK\u0141A 12.10.2025"},"content":{"rendered":"<section  class='av_textblock_section av-mgkyz2x2-818712a96acd3fe63e9a02cf9228277b '   itemscope=\"itemscope\" itemtype=\"https:\/\/schema.org\/BlogPosting\" itemprop=\"blogPost\" ><div class='avia_textblock'  itemprop=\"text\" ><p class=\"gmail-MsoListParagraphCxSpFirst\">1.&nbsp;&nbsp;&nbsp; Dzi\u015b prze\u017cywamy w Polsce XXV Dzie\u0144 Papieski pod has\u0142em <i>\u015awi\u0119ty Jan Pawe\u0142 II prorok nadziei<\/i>. To zaproszenie, aby ze \u017ar\u00f3d\u0142a nadziei, kt\u00f3rym jest \u017cycie i nauczanie Ojca \u015awi\u0119tego czerpa\u0107 \u015bwiat\u0142o i si\u0142y, kt\u00f3rych potrzebujemy.<i><\/i><\/p>\n<p class=\"gmail-MsoListParagraphCxSpMiddle\">2.&nbsp;&nbsp;&nbsp; Mo\u017cemy ju\u017c zapisywa\u0107 swoich bliskich zmar\u0142ych na wypominki. Proponujemy trzy formy modlitwy: wypominki jednorazowe, czyli modlitw\u0119 w czasie procesji za zmar\u0142ych 1 b\u0105d\u017a 2 XI; wypominki roczne \u2013 modlitw\u0119 przez ca\u0142y rok w ka\u017cd\u0105 niedziel\u0119 oraz wypominki listopadowe \u2013&nbsp; Msz\u0119 \u015bw. gregoria\u0144sk\u0105 (tzn. 30 Mszy) za zmar\u0142ych. Msz\u0119 gregoria\u0144sk\u0105 b\u0119dziemy odprawia\u0107 przez ca\u0142y listopad o godz. 18.00. Mo\u017cemy ofiarowa\u0107 j\u0105 za jedn\u0105 osob\u0119 albo za dwoje zmar\u0142ych rodzic\u00f3w.<i>&nbsp; &nbsp; &nbsp; &nbsp; &nbsp; &nbsp; &nbsp; &nbsp; &nbsp; &nbsp; &nbsp; &nbsp; &nbsp; &nbsp; &nbsp; &nbsp; &nbsp; &nbsp; &nbsp; &nbsp; &nbsp; &nbsp; &nbsp; &nbsp; &nbsp; &nbsp; &nbsp; &nbsp; &nbsp; &nbsp; &nbsp; &nbsp; &nbsp;&nbsp;<\/i><i><\/i><\/p>\n<p class=\"gmail-MsoListParagraphCxSpMiddle\">3.&nbsp;&nbsp;&nbsp; Zapraszamy na wsp\u00f3ln\u0105 modlitw\u0119 r\u00f3\u017ca\u0144cow\u0105. Kt\u00f3r\u0105 prowadzimy w naszym ko\u015bciele codziennie przez ca\u0142y pa\u017adziernik o godz. 17.15. Kto wsp\u00f3lnie z innymi, pobo\u017cnie odm\u00f3wi pi\u0119\u0107 tajemnic r\u00f3\u017ca\u0144ca mo\u017ce uzyska\u0107 \u0142ask\u0119 odpustu zupe\u0142nego. Dzieci na r\u00f3\u017caniec zapraszamy szczeg\u00f3lnie w ka\u017cdy wtorek. &nbsp; &nbsp; &nbsp; &nbsp; &nbsp; &nbsp; &nbsp; &nbsp; &nbsp; &nbsp; &nbsp; &nbsp; &nbsp; &nbsp;&nbsp;<\/p>\n<p class=\"gmail-MsoListParagraphCxSpMiddle\">4.&nbsp;&nbsp;&nbsp; W poniedzia\u0142ek 13.X po Mszy \u015bw. wieczornej o godz. 18.00 zapraszamy na ostatnie ju\u017c w tym roku nabo\u017ce\u0144stwo fatimskie. Intencje do r\u00f3\u017ca\u0144ca na procesj\u0119 fatimsk\u0105 mo\u017cemy sk\u0142ada\u0107 do ksi\u0119\u017cy lub do puszki przed kaplic\u0105 \u015bw. Antoniego.<\/p>\n<p class=\"gmail-MsoListParagraphCxSpMiddle\">5.&nbsp;&nbsp;&nbsp; We wtorek Dzie\u0144 Nauczyciela. Wszystkich&nbsp; nauczycieli i wychowawc\u00f3w wspieramy modlitw\u0105 o potrzebne im \u0142aski i si\u0142y oraz o nale\u017cny szacunek dla ich codziennej pracy. Naszych zmar\u0142ych nauczycieli otaczamy wdzi\u0119czn\u0105 modlitw\u0105.<\/p>\n<p class=\"gmail-MsoListParagraphCxSpMiddle\">6.&nbsp;&nbsp;&nbsp; W sobot\u0119 18.X \u015bwi\u0119to \u015bw. \u0141ukasza Ewangelisty. To tak\u017ce dzie\u0144 imienin naszego ks. \u0141ukasza. Msza \u015bw. w intencji solenizanta w niedziel\u0119 19.X o godz. 11.00.<\/p>\n<p class=\"gmail-MsoListParagraphCxSpMiddle\">7.&nbsp;&nbsp;&nbsp; Dzisiejsza taca z racji II niedzieli miesi\u0105ca przeznaczona jest&nbsp; na inwestycje parafialne. Ko\u0144czymy III etap remontu dachu ko\u015bcio\u0142a. Trwa przygotowanie dokumentacji koniecznej do przeprowadzenia prac konserwatorskich w obr\u0119bie sceny ukrzy\u017cowania i renowacji zabytkowego krucyfiksu nad g\u0142\u00f3wnym o\u0142tarzem posoborowym. Bardzo dzi\u0119kujemy za wszystkie sk\u0142adane na ten cel ofiary.<\/p>\n<p class=\"gmail-MsoListParagraphCxSpMiddle\">8.&nbsp;&nbsp;&nbsp; Z racji Dnia Papieskiego dzi\u015b po Mszach \u015bw. zbi\u00f3rka do puszek na Fundacj\u0119 Dzie\u0142o Nowego Tysi\u0105clecia.&nbsp; Za tydzie\u0144 taca na misje.<\/p>\n<p class=\"gmail-MsoListParagraphCxSpMiddle\">9.&nbsp;&nbsp;&nbsp; Od 1 stycznia 2026 roku zmieni si\u0119 porz\u0105dek niedzielnych Mszy \u015bw. Nowy plan znajdziemy w gazetce parafialnej.<\/p>\n<p class=\"gmail-MsoListParagraphCxSpLast\">10. &nbsp;W dawnej zakrystii mo\u017cemy nabywa\u0107 konfitury i miody z piwniczki \u015bw. Antoniego. Doch\u00f3d z ich sprzeda\u017cy przeznaczamy na remont ko\u015bcio\u0142a.<\/p>\n<\/div><\/section>\n","protected":false},"excerpt":{"rendered":"","protected":false},"author":1,"featured_media":3832,"comment_status":"closed","ping_status":"closed","sticky":false,"template":"","format":"standard","meta":{"ngg_post_thumbnail":0,"footnotes":""},"categories":[3],"tags":[],"class_list":["post-6040","post","type-post","status-publish","format-standard","has-post-thumbnail","hentry","category-ogloszenia-duszpasterskie"],"_links":{"self":[{"href":"https:\/\/mbloretanska.pl\/index.php?rest_route=\/wp\/v2\/posts\/6040","targetHints":{"allow":["GET"]}}],"collection":[{"href":"https:\/\/mbloretanska.pl\/index.php?rest_route=\/wp\/v2\/posts"}],"about":[{"href":"https:\/\/mbloretanska.pl\/index.php?rest_route=\/wp\/v2\/types\/post"}],"author":[{"embeddable":true,"href":"https:\/\/mbloretanska.pl\/index.php?rest_route=\/wp\/v2\/users\/1"}],"replies":[{"embeddable":true,"href":"https:\/\/mbloretanska.pl\/index.php?rest_route=%2Fwp%2Fv2%2Fcomments&post=6040"}],"version-history":[{"count":1,"href":"https:\/\/mbloretanska.pl\/index.php?rest_route=\/wp\/v2\/posts\/6040\/revisions"}],"predecessor-version":[{"id":6041,"href":"https:\/\/mbloretanska.pl\/index.php?rest_route=\/wp\/v2\/posts\/6040\/revisions\/6041"}],"wp:featuredmedia":[{"embeddable":true,"href":"https:\/\/mbloretanska.pl\/index.php?rest_route=\/wp\/v2\/media\/3832"}],"wp:attachment":[{"href":"https:\/\/mbloretanska.pl\/index.php?rest_route=%2Fwp%2Fv2%2Fmedia&parent=6040"}],"wp:term":[{"taxonomy":"category","embeddable":true,"href":"https:\/\/mbloretanska.pl\/index.php?rest_route=%2Fwp%2Fv2%2Fcategories&post=6040"},{"taxonomy":"post_tag","embeddable":true,"href":"https:\/\/mbloretanska.pl\/index.php?rest_route=%2Fwp%2Fv2%2Ftags&post=6040"}],"curies":[{"name":"wp","href":"https:\/\/api.w.org\/{rel}","templated":true}]}}