{"id":6038,"date":"2025-10-10T16:43:57","date_gmt":"2025-10-10T14:43:57","guid":{"rendered":"https:\/\/mbloretanska.pl\/?p=6038"},"modified":"2025-10-10T16:43:58","modified_gmt":"2025-10-10T14:43:58","slug":"intencje-mszalne-12-18-10-2025","status":"publish","type":"post","link":"https:\/\/mbloretanska.pl\/?p=6038","title":{"rendered":"Intencje mszalne 12-18.10.2025"},"content":{"rendered":"<section  class='av_textblock_section av-mgkyc7ph-90fb19da25543abae0b1202fda5f0cec '   itemscope=\"itemscope\" itemtype=\"https:\/\/schema.org\/BlogPosting\" itemprop=\"blogPost\" ><div class='avia_textblock'  itemprop=\"text\" ><table style=\"font-weight: 400;\" width=\"699\">\n<tbody>\n<tr>\n<td colspan=\"2\" width=\"699\"><strong>&nbsp;<\/strong><\/td>\n<\/tr>\n<tr>\n<td colspan=\"2\" width=\"699\">\n<p style=\"text-align: center;\"><strong>XXVIII NIEDZIELA ZWYK\u0141A&nbsp;&nbsp; <\/strong><\/p>\n<p style=\"text-align: center;\"><strong>(12 pa\u017adziernika 2025 r.)<\/strong><\/p>\n<\/td>\n<\/tr>\n<tr>\n<td width=\"56\"><strong>7:00<\/strong><\/td>\n<td width=\"643\">+ Mari\u0119 CHILARECK\u0104 (greg. 12)<\/td>\n<\/tr>\n<tr>\n<td width=\"56\"><strong>8:30<\/strong><\/td>\n<td width=\"643\">+ Mariann\u0119 i Janusza MALENT\u00d3W, Wac\u0142awa OLESZCZUKA, Wand\u0119 OLESZCZUK,<br \/>\n&nbsp;&nbsp; zmar\u0142ych z rodzin KO\u0143K\u00d3W, MALENT\u00d3W, MATE\u0143K\u00d3W i OLESZCZUK\u00d3W.<\/td>\n<\/tr>\n<tr>\n<td width=\"56\"><strong>10:00<\/strong><\/td>\n<td width=\"643\">+ Boles\u0142awa PARZYSZKA (35 r. \u015bm.), Mariann\u0119 i Kazimierza GUBA.<\/td>\n<\/tr>\n<tr>\n<td width=\"56\"><strong>11:00<\/strong><\/td>\n<td width=\"643\">\u00b7&nbsp;&nbsp;&nbsp;&nbsp;&nbsp; W podzi\u0119kowaniu za dobre urodzaje, z pro\u015bb\u0105 o dalsze b\u0142ogos\u0142awie\u0144stwo Bo\u017ce.<\/td>\n<\/tr>\n<tr>\n<td width=\"56\"><strong>12:30<\/strong><\/td>\n<td width=\"643\">\u00b7&nbsp;&nbsp;&nbsp;&nbsp;&nbsp; Intencja dzi\u0119kczynna za 96 lat \u017cycia Heleny, z pro\u015bb\u0105 o b\u0142ogos\u0142awie\u0144stwo Bo\u017ce<br \/>\ni wszelkie potrzebne \u0142aski na dalsze lata.<\/p>\n<p>+ Ew\u0119 GO\u0141ASZEWSK\u0104 (5 r. \u015bm.)<\/p>\n<p>+ Krystyn\u0119 BORA (1 r. \u015bm.)<\/p>\n<p>+ Tadeusza Pi\u0105tek (30 dni po \u015bm.)<\/p>\n<p>+ Krystyn\u0119 MAKAGON (30 dni po \u015bm.)<\/p>\n<p>+ Wojciecha G\u00d3RSKIEGO (4 r. \u015bm.)<\/p>\n<p>+ Teres\u0119 i Feliksa KASZYCA.<\/p>\n<p>+ Krzysztofa CHOMA\u0106 (1 r. \u015bm.)<\/td>\n<\/tr>\n<tr>\n<td width=\"56\"><strong>18:00<\/strong><\/td>\n<td width=\"643\">\u00b7&nbsp;&nbsp;&nbsp;&nbsp;&nbsp; Int. dzi\u0119kczynna za 44 lata ma\u0142\u017ce\u0144stwa Bo\u017ceny i Bogdana z pro\u015bb\u0105 o dalsze \u0142aski<br \/>\ni b\u0142ogos\u0142awie\u0144stwo Bo\u017ce na dalsze lata \u017cycia dla ma\u0142\u017conk\u00f3w, ich dzieci oraz wnucz\u0105t.<\/td>\n<\/tr>\n<tr>\n<td colspan=\"2\" width=\"699\"><strong>&nbsp;<\/strong><\/td>\n<\/tr>\n<tr>\n<td colspan=\"2\" width=\"699\">\n<p style=\"text-align: center;\"><strong>PONIEDZIA\u0141EK (13 pa\u017adziernika) <\/strong><\/p>\n<p style=\"text-align: center;\"><strong>B\u0142og. Honorata Ko\u017ami\u0144skiego \u2013 wspomnienie <\/strong><\/p>\n<\/td>\n<\/tr>\n<tr>\n<td width=\"56\"><strong>7:00<\/strong><\/td>\n<td width=\"643\">+ Mari\u0119 CHILARECK\u0104 (greg. 13).<\/td>\n<\/tr>\n<tr>\n<td width=\"56\"><strong>8:00<\/strong><\/td>\n<td width=\"643\">\u00b7&nbsp;&nbsp;&nbsp;&nbsp;&nbsp; O \u0142ask\u0119 zdrowia i si\u0142\u0119 w chorobie dla pewnej osoby oraz o wszelkie potrzebne \u0142aski dla jej m\u0119\u017ca i dla ca\u0142ej rodziny.<\/td>\n<\/tr>\n<tr>\n<td width=\"56\"><strong>18:00<\/strong><\/td>\n<td width=\"643\">+ Jacka BYDLI\u0143SKIEGO (3 r. \u015bm.)<\/p>\n<p><strong>NABO\u017bE\u0143STWO FATIMSKIE<\/strong><\/td>\n<\/tr>\n<tr>\n<td colspan=\"2\" width=\"699\">&nbsp;<\/td>\n<\/tr>\n<tr>\n<td colspan=\"2\" width=\"699\">\n<p style=\"text-align: center;\"><strong>WTOREK (14 pa\u017adziernika)<\/strong><\/p>\n<\/td>\n<\/tr>\n<tr>\n<td width=\"56\"><strong>7:00<\/strong><\/td>\n<td width=\"643\">+ Mari\u0119 CHILARECK\u0104 (greg. 14)<\/td>\n<\/tr>\n<tr>\n<td width=\"56\"><strong>8:00<\/strong><\/td>\n<td width=\"643\">+ Krzysztofa RDZANEK (int. od syna Bart\u0142omieja z rodzin\u0105).<\/td>\n<\/tr>\n<tr>\n<td width=\"56\"><strong>18:00<\/strong><\/td>\n<td width=\"643\">+ Danut\u0119 i Edwarda WOWK (w dniu rocznicy urodzin oraz z racji imienin).<\/td>\n<\/tr>\n<tr>\n<td colspan=\"2\" width=\"699\">&nbsp;<\/td>\n<\/tr>\n<tr>\n<td colspan=\"2\" width=\"699\">\n<p style=\"text-align: center;\"><strong>\u015aRODA (15 pa\u017adziernika) <\/strong><\/p>\n<p style=\"text-align: center;\"><strong>\u015aw. Teresy od Jezusa, dziewicy i doktora Ko\u015bcio\u0142a \u2013 wspomnienie <\/strong><\/p>\n<\/td>\n<\/tr>\n<tr>\n<td width=\"56\"><strong>7:00<\/strong><\/td>\n<td width=\"643\">1)&nbsp;&nbsp;&nbsp; + Mari\u0119 CHILARECK\u0104 (greg. 15).<\/p>\n<p>2)&nbsp;&nbsp;&nbsp; Int. ZS nr 11<\/td>\n<\/tr>\n<tr>\n<td width=\"56\"><strong>8:00<\/strong><\/td>\n<td width=\"643\">+ Teres\u0119 OLCZAK i zm. z rodziny OLCZAK\u00d3W i BIENIAS\u00d3W.<\/td>\n<\/tr>\n<tr>\n<td width=\"56\"><strong>17:45<\/strong><\/td>\n<td width=\"643\">&nbsp;<strong>NOWENNA<\/strong><\/p>\n<p>\u00b7&nbsp;&nbsp;&nbsp;&nbsp;&nbsp; O Bo\u017ce b\u0142og., zdrowie, \u0142aski Bo\u017ce, opiek\u0119 Matki Bo\u017cej dla Jadwigi w dniu imienin.<\/td>\n<\/tr>\n<tr>\n<td colspan=\"2\" width=\"699\"><strong>&nbsp;<\/strong><\/td>\n<\/tr>\n<tr>\n<td colspan=\"2\" width=\"699\">\n<p style=\"text-align: center;\"><strong>CZWARTEK (16 pa\u017adziernika)<\/strong><\/p>\n<p style=\"text-align: center;\"><strong>\u015aw. Jadwigi \u015al\u0105skiej \u2013 wspomnienie <\/strong><\/p>\n<\/td>\n<\/tr>\n<tr>\n<td width=\"56\"><strong>7:00<\/strong><\/td>\n<td width=\"643\">+ Halin\u0119 GRYNAGIEL (13 r. \u015bm.) oraz Zygmunta GRYNAGIEL.<\/td>\n<\/tr>\n<tr>\n<td width=\"56\"><strong>8:00<\/strong><\/td>\n<td width=\"643\">\u00b7&nbsp;&nbsp;&nbsp;&nbsp;&nbsp; Intencja dzi\u0119kczynna za powr\u00f3t ze szpitala Martynki SAWO\u015aKO, z pro\u015bb\u0105 o dalsz\u0105 opiek\u0119 Bo\u017c\u0105 dla niej.<\/td>\n<\/tr>\n<tr>\n<td width=\"56\"><strong>18:00<\/strong><\/td>\n<td width=\"643\">+ Mari\u0119 CHILARECK\u0104 (greg. 16).<\/td>\n<\/tr>\n<tr>\n<td colspan=\"2\" width=\"699\"><strong>&nbsp;<\/strong><\/td>\n<\/tr>\n<tr>\n<td colspan=\"2\" width=\"699\">\n<p style=\"text-align: center;\"><strong>PI\u0104TEK (17 pa\u017adziernika)<\/strong><\/p>\n<p style=\"text-align: center;\"><strong>\u015aw. Ignacego Antioche\u0144skiego, biskupa i m\u0119czennika \u2013 wspomnienie <\/strong><\/p>\n<\/td>\n<\/tr>\n<tr>\n<td width=\"56\"><strong>7:00<\/strong><\/td>\n<td width=\"643\">+ Mari\u0119 CHILARECK\u0104 (greg. 17).<\/td>\n<\/tr>\n<tr>\n<td width=\"56\"><strong>8:00<\/strong><\/td>\n<td width=\"643\">+ Jerzego SZUMSKIEGO.<\/td>\n<\/tr>\n<tr>\n<td width=\"56\"><strong>18:00<\/strong><\/td>\n<td width=\"643\">+ Za rodzic\u00f3w: Mariann\u0119 i J\u00f3zefa CHY\u017bYCH oraz dziadk\u00f3w z obojga stron.<\/td>\n<\/tr>\n<tr>\n<td colspan=\"2\" width=\"699\"><strong>&nbsp;<\/strong><\/td>\n<\/tr>\n<tr>\n<td colspan=\"2\" width=\"699\">\n<p style=\"text-align: center;\"><strong>SOBOTA (18 pa\u017adziernika)<\/strong><\/p>\n<p style=\"text-align: center;\"><strong>\u015aw. \u0141ukasza Ewangelisty \u2013 \u015bwi\u0119to <\/strong><\/p>\n<\/td>\n<\/tr>\n<tr>\n<td width=\"56\"><strong>7:00<\/strong><\/td>\n<td width=\"643\">+ Mari\u0119 CHILARECK\u0104 (greg. 18).<\/td>\n<\/tr>\n<tr>\n<td width=\"56\"><strong>8:00<\/strong><\/td>\n<td width=\"643\">+ Piotra DOPIERALSKIEGO, Waleri\u0119, Boles\u0142awa JANKOWSKICH, Janin\u0119 i Franciszka<br \/>\n&nbsp;&nbsp; WODZI\u0143SKICH, Alfreda S\u0141UPECKIEGO, Janusza CICHOCKIEGO.<\/td>\n<\/tr>\n<tr>\n<td width=\"56\"><strong>18:00<\/strong><\/td>\n<td width=\"643\">&nbsp;<\/td>\n<\/tr>\n<\/tbody>\n<\/table>\n<\/div><\/section>\n","protected":false},"excerpt":{"rendered":"","protected":false},"author":1,"featured_media":3833,"comment_status":"closed","ping_status":"closed","sticky":false,"template":"","format":"standard","meta":{"ngg_post_thumbnail":0,"footnotes":""},"categories":[6],"tags":[],"class_list":["post-6038","post","type-post","status-publish","format-standard","has-post-thumbnail","hentry","category-intencje-mszalne"],"_links":{"self":[{"href":"https:\/\/mbloretanska.pl\/index.php?rest_route=\/wp\/v2\/posts\/6038","targetHints":{"allow":["GET"]}}],"collection":[{"href":"https:\/\/mbloretanska.pl\/index.php?rest_route=\/wp\/v2\/posts"}],"about":[{"href":"https:\/\/mbloretanska.pl\/index.php?rest_route=\/wp\/v2\/types\/post"}],"author":[{"embeddable":true,"href":"https:\/\/mbloretanska.pl\/index.php?rest_route=\/wp\/v2\/users\/1"}],"replies":[{"embeddable":true,"href":"https:\/\/mbloretanska.pl\/index.php?rest_route=%2Fwp%2Fv2%2Fcomments&post=6038"}],"version-history":[{"count":1,"href":"https:\/\/mbloretanska.pl\/index.php?rest_route=\/wp\/v2\/posts\/6038\/revisions"}],"predecessor-version":[{"id":6039,"href":"https:\/\/mbloretanska.pl\/index.php?rest_route=\/wp\/v2\/posts\/6038\/revisions\/6039"}],"wp:featuredmedia":[{"embeddable":true,"href":"https:\/\/mbloretanska.pl\/index.php?rest_route=\/wp\/v2\/media\/3833"}],"wp:attachment":[{"href":"https:\/\/mbloretanska.pl\/index.php?rest_route=%2Fwp%2Fv2%2Fmedia&parent=6038"}],"wp:term":[{"taxonomy":"category","embeddable":true,"href":"https:\/\/mbloretanska.pl\/index.php?rest_route=%2Fwp%2Fv2%2Fcategories&post=6038"},{"taxonomy":"post_tag","embeddable":true,"href":"https:\/\/mbloretanska.pl\/index.php?rest_route=%2Fwp%2Fv2%2Ftags&post=6038"}],"curies":[{"name":"wp","href":"https:\/\/api.w.org\/{rel}","templated":true}]}}