{"id":6035,"date":"2025-10-04T17:46:17","date_gmt":"2025-10-04T15:46:17","guid":{"rendered":"https:\/\/mbloretanska.pl\/?p=6035"},"modified":"2025-10-04T17:46:18","modified_gmt":"2025-10-04T15:46:18","slug":"intencje-mszalne-05-11-10-2025","status":"publish","type":"post","link":"https:\/\/mbloretanska.pl\/?p=6035","title":{"rendered":"intencje mszalne 05-11.10.2025"},"content":{"rendered":"<section  class='av_textblock_section av-mgcg3ary-8c9a4dd8b82afd42b076a50f4f9bfa0d '   itemscope=\"itemscope\" itemtype=\"https:\/\/schema.org\/BlogPosting\" itemprop=\"blogPost\" ><div class='avia_textblock'  itemprop=\"text\" ><table style=\"font-weight: 400;\" width=\"699\">\n<tbody>\n<tr>\n<td colspan=\"2\" width=\"699\"><strong>&nbsp;<\/strong><\/td>\n<\/tr>\n<tr>\n<td colspan=\"2\" width=\"699\">\n<p style=\"text-align: center;\"><strong>XXVII NIEDZIELA ZWYK\u0141A&nbsp;&nbsp; <\/strong><\/p>\n<p style=\"text-align: center;\"><strong>(5 pa\u017adziernika 2025 r.)<\/strong><\/p>\n<\/td>\n<\/tr>\n<tr>\n<td width=\"56\"><strong>7:00<\/strong><\/td>\n<td width=\"643\">+ Leokadi\u0119, Hann\u0119, Andrzeja, Kazimierza SO\u0106KO, Marka ADAMSKIEGO,<br \/>\n&nbsp;&nbsp; zm. z r. SO\u0106KO, JASTRZ\u0118BOWSKICH i ADAMSKICH.<\/td>\n<\/tr>\n<tr>\n<td width=\"56\"><strong>8:30<\/strong><\/td>\n<td width=\"643\">\u00b7&nbsp;&nbsp;&nbsp;&nbsp;&nbsp; Z podzi\u0119kowaniem za otrzymane \u0142aski, z pro\u015bb\u0105 o Bo\u017ce b\u0142ogos\u0142awie\u0144stwo i zdrowie duszy i cia\u0142a dla Remigiusza.<\/td>\n<\/tr>\n<tr>\n<td width=\"56\"><strong>10:00<\/strong><\/td>\n<td width=\"643\">+ Jaros\u0142awa PONICHTERA, za zm. z r. PONICHTER\u00d3W, RASI\u0143SKICH, LIS\u00d3W,<br \/>\n&nbsp;&nbsp; MILLER\u00d3W i BIENI\u00d3W.<\/td>\n<\/tr>\n<tr>\n<td width=\"56\"><strong>11:00<\/strong><\/td>\n<td width=\"643\">+ Mari\u0119 CHILARECK\u0104 (greg. 5)<\/p>\n<p><strong>Po\u015bwi\u0119cenie r\u00f3\u017ca\u0144c\u00f3w dla dzieci pierwszokomunijnych. <\/strong><\/td>\n<\/tr>\n<tr>\n<td width=\"56\"><strong>12:30<\/strong><\/td>\n<td width=\"643\">\u00b7&nbsp;&nbsp;&nbsp;&nbsp;&nbsp; Int. dzi\u0119kczynna (w 45 r. urodzin) Urszuli DOMA\u0143SKIEJ z pro\u015bb\u0105 o zdrowie i dalsze \u0142aski.<\/p>\n<p>\u00b7&nbsp;&nbsp;&nbsp;&nbsp;&nbsp; Int. dzi\u0119kczynno-b\u0142agalna o zdrowie dla Barbary z okazji 70 urodzin<br \/>\noraz o szcz\u0119\u015bcie wieczne dla + Bogdana.<\/p>\n<p>\u00b7&nbsp;&nbsp;&nbsp;&nbsp;&nbsp; O Bo\u017ce b\u0142og. zdrowie, opiek\u0119 Matki Bo\u017cej i potrzebne \u0142aski dla pani Anny JAWORSKIEJ (z racji rocznicy urodzin).<\/p>\n<p>\u00b7&nbsp;&nbsp;&nbsp;&nbsp;&nbsp; O nawr\u00f3cenie Micha\u0142a i b\u0142ogos\u0142awie\u0144stwo dla niego i ca\u0142ej rodziny.<\/p>\n<p>+ Rados\u0142awa KOSOWSKIEGO (30 dzie\u0144 po \u015bm.)<\/p>\n<p>+ Andrzeja KONARSKIEGO (2 r. \u015bm.)<\/p>\n<p>+ Teres\u0119, Arkadiusza, Helen\u0119, Jakuba DOMA\u0143SKICH, Apoloni\u0119 i Adama BODZUCH<br \/>\n&nbsp;&nbsp; oraz Antoniego i Wojciecha DUDZI\u0143SKICH.<\/p>\n<p>+ W\u0142adys\u0142awa STOKOWSKIEGO (miesi\u0105c po \u015bmierci) oraz Wand\u0119 STOKOWSK\u0104.<\/td>\n<\/tr>\n<tr>\n<td width=\"56\"><strong>18:00<\/strong><\/td>\n<td width=\"643\">+ Iren\u0119 i Aleksandra CIOSTEK, Andrzeja CACKO, Teres\u0119 MASTALERZ.<\/td>\n<\/tr>\n<tr>\n<td colspan=\"2\" width=\"699\"><strong>&nbsp;<\/strong><\/td>\n<\/tr>\n<tr>\n<td colspan=\"2\" width=\"699\">\n<p style=\"text-align: center;\"><strong>PONIEDZIA\u0141EK (6 pa\u017adziernika) <\/strong><\/p>\n<\/td>\n<\/tr>\n<tr>\n<td width=\"56\"><strong>7:00<\/strong><\/td>\n<td width=\"643\">+ Mari\u0119 CHILARECK\u0104 (greg. 6).<\/td>\n<\/tr>\n<tr>\n<td width=\"56\"><strong>8:00<\/strong><\/td>\n<td width=\"643\">+ Jana KOWALKOWSKIEGO, Mariann\u0119 i Franciszka MIELNICKICH.<\/td>\n<\/tr>\n<tr>\n<td width=\"56\"><strong>18:00<\/strong><\/td>\n<td width=\"643\">+ Stanis\u0142aw\u0119 PASZKIN (6 r. \u015bm.), Jana PASZKIN (45 r. \u015bm.)<\/td>\n<\/tr>\n<tr>\n<td colspan=\"2\" width=\"699\">&nbsp;<\/td>\n<\/tr>\n<tr>\n<td colspan=\"2\" width=\"699\">\n<p style=\"text-align: center;\"><strong>WTOREK (7 pa\u017adziernika)<\/strong><\/p>\n<p style=\"text-align: center;\"><strong>NMP R\u00f3\u017ca\u0144cowej \u2013 wspomnienie <\/strong><\/p>\n<\/td>\n<\/tr>\n<tr>\n<td width=\"56\"><strong>7:00<\/strong><\/td>\n<td width=\"643\">+ Mari\u0119 CHILARECK\u0104 (greg. 7),<\/td>\n<\/tr>\n<tr>\n<td width=\"56\"><strong>8:00<\/strong><\/td>\n<td width=\"643\">+ Bo\u017cenn\u0119 WYPYCH (w 3 r. \u015bmierci) int. od m\u0119\u017ca Stefana.<\/td>\n<\/tr>\n<tr>\n<td width=\"56\"><strong>18:00<\/strong><\/td>\n<td width=\"643\">+ Longina KO\u0141OSOWSKIEGO (17 r. \u015bm.)<\/td>\n<\/tr>\n<tr>\n<td colspan=\"2\" width=\"699\">&nbsp;<\/td>\n<\/tr>\n<tr>\n<td colspan=\"2\" width=\"699\">\n<p style=\"text-align: center;\"><strong>\u015aRODA (8 pa\u017adziernika) <\/strong><\/p>\n<\/td>\n<\/tr>\n<tr>\n<td width=\"56\"><strong>7:00<\/strong><\/td>\n<td width=\"643\">1)&nbsp;&nbsp;&nbsp; + Urszul\u0119 SOBO\u0143.<\/p>\n<p>2)&nbsp;&nbsp;&nbsp; + Mari\u0119 CHILARECK\u0104 (greg. 8).<\/td>\n<\/tr>\n<tr>\n<td width=\"56\"><strong>8:00<\/strong><\/td>\n<td width=\"643\">\u00b7&nbsp;&nbsp;&nbsp;&nbsp;&nbsp; O Bo\u017ce b\u0142ogos\u0142awie\u0144stwo, potrzebne \u0142aski dla \u0141ucji i Krzysztofa<br \/>\noraz opiek\u0119 Matki Bo\u017cej Loreta\u0144skiej dla nich i ich rodzin.<\/td>\n<\/tr>\n<tr>\n<td width=\"56\"><strong>17:45<\/strong><\/td>\n<td width=\"643\">&nbsp;<strong>NOWENNA<\/strong><\/p>\n<p>\u00b7&nbsp;&nbsp;&nbsp;&nbsp;&nbsp; Jolant\u0119 SKARZY\u0143SK\u0104 (30 dni po \u015bm.)<\/p>\n<p>+ Stanis\u0142aw\u0119 SYBILA.<\/td>\n<\/tr>\n<tr>\n<td colspan=\"2\" width=\"699\"><strong>&nbsp;<\/strong><\/td>\n<\/tr>\n<tr>\n<td colspan=\"2\" width=\"699\">\n<p style=\"text-align: center;\"><strong>CZWARTEK (9 pa\u017adziernika)<\/strong><\/p>\n<p style=\"text-align: center;\"><strong>B\u0142. Wincentego Kad\u0142ubka, biskupa i zakonnika \u2013 wspomnienie <\/strong><\/p>\n<\/td>\n<\/tr>\n<tr>\n<td width=\"56\"><strong>7:00<\/strong><\/td>\n<td width=\"643\">1)&nbsp;&nbsp;&nbsp; ?<\/p>\n<p>2)&nbsp;&nbsp;&nbsp; + Mari\u0119 CHILARECK\u0104 (greg. 9).<\/td>\n<\/tr>\n<tr>\n<td width=\"56\"><strong>8:00<\/strong><\/td>\n<td width=\"643\">?<\/td>\n<\/tr>\n<tr>\n<td width=\"56\"><strong>18:00<\/strong><\/td>\n<td width=\"643\">+ Adama METELSKIEGO (11 r. \u015bm.), Krystyn\u0119 METELSK\u0104,<br \/>\n&nbsp;&nbsp; rodzic\u00f3w: SK\u0141ADANEK i METELSKICH.<\/td>\n<\/tr>\n<tr>\n<td colspan=\"2\" width=\"699\"><strong>&nbsp;<\/strong><\/td>\n<\/tr>\n<tr>\n<td colspan=\"2\" width=\"699\">\n<p style=\"text-align: center;\"><strong>PI\u0104TEK (10 pa\u017adziernika)<\/strong><\/p>\n<\/td>\n<\/tr>\n<tr>\n<td width=\"56\"><strong>7:00<\/strong><\/td>\n<td width=\"643\">+ Mari\u0119 CHILARECK\u0104 (greg. 10).<\/td>\n<\/tr>\n<tr>\n<td width=\"56\"><strong>8:00<\/strong><\/td>\n<td width=\"643\">+ Krzysztofa RDZANEK (od rodz. KRUSI\u00d3W).<\/td>\n<\/tr>\n<tr>\n<td width=\"56\"><strong>18:00<\/strong><\/td>\n<td width=\"643\">\u00b7&nbsp;&nbsp;&nbsp;&nbsp;&nbsp; O pe\u0142ny powr\u00f3t do zdrowia w chorobie nowotworowej Kasi i Ani oraz o \u0142ask\u0119 powrotu do Boga Huberta, Adeliny, Kamili, Marcina, Dominiki i Amadeusza.<\/td>\n<\/tr>\n<tr>\n<td colspan=\"2\" width=\"699\"><strong>&nbsp;<\/strong><\/td>\n<\/tr>\n<tr>\n<td colspan=\"2\" width=\"699\">\n<p style=\"text-align: center;\"><strong>SOBOTA (11 pa\u017adziernika)<\/strong><\/p>\n<\/td>\n<\/tr>\n<tr>\n<td width=\"56\"><strong>7:00<\/strong><\/td>\n<td width=\"643\">+ Mari\u0119 CHILARECK\u0104 (greg. 11).<\/td>\n<\/tr>\n<tr>\n<td width=\"56\"><strong>8:00<\/strong><\/td>\n<td width=\"643\">+ W int. czcicieli \u015bw. Micha\u0142a Archanio\u0142a, za naszych kap\u0142an\u00f3w oraz wszystkich parafian.<\/td>\n<\/tr>\n<tr>\n<td width=\"56\"><strong>18:00<\/strong><\/td>\n<td width=\"643\">+ Wac\u0142aw\u0119 BRYCZY\u0143SK\u0104 (3 r. \u015bm.)<\/td>\n<\/tr>\n<\/tbody>\n<\/table>\n<\/div><\/section>\n","protected":false},"excerpt":{"rendered":"","protected":false},"author":1,"featured_media":3833,"comment_status":"closed","ping_status":"closed","sticky":false,"template":"","format":"standard","meta":{"ngg_post_thumbnail":0,"footnotes":""},"categories":[3],"tags":[],"class_list":["post-6035","post","type-post","status-publish","format-standard","has-post-thumbnail","hentry","category-ogloszenia-duszpasterskie"],"_links":{"self":[{"href":"https:\/\/mbloretanska.pl\/index.php?rest_route=\/wp\/v2\/posts\/6035","targetHints":{"allow":["GET"]}}],"collection":[{"href":"https:\/\/mbloretanska.pl\/index.php?rest_route=\/wp\/v2\/posts"}],"about":[{"href":"https:\/\/mbloretanska.pl\/index.php?rest_route=\/wp\/v2\/types\/post"}],"author":[{"embeddable":true,"href":"https:\/\/mbloretanska.pl\/index.php?rest_route=\/wp\/v2\/users\/1"}],"replies":[{"embeddable":true,"href":"https:\/\/mbloretanska.pl\/index.php?rest_route=%2Fwp%2Fv2%2Fcomments&post=6035"}],"version-history":[{"count":1,"href":"https:\/\/mbloretanska.pl\/index.php?rest_route=\/wp\/v2\/posts\/6035\/revisions"}],"predecessor-version":[{"id":6036,"href":"https:\/\/mbloretanska.pl\/index.php?rest_route=\/wp\/v2\/posts\/6035\/revisions\/6036"}],"wp:featuredmedia":[{"embeddable":true,"href":"https:\/\/mbloretanska.pl\/index.php?rest_route=\/wp\/v2\/media\/3833"}],"wp:attachment":[{"href":"https:\/\/mbloretanska.pl\/index.php?rest_route=%2Fwp%2Fv2%2Fmedia&parent=6035"}],"wp:term":[{"taxonomy":"category","embeddable":true,"href":"https:\/\/mbloretanska.pl\/index.php?rest_route=%2Fwp%2Fv2%2Fcategories&post=6035"},{"taxonomy":"post_tag","embeddable":true,"href":"https:\/\/mbloretanska.pl\/index.php?rest_route=%2Fwp%2Fv2%2Ftags&post=6035"}],"curies":[{"name":"wp","href":"https:\/\/api.w.org\/{rel}","templated":true}]}}