{"id":6017,"date":"2025-10-03T17:47:49","date_gmt":"2025-10-03T15:47:49","guid":{"rendered":"https:\/\/mbloretanska.pl\/?p=6017"},"modified":"2025-10-03T17:47:50","modified_gmt":"2025-10-03T15:47:50","slug":"xxvii-niedziela-zwykla-05-10-2025","status":"publish","type":"post","link":"https:\/\/mbloretanska.pl\/?p=6017","title":{"rendered":"XXVII NIEDZIELA ZWYK\u0141A 05.10.2025"},"content":{"rendered":"<section  class='av_textblock_section av-mgb0omtb-37671b503037ccf9adb1d28649486aaf '   itemscope=\"itemscope\" itemtype=\"https:\/\/schema.org\/BlogPosting\" itemprop=\"blogPost\" ><div class='avia_textblock'  itemprop=\"text\" ><p class=\"gmail-MsoListParagraphCxSpFirst\">1.&nbsp;&nbsp;&nbsp; Dzi\u015b na Mszy \u015bw. o godz. 11.00 po\u015bwi\u0119cenie r\u00f3\u017ca\u0144c\u00f3w.<i><\/i><\/p>\n<p class=\"gmail-MsoListParagraphCxSpMiddle\">2.&nbsp;&nbsp;&nbsp; Z racji I niedzieli miesi\u0105ca o godz. 16.00 spotkanie K\u00f3\u0142 \u017bywego R\u00f3\u017ca\u0144ca. O 17.15 nabo\u017ce\u0144stwo r\u00f3\u017ca\u0144cowe.<\/p>\n<p class=\"gmail-MsoListParagraphCxSpMiddle\">3.&nbsp;&nbsp;&nbsp; Modlitwa r\u00f3\u017ca\u0144cowa jest w naszym ko\u015bciele codziennie przez ca\u0142y pa\u017adziernik o godz. 17.15. Kto wsp\u00f3lnie z innymi, pobo\u017cnie odm\u00f3wi pi\u0119\u0107 tajemnic r\u00f3\u017ca\u0144ca mo\u017ce uzyska\u0107 \u0142ask\u0119 odpustu zupe\u0142nego. Dzieci na r\u00f3\u017caniec zapraszamy szczeg\u00f3lnie w ka\u017cdy wtorek.<\/p>\n<p class=\"gmail-MsoListParagraphCxSpMiddle\">4.&nbsp;&nbsp;&nbsp; Dzi\u015b w naszej diecezji taca na dom \u015bw. s. Faustyny w Ostr\u00f3wku. Za tydzie\u0144 w ramach Dnia Papieskiego zbi\u00f3rka do puszek na Dzie\u0142o Nowego Tysi\u0105clecia.<\/p>\n<p class=\"gmail-MsoListParagraphCxSpMiddle\">5.&nbsp;&nbsp;&nbsp; Od jutra b\u0119dziemy mogli ju\u017c zapisywa\u0107 swoich bliskich zmar\u0142ych na wypominki. Proponujemy trzy formy modlitwy: wypominki jednorazowe, czyli modlitw\u0119 w czasie procesji za zmar\u0142ych 1 b\u0105d\u017a 2 XI; wypominki roczne \u2013 modlitw\u0119 przez ca\u0142y rok w ka\u017cd\u0105 niedziel\u0119 oraz wypominki listopadowe \u2013 czyli Msz\u0119 \u015bw. gregoria\u0144sk\u0105 (tzn. 30 Mszy) za zmar\u0142ych. Msz\u0119 gregoria\u0144sk\u0105 b\u0119dziemy odprawia\u0107 przez ca\u0142y listopad o godz. 18.00. Mo\u017cemy ofiarowa\u0107 j\u0105 za jedn\u0105 osob\u0119 albo za dwoje zmar\u0142ych rodzic\u00f3w.<i>&nbsp; &nbsp; &nbsp; &nbsp; &nbsp; &nbsp; &nbsp; &nbsp; &nbsp;<\/i><i><\/i><\/p>\n<p class=\"gmail-MsoListParagraphCxSpMiddle\">6.&nbsp;&nbsp;&nbsp; We wtorek 7 pa\u017adziernika wspomnienie NMP R\u00f3\u017ca\u0144cowej.<\/p>\n<p class=\"gmail-MsoListParagraphCxSpMiddle\">7.&nbsp;&nbsp;&nbsp; Od 1 stycznia 2026 roku zmieni si\u0119 porz\u0105dek niedzielnych Mszy \u015bw. Nowy plan znajdziemy w gazetce parafialnej.<\/p>\n<p class=\"gmail-MsoListParagraphCxSpMiddle\">8.&nbsp;&nbsp;&nbsp; W dawnej zakrystii mo\u017cemy nabywa\u0107 konfitury i miody z piwniczki \u015bw. Antoniego. Doch\u00f3d z ich sprzeda\u017cy przeznaczony jest na remont ko\u015bcio\u0142a.<\/p>\n<p class=\"gmail-MsoListParagraphCxSpMiddle\">9.&nbsp;&nbsp;&nbsp; Serdecznie dzi\u0119kujemy pani Annie Jaworskiej za ofiarowane kwiaty zdobi\u0105ce figur\u0119 Matki Bo\u017cej Fatimskiej. Pani Anna mieszka w parafii b\u0142. Honorata Ko\u017ami\u0144skiego w Janiszewie w diecezji radomskiej.<\/p>\n<p class=\"gmail-MsoListParagraphCxSpMiddle\">10. &nbsp;W minionym tygodniu po\u017cegnali\u015bmy w naszej parafii \u015bp. pana Krzysztofa Rdzanek. Pole\u0107my go Bo\u017cemu mi\u0142osierdziu we wsp\u00f3lnej modlitwie.<\/p>\n<\/div><\/section>\n","protected":false},"excerpt":{"rendered":"","protected":false},"author":1,"featured_media":3832,"comment_status":"closed","ping_status":"closed","sticky":false,"template":"","format":"standard","meta":{"ngg_post_thumbnail":0,"footnotes":""},"categories":[3],"tags":[],"class_list":["post-6017","post","type-post","status-publish","format-standard","has-post-thumbnail","hentry","category-ogloszenia-duszpasterskie"],"_links":{"self":[{"href":"https:\/\/mbloretanska.pl\/index.php?rest_route=\/wp\/v2\/posts\/6017","targetHints":{"allow":["GET"]}}],"collection":[{"href":"https:\/\/mbloretanska.pl\/index.php?rest_route=\/wp\/v2\/posts"}],"about":[{"href":"https:\/\/mbloretanska.pl\/index.php?rest_route=\/wp\/v2\/types\/post"}],"author":[{"embeddable":true,"href":"https:\/\/mbloretanska.pl\/index.php?rest_route=\/wp\/v2\/users\/1"}],"replies":[{"embeddable":true,"href":"https:\/\/mbloretanska.pl\/index.php?rest_route=%2Fwp%2Fv2%2Fcomments&post=6017"}],"version-history":[{"count":1,"href":"https:\/\/mbloretanska.pl\/index.php?rest_route=\/wp\/v2\/posts\/6017\/revisions"}],"predecessor-version":[{"id":6018,"href":"https:\/\/mbloretanska.pl\/index.php?rest_route=\/wp\/v2\/posts\/6017\/revisions\/6018"}],"wp:featuredmedia":[{"embeddable":true,"href":"https:\/\/mbloretanska.pl\/index.php?rest_route=\/wp\/v2\/media\/3832"}],"wp:attachment":[{"href":"https:\/\/mbloretanska.pl\/index.php?rest_route=%2Fwp%2Fv2%2Fmedia&parent=6017"}],"wp:term":[{"taxonomy":"category","embeddable":true,"href":"https:\/\/mbloretanska.pl\/index.php?rest_route=%2Fwp%2Fv2%2Fcategories&post=6017"},{"taxonomy":"post_tag","embeddable":true,"href":"https:\/\/mbloretanska.pl\/index.php?rest_route=%2Fwp%2Fv2%2Ftags&post=6017"}],"curies":[{"name":"wp","href":"https:\/\/api.w.org\/{rel}","templated":true}]}}