{"id":6012,"date":"2025-09-26T14:35:20","date_gmt":"2025-09-26T12:35:20","guid":{"rendered":"https:\/\/mbloretanska.pl\/?p=6012"},"modified":"2025-09-26T14:35:21","modified_gmt":"2025-09-26T12:35:21","slug":"intencje-mszalne-28-09-04-10-2025","status":"publish","type":"post","link":"https:\/\/mbloretanska.pl\/?p=6012","title":{"rendered":"intencje mszalne 28.09-04.10.2025"},"content":{"rendered":"<section  class='av_textblock_section av-mg0tqm7g-4b053d5b3df68ecbde1c3018c5ee5cc5 '   itemscope=\"itemscope\" itemtype=\"https:\/\/schema.org\/BlogPosting\" itemprop=\"blogPost\" ><div class='avia_textblock'  itemprop=\"text\" ><table style=\"font-weight: 400;\" width=\"699\">\n<tbody>\n<tr>\n<td colspan=\"2\" width=\"699\"><strong>&nbsp;<\/strong><\/td>\n<\/tr>\n<tr>\n<td colspan=\"2\" width=\"699\">\n<p style=\"text-align: center;\"><strong>XXVI NIEDZIELA ZWYK\u0141A&nbsp;&nbsp; <\/strong><\/p>\n<p style=\"text-align: center;\"><strong>(28 wrze\u015bnia 2025 r.)<\/strong><\/p>\n<\/td>\n<\/tr>\n<tr>\n<td width=\"56\"><strong>7:00<\/strong><\/td>\n<td width=\"643\">+ Zygmunta GRYNAGIEL (23 r. \u015bm.) oraz Halin\u0119 GRYNAGIEL.<\/td>\n<\/tr>\n<tr>\n<td width=\"56\"><strong>8:30<\/strong><\/td>\n<td width=\"643\">+ Urszul\u0119 POLITOWICZ, Wac\u0142aw\u0119 i Mariana POLITOWICZ, Ma\u0142gorzat\u0119 WR\u00d3BEL, Walentyn\u0119, Bonifacego, Andrzeja i Krzysztofa D\u0104BEK.<\/td>\n<\/tr>\n<tr>\n<td width=\"56\"><strong>10:00<\/strong><\/td>\n<td width=\"643\">+ Paw\u0142a (13 r. \u015bm.) Genowef\u0119, Wiktora, Janusza JUSI\u0143SKICH, Aniel\u0119, Jana, Stanis\u0142aw\u0119, Tomasza, Piotra ZIELI\u0143SKICH oraz Janusza R\u00d3\u017bYCKIEGO.<\/td>\n<\/tr>\n<tr>\n<td width=\"56\"><strong>11:00<\/strong><\/td>\n<td width=\"643\">+ Stanis\u0142awa PIWOWARCZYKA (3 r. \u015bm.) oraz J\u00f3zefa i Waldemara.<\/p>\n<p><strong>11:45 &#8211; SPOTKANIE RODZIC\u00d3W PIERWSZOKOMUNIJNYCH W KO\u015aCIELE<\/strong><\/td>\n<\/tr>\n<tr>\n<td width=\"56\"><strong>12:30<\/strong><\/td>\n<td width=\"643\">\u00b7&nbsp;&nbsp;&nbsp;&nbsp;&nbsp; O Bo\u017ce b\u0142ogos\u0142awie\u0144stwo i potrzebne \u0142aski dla Michaliny z okazji imienin.<\/p>\n<p>+ Bogdana PIROS (w 5 rocznic\u0119 \u015bm.) Eugeniusza, Helen\u0119 i Stanis\u0142awa PIROS,<br \/>\n&nbsp;&nbsp; Teres\u0119, Stanis\u0142aw\u0119 i Stefana KOCISZEWSKICH, Antonin\u0119, Aleksandra, Waldemara<br \/>\n&nbsp;&nbsp; KOTKIEWICZ\u00d3W.<\/p>\n<p>+ Teres\u0119 i Feliksa KASZYCA.<\/p>\n<p>+ Jadwig\u0119 BRZEZI\u0143SK\u0104 (10 r. \u015bm.)<\/p>\n<p>+ Franciszka (36 r. \u015bm.)<\/td>\n<\/tr>\n<tr>\n<td width=\"56\"><strong>18:00<\/strong><\/td>\n<td width=\"643\">+ Marcelego KOWALSKIEGO (w rocznic\u0119 \u015bmierci).<\/td>\n<\/tr>\n<tr>\n<td colspan=\"2\" width=\"699\"><strong>&nbsp;<\/strong><\/td>\n<\/tr>\n<tr>\n<td colspan=\"2\" width=\"699\">\n<p style=\"text-align: center;\"><strong>PONIEDZIA\u0141EK&nbsp; (29 wrze\u015bnia) <\/strong><\/p>\n<p style=\"text-align: center;\"><strong>\u015awi\u0119tych Archanio\u0142\u00f3w Micha\u0142a, Gabriela i Rafa\u0142a \u2013 \u015bwi\u0119to <\/strong><\/p>\n<\/td>\n<\/tr>\n<tr>\n<td width=\"56\"><strong>7:00<\/strong><\/td>\n<td width=\"643\">\u00b7&nbsp;&nbsp;&nbsp;&nbsp;&nbsp; O Bo\u017ce b\u0142og. w podzi\u0119kowaniu za otrzymane \u0142aski i dary Ducha \u015awi\u0119tego dla Anny i Piotra.<\/td>\n<\/tr>\n<tr>\n<td width=\"56\"><strong>8:00<\/strong><\/td>\n<td width=\"643\">+ Stefani\u0119 i Tadeusza BARASZKIEWICZ \u2013 intencja od dzieci i wnuk\u00f3w.<\/td>\n<\/tr>\n<tr>\n<td width=\"56\"><strong>18:00<\/strong><\/td>\n<td width=\"643\">+ Mariana FRANCZAKA (23 r. \u015bm.)<\/td>\n<\/tr>\n<tr>\n<td colspan=\"2\" width=\"699\">&nbsp;<\/td>\n<\/tr>\n<tr>\n<td colspan=\"2\" width=\"699\">\n<p style=\"text-align: center;\"><strong>WTOREK (30 wrze\u015bnia)<\/strong><\/p>\n<\/td>\n<\/tr>\n<tr>\n<td width=\"56\"><strong>7:00<\/strong><\/td>\n<td width=\"643\">+ Micha\u0142a RADZIKOWSKIEGO.<\/td>\n<\/tr>\n<tr>\n<td width=\"56\"><strong>8:00<\/strong><\/td>\n<td width=\"643\">\u00b7&nbsp;&nbsp;&nbsp;&nbsp;&nbsp; O zdrowie dla marka i jego rodziny i pojednanie z rodzin\u0105.<\/td>\n<\/tr>\n<tr>\n<td width=\"56\"><strong>18:00<\/strong><\/td>\n<td width=\"643\">\u00b7&nbsp;&nbsp;&nbsp;&nbsp;&nbsp; Intencja dzi\u0119kczynna z pro\u015bb\u0105 o b\u0142ogos\u0142awie\u0144stwo Bo\u017ce i wstawiennictwo Maryi Niepokalanej dla Ko\u015bcio\u0142a, ojca \u015bwi\u0119tego Leona, duchowie\u0144stwa i spowiednik\u00f3w.<\/td>\n<\/tr>\n<tr>\n<td colspan=\"2\" width=\"699\">&nbsp;<\/td>\n<\/tr>\n<tr>\n<td colspan=\"2\" width=\"699\">\n<p style=\"text-align: center;\"><strong>\u015aRODA&nbsp; (1 pa\u017adziernika)<\/strong><\/p>\n<p style=\"text-align: center;\"><strong>\u015aw. Teresy od Dzieci\u0105tka Jezus, dziewicy i doktora Ko\u015bcio\u0142a \u2013 wspomnienie <\/strong><\/p>\n<\/td>\n<\/tr>\n<tr>\n<td width=\"56\"><strong>7:00<\/strong><\/td>\n<td width=\"643\">&nbsp;<\/td>\n<\/tr>\n<tr>\n<td width=\"56\"><strong>8:00<\/strong><\/td>\n<td width=\"643\">+ Mari\u0119 CHILARECK\u0104 (greg. 1.)<\/td>\n<\/tr>\n<tr>\n<td width=\"56\"><strong>17:45<\/strong><\/td>\n<td width=\"643\">&nbsp;<strong>NOWENNA<\/strong><\/p>\n<p>\u00b7&nbsp;&nbsp;&nbsp;&nbsp;&nbsp; O potrzebne \u0142aski i si\u0142y oraz opiek\u0119 Matki Bo\u017cej Loreta\u0144skiej dla Henryka.<\/p>\n<p>+ Krystyn\u0119 DOBRODZIEJ (15 r. \u015bm.)<\/p>\n<p>+ Ann\u0119 SUCHECK\u0104 (7 r. \u015bm.)<\/td>\n<\/tr>\n<tr>\n<td colspan=\"2\" width=\"699\"><strong>&nbsp;<\/strong><\/td>\n<\/tr>\n<tr>\n<td colspan=\"2\" width=\"699\">\n<p style=\"text-align: center;\"><strong>CZWARTEK&nbsp; (2 pa\u017adziernika)<\/strong><\/p>\n<p style=\"text-align: center;\"><strong>\u015awi\u0119tych Anio\u0142\u00f3w Str\u00f3\u017c\u00f3w \u2013 wspomnienie <\/strong><\/p>\n<\/td>\n<\/tr>\n<tr>\n<td width=\"56\"><strong>7:00<\/strong><\/td>\n<td width=\"643\">+ Mari\u0119 CHILARECK\u0104 (greg. 2.)<\/td>\n<\/tr>\n<tr>\n<td width=\"56\"><strong>8:00<\/strong><\/td>\n<td width=\"643\">+ Ryszarda CZARNECKIEGO (14 r. \u015bm.), jego \u017con\u0119 WIES\u0141AW\u0118, syna Wojciecha,<br \/>\n&nbsp;&nbsp; wnuka Sebastiana, rodzic\u00f3w Stanis\u0142awa i Gabriel\u0119, Mari\u0119 SKORACZEWSK\u0104.<\/td>\n<\/tr>\n<tr>\n<td width=\"56\"><strong>18:00<\/strong><\/td>\n<td width=\"643\">+ Zdzis\u0142awa, J\u00f3zef\u0119, Stefana, Lucyn\u0119, El\u017cbiet\u0119 JANCZEWSKICH, &nbsp;Olg\u0119 JANCZEWSK\u0104-\u0141UKASIEWICZ (7 r. \u015bm.), Krystyn\u0119 MOLENDA, J\u00f3zef\u0119 MAJOCHA, Emili\u0119, Romana, Weronik\u0119, Jana BETLEJ, Arkadiusza i Jadwig\u0119 BARANOWSKICH, Mari\u0119 CHODEK.&nbsp;<\/td>\n<\/tr>\n<tr>\n<td colspan=\"2\" width=\"699\"><strong>&nbsp;<\/strong><\/td>\n<\/tr>\n<tr>\n<td colspan=\"2\" width=\"699\">\n<p style=\"text-align: center;\"><strong>PI\u0104TEK&nbsp; (3 pa\u017adziernika)<\/strong><\/p>\n<\/td>\n<\/tr>\n<tr>\n<td width=\"56\"><strong>7:00<\/strong><\/td>\n<td width=\"643\">\u00b7&nbsp;&nbsp;&nbsp;&nbsp;&nbsp; O Bo\u017ce b\u0142ogos\u0142awie\u0144stwo, dary Ducha \u015awi\u0119tego, potrzebne \u0142aski oraz pomy\u015blne zdanie egzaminu dla Bartka.<\/td>\n<\/tr>\n<tr>\n<td width=\"56\"><strong>8:00<\/strong><\/td>\n<td width=\"643\">\u00b7&nbsp;&nbsp;&nbsp;&nbsp;&nbsp; W intencjach cz\u0142onk\u00f3w \u017bywego R\u00f3\u017ca\u0144ca i Legionu Maryi.<\/td>\n<\/tr>\n<tr>\n<td width=\"56\"><strong>18:00<\/strong><\/td>\n<td width=\"643\">+ Mari\u0119 CHILARECK\u0104 (greg. 3.)<\/td>\n<\/tr>\n<tr>\n<td colspan=\"2\" width=\"699\"><strong>&nbsp;<\/strong><\/td>\n<\/tr>\n<tr>\n<td colspan=\"2\" width=\"699\">\n<p style=\"text-align: center;\"><strong>SOBOTA &nbsp;(4 pa\u017adziernika)<\/strong><\/p>\n<p style=\"text-align: center;\"><strong>\u015aw. Franciszka z Asy\u017cu \u2013 wspomnienie <\/strong><\/p>\n<\/td>\n<\/tr>\n<tr>\n<td width=\"56\"><strong>7:00<\/strong><\/td>\n<td width=\"643\">+ Mari\u0119 CHILARECK\u0104 (greg. 4.)<\/td>\n<\/tr>\n<tr>\n<td width=\"56\"><strong>8:00<\/strong><\/td>\n<td width=\"643\">+ W\u0142adys\u0142awa ZAKRZEWSKIEGO (22 r. \u015bm.) oraz Henryk\u0119 i Jana ZAKRZEWSKICH&nbsp;i zm. z rodzin ZAKRZEWSKICH i SADLAKOWSKICH.<\/td>\n<\/tr>\n<tr>\n<td width=\"56\"><strong>18:00<\/strong><\/td>\n<td width=\"643\">+ Edwarda WOWK (18 r. \u015bm.)<\/td>\n<\/tr>\n<\/tbody>\n<\/table>\n<\/div><\/section>\n","protected":false},"excerpt":{"rendered":"","protected":false},"author":1,"featured_media":3833,"comment_status":"closed","ping_status":"closed","sticky":false,"template":"","format":"standard","meta":{"ngg_post_thumbnail":0,"footnotes":""},"categories":[6],"tags":[],"class_list":["post-6012","post","type-post","status-publish","format-standard","has-post-thumbnail","hentry","category-intencje-mszalne"],"_links":{"self":[{"href":"https:\/\/mbloretanska.pl\/index.php?rest_route=\/wp\/v2\/posts\/6012","targetHints":{"allow":["GET"]}}],"collection":[{"href":"https:\/\/mbloretanska.pl\/index.php?rest_route=\/wp\/v2\/posts"}],"about":[{"href":"https:\/\/mbloretanska.pl\/index.php?rest_route=\/wp\/v2\/types\/post"}],"author":[{"embeddable":true,"href":"https:\/\/mbloretanska.pl\/index.php?rest_route=\/wp\/v2\/users\/1"}],"replies":[{"embeddable":true,"href":"https:\/\/mbloretanska.pl\/index.php?rest_route=%2Fwp%2Fv2%2Fcomments&post=6012"}],"version-history":[{"count":1,"href":"https:\/\/mbloretanska.pl\/index.php?rest_route=\/wp\/v2\/posts\/6012\/revisions"}],"predecessor-version":[{"id":6013,"href":"https:\/\/mbloretanska.pl\/index.php?rest_route=\/wp\/v2\/posts\/6012\/revisions\/6013"}],"wp:featuredmedia":[{"embeddable":true,"href":"https:\/\/mbloretanska.pl\/index.php?rest_route=\/wp\/v2\/media\/3833"}],"wp:attachment":[{"href":"https:\/\/mbloretanska.pl\/index.php?rest_route=%2Fwp%2Fv2%2Fmedia&parent=6012"}],"wp:term":[{"taxonomy":"category","embeddable":true,"href":"https:\/\/mbloretanska.pl\/index.php?rest_route=%2Fwp%2Fv2%2Fcategories&post=6012"},{"taxonomy":"post_tag","embeddable":true,"href":"https:\/\/mbloretanska.pl\/index.php?rest_route=%2Fwp%2Fv2%2Ftags&post=6012"}],"curies":[{"name":"wp","href":"https:\/\/api.w.org\/{rel}","templated":true}]}}