{"id":5979,"date":"2025-09-26T11:26:22","date_gmt":"2025-09-26T09:26:22","guid":{"rendered":"https:\/\/mbloretanska.pl\/?p=5979"},"modified":"2025-09-26T11:26:23","modified_gmt":"2025-09-26T09:26:23","slug":"xxvi-niedziela-zwykla-28-09-2025","status":"publish","type":"post","link":"https:\/\/mbloretanska.pl\/?p=5979","title":{"rendered":"XXVI NIEDZIELA ZWYK\u0141A 28.09.2025"},"content":{"rendered":"<section  class='av_textblock_section av-mg0mybkx-a5036cd219195f36396b2b7e48861293 '   itemscope=\"itemscope\" itemtype=\"https:\/\/schema.org\/BlogPosting\" itemprop=\"blogPost\" ><div class='avia_textblock'  itemprop=\"text\" ><ol>\n<li>Dzi\u015b po Mszy \u015bw. o godz. 11.00 spotkanie rodzic\u00f3w dzieci z klas III, kt\u00f3re w przysz\u0142ym roku przyst\u0105pi\u0105 do I Komunii \u015bw. Za tydzie\u0144 na Mszy z udzia\u0142em dzieci po\u015bwi\u0119cenie r\u00f3\u017ca\u0144c\u00f3w.&nbsp; &nbsp;&nbsp;&nbsp;&nbsp;&nbsp;&nbsp;&nbsp;&nbsp;&nbsp;&nbsp;&nbsp;&nbsp;&nbsp;&nbsp;&nbsp;&nbsp;&nbsp;&nbsp;&nbsp;&nbsp;&nbsp;&nbsp;&nbsp;&nbsp;&nbsp;&nbsp;&nbsp;&nbsp;&nbsp; <em> &nbsp;&nbsp;&nbsp;&nbsp;&nbsp;&nbsp;&nbsp;&nbsp;&nbsp;&nbsp;&nbsp;&nbsp;&nbsp;&nbsp;&nbsp;&nbsp;&nbsp;&nbsp;&nbsp;&nbsp;&nbsp;&nbsp;&nbsp;&nbsp;&nbsp;&nbsp;&nbsp; <\/em><\/li>\n<li style=\"font-weight: 400;\">Dzisiaj po Mszy wieczornej o godz. 18.00 pierwsze po wakacjach spotkanie kandydat\u00f3w do bierzmowania. &nbsp;&nbsp;&nbsp;&nbsp;&nbsp;&nbsp;&nbsp;&nbsp;&nbsp;&nbsp;&nbsp;&nbsp;&nbsp;&nbsp;&nbsp;&nbsp;&nbsp;&nbsp;&nbsp;&nbsp;&nbsp;&nbsp;&nbsp;&nbsp;&nbsp;&nbsp;&nbsp;&nbsp;&nbsp;&nbsp;&nbsp;&nbsp; &nbsp;&nbsp;&nbsp;&nbsp;&nbsp;&nbsp;&nbsp;&nbsp;&nbsp;&nbsp;&nbsp;&nbsp;&nbsp;&nbsp;&nbsp;&nbsp;&nbsp;&nbsp;&nbsp;&nbsp;&nbsp;&nbsp;&nbsp;&nbsp;&nbsp;&nbsp;&nbsp;&nbsp;&nbsp;&nbsp;&nbsp;&nbsp;&nbsp;&nbsp;&nbsp;&nbsp;&nbsp;&nbsp;&nbsp;&nbsp;&nbsp;&nbsp;&nbsp;&nbsp;&nbsp;&nbsp;&nbsp;&nbsp;&nbsp;&nbsp;&nbsp;&nbsp;&nbsp;&nbsp;&nbsp;&nbsp;&nbsp;<\/li>\n<li style=\"font-weight: 400;\">Jutro liturgiczne \u015awi\u0119to Rocznicy Po\u015bwi\u0119cenia Bazyliki Katedralnej w Warszawie-Pradze. W pi\u0105tek 3.10 \u015awi\u0119to \u015bw. Archanio\u0142\u00f3w Micha\u0142a, Gabriela i Rafa\u0142a.<\/li>\n<li style=\"font-weight: 400;\">W \u015brod\u0119 rozpoczynamy nabo\u017ce\u0144stwa pa\u017adziernikowe. Zapraszamy na wsp\u00f3ln\u0105 modlitw\u0119 r\u00f3\u017ca\u0144cow\u0105, kt\u00f3r\u0105 b\u0119dziemy odmawia\u0107 codziennie, we wszystkie dni tygodnia o godz. 17.15. Kto wsp\u00f3lnie z innymi, pobo\u017cnie odm\u00f3wi pi\u0119\u0107 tajemnic r\u00f3\u017ca\u0144ca mo\u017ce uzyska\u0107 \u0142ask\u0119 odpustu zupe\u0142nego. R\u00f3\u017caniec prowadzony przez dzieci ze specjalnym ich udzia\u0142em w ka\u017cdy wtorek.<\/li>\n<li style=\"font-weight: 400;\">W tym tygodniu przypada I pi\u0105tek i I sobota miesi\u0105ca. Msze \u015bw. o Naj\u015bwi\u0119tszym Sercu Pana Jezusa w pi\u0105tek o godz.&nbsp; 8.00 i 18.00. Msza wynagradzaj\u0105ca Niepokalanemu Sercu Maryi w sobot\u0119 w Domku Loreta\u0144skim o godz. 8.00.&nbsp;&nbsp;&nbsp; <em> &nbsp;&nbsp;&nbsp;&nbsp;&nbsp;&nbsp;&nbsp;&nbsp;&nbsp;&nbsp;&nbsp;&nbsp;&nbsp;&nbsp;&nbsp;&nbsp;&nbsp;&nbsp;&nbsp;&nbsp;&nbsp;&nbsp;&nbsp;&nbsp;&nbsp;&nbsp;&nbsp;&nbsp;&nbsp;&nbsp;&nbsp;&nbsp;&nbsp;&nbsp;&nbsp;&nbsp;&nbsp;&nbsp;&nbsp;&nbsp;&nbsp;&nbsp;&nbsp;&nbsp;&nbsp;&nbsp;&nbsp; <\/em><\/li>\n<li style=\"font-weight: 400;\">W przysz\u0142\u0105 niedziel\u0119 taca na Dom \u015bw. s. Faustyny w Ostr\u00f3wku.<\/li>\n<li style=\"font-weight: 400;\">Od &nbsp;przysz\u0142ego poniedzia\u0142ku, tzn. od 6 pa\u017adziernika b\u0119dziemy mogli zapisywa\u0107 swoich bliskich zmar\u0142ych na wypominki. Modlitw\u0119 za zmar\u0142ych b\u0119dziemy prowadzi\u0107 w takiej formie, jak do tej pory. Szczeg\u00f3\u0142y przypomnimy za tydzie\u0144.<\/li>\n<li style=\"font-weight: 400;\">W dawnej zakrystii mo\u017cemy ju\u017c nabywa\u0107 konfitury i miody z piwniczki &nbsp;\u015bw. Antoniego. Doch\u00f3d z ich sprzeda\u017cy przeznaczony jest na remont ko\u015bcio\u0142a.<\/li>\n<li style=\"font-weight: 400;\">Od 1 stycznia 2026 roku zmieni si\u0119 porz\u0105dek niedzielnych Mszy \u015bw. Msze \u015bw. w niedziele i uroczysto\u015bci b\u0119d\u0105 odprawiane w nast\u0119puj\u0105cych godzinach: 7.30, 9.00, 10.30, 12.00 i 18.00. Nowy plan znajdziemy w gazetce parafialnej.<\/li>\n<li style=\"font-weight: 400;\">W minionym tygodniu po\u017cegnali\u015bmy w naszej parafii \u015bp. pana Wies\u0142awa Radocho\u0144skiego. Pole\u0107my go Bo\u017cemu mi\u0142osierdziu we wsp\u00f3lnej modlitwie.<\/li>\n<\/ol>\n<\/div><\/section>\n","protected":false},"excerpt":{"rendered":"","protected":false},"author":1,"featured_media":3832,"comment_status":"closed","ping_status":"closed","sticky":false,"template":"","format":"standard","meta":{"ngg_post_thumbnail":0,"footnotes":""},"categories":[3],"tags":[],"class_list":["post-5979","post","type-post","status-publish","format-standard","has-post-thumbnail","hentry","category-ogloszenia-duszpasterskie"],"_links":{"self":[{"href":"https:\/\/mbloretanska.pl\/index.php?rest_route=\/wp\/v2\/posts\/5979","targetHints":{"allow":["GET"]}}],"collection":[{"href":"https:\/\/mbloretanska.pl\/index.php?rest_route=\/wp\/v2\/posts"}],"about":[{"href":"https:\/\/mbloretanska.pl\/index.php?rest_route=\/wp\/v2\/types\/post"}],"author":[{"embeddable":true,"href":"https:\/\/mbloretanska.pl\/index.php?rest_route=\/wp\/v2\/users\/1"}],"replies":[{"embeddable":true,"href":"https:\/\/mbloretanska.pl\/index.php?rest_route=%2Fwp%2Fv2%2Fcomments&post=5979"}],"version-history":[{"count":1,"href":"https:\/\/mbloretanska.pl\/index.php?rest_route=\/wp\/v2\/posts\/5979\/revisions"}],"predecessor-version":[{"id":5980,"href":"https:\/\/mbloretanska.pl\/index.php?rest_route=\/wp\/v2\/posts\/5979\/revisions\/5980"}],"wp:featuredmedia":[{"embeddable":true,"href":"https:\/\/mbloretanska.pl\/index.php?rest_route=\/wp\/v2\/media\/3832"}],"wp:attachment":[{"href":"https:\/\/mbloretanska.pl\/index.php?rest_route=%2Fwp%2Fv2%2Fmedia&parent=5979"}],"wp:term":[{"taxonomy":"category","embeddable":true,"href":"https:\/\/mbloretanska.pl\/index.php?rest_route=%2Fwp%2Fv2%2Fcategories&post=5979"},{"taxonomy":"post_tag","embeddable":true,"href":"https:\/\/mbloretanska.pl\/index.php?rest_route=%2Fwp%2Fv2%2Ftags&post=5979"}],"curies":[{"name":"wp","href":"https:\/\/api.w.org\/{rel}","templated":true}]}}