{"id":5977,"date":"2025-09-22T11:34:02","date_gmt":"2025-09-22T09:34:02","guid":{"rendered":"https:\/\/mbloretanska.pl\/?p=5977"},"modified":"2025-09-22T11:34:03","modified_gmt":"2025-09-22T09:34:03","slug":"intencje-mszalne-21-27-09-2025","status":"publish","type":"post","link":"https:\/\/mbloretanska.pl\/?p=5977","title":{"rendered":"intencje mszalne 21-27.09.2025"},"content":{"rendered":"<section  class='av_textblock_section av-mfuxis2w-c95d24b921d40dbc2650ddfcc7e8a11d '   itemscope=\"itemscope\" itemtype=\"https:\/\/schema.org\/BlogPosting\" itemprop=\"blogPost\" ><div class='avia_textblock'  itemprop=\"text\" ><table style=\"font-weight: 400;\" width=\"699\">\n<tbody>\n<tr>\n<td colspan=\"2\" width=\"699\"><strong>&nbsp;<\/strong><\/td>\n<\/tr>\n<tr>\n<td colspan=\"2\" width=\"699\">\n<p style=\"text-align: center;\"><strong>XXV NIEDZIELA ZWYK\u0141A<\/strong><\/p>\n<p style=\"text-align: center;\"><strong>(21 wrze\u015bnia 2025 r.)<\/strong><\/p>\n<\/td>\n<\/tr>\n<tr>\n<td width=\"56\"><strong>7:00<\/strong><\/td>\n<td width=\"643\">\u00b7&nbsp;&nbsp;&nbsp;&nbsp;&nbsp; O potrzebne \u0142aski dla rodzin LENARCZYK\u00d3W, DZIWULSKICH i OGONOWSKICH.<\/td>\n<\/tr>\n<tr>\n<td width=\"56\"><strong>8:30<\/strong><\/td>\n<td width=\"643\">+ Beat\u0119, El\u017cbiet\u0119, Kamil\u0119, Teofila, Zygmunta W\u00d3JTOWICZ.<\/td>\n<\/tr>\n<tr>\n<td width=\"56\"><strong>10:00<\/strong><\/td>\n<td width=\"643\">+ Za zm. z rodzin: ROMANOWSKICH, KO\u0141AKOWSKICH, KARCZEWSKICH, oraz o potrzebne \u0142aski dla cz\u0142onk\u00f3w tych rodzin.<\/td>\n<\/tr>\n<tr>\n<td width=\"56\"><strong>11:00<\/strong><\/td>\n<td width=\"643\">+ Szczepana PAZU\u0141\u0118 (11 r. \u015bm.), Mieczys\u0142awa PAZU\u0141\u0118 (19 lat po \u015bm.)<\/td>\n<\/tr>\n<tr>\n<td width=\"56\"><strong>12:30<\/strong><\/td>\n<td width=\"643\">\u00b7&nbsp;&nbsp;&nbsp;&nbsp;&nbsp; W int. 1 rocznicy odej\u015bcia nienarodzonego dziecka, o \u0142aski potrzebne dla ca\u0142ej rodziny<\/p>\n<p>+ Leszka BREJNAKA (17 r. \u015bm.) oraz jego rodzic\u00f3w i te\u015bci\u00f3w Mari\u0119 i Lucjana<br \/>\n&nbsp;&nbsp; DMOWSKICH, Jacka SZOZD\u0118.<\/p>\n<p>+ Iren\u0119 PROKOPCZYK (2 r. \u015bm.), Janusza PROKOPCZYKA (35 r. \u015bm.)<\/p>\n<p>+ Jerzego SZUMSKIEGO (30 dni po \u015bm.)<\/p>\n<p>+ Wojciecha SIKORA (30 dni po \u015bm.) \u2013 od uczestnik\u00f3w pogrzebu.<\/p>\n<p>+ Henryka PI\u00d3RKOWSKIEGO (1 r. \u015bm.)<\/p>\n<p>+ Zofi\u0119 i Bronis\u0142awa SUCHODOLSKICH, Kazimier\u0119 i Ryszarda ADAMCZEWSKICH,<br \/>\n&nbsp;&nbsp; Mariann\u0119 SZCZ\u0118SN\u0104, Mariusza GA\u0143KO.<\/p>\n<p>+ Teres\u0119 i Feliksa KASZYCA.<\/p>\n<p>+ Czes\u0142awa BRUNKA, Juli\u0119 i Antoniego RZESZUTEK.<\/td>\n<\/tr>\n<tr>\n<td width=\"56\"><strong>18:00<\/strong><\/td>\n<td width=\"643\">+ Stefani\u0119 KACZMARSK\u0104 (6 r. \u015bm.), Mariana KACZMARSKIEGO (44 r. \u015bm.), oraz zm. z c.r. KACZMARSKICH, GIER\u00d3W i JACHACY.<\/td>\n<\/tr>\n<tr>\n<td colspan=\"2\" width=\"699\"><strong>&nbsp;<\/strong><\/td>\n<\/tr>\n<tr>\n<td colspan=\"2\" width=\"699\">\n<p style=\"text-align: center;\"><strong>PONIEDZIA\u0141EK (22 wrze\u015bnia) <\/strong><\/p>\n<\/td>\n<\/tr>\n<tr>\n<td width=\"56\"><strong>7:00<\/strong><\/td>\n<td width=\"643\">+ Mieczys\u0142awa, Piotra i Weronik\u0119 PODRAZ\u00d3W, oraz zm. z ca\u0142ej rodziny PODRAZ\u00d3W.<\/td>\n<\/tr>\n<tr>\n<td width=\"56\"><strong>8:00<\/strong><\/td>\n<td width=\"643\">+ Jerzego SZUMSKIEGO (int. od s\u0105siadek Danuty i Barbary).<\/td>\n<\/tr>\n<tr>\n<td width=\"56\"><strong>18:00<\/strong><\/td>\n<td width=\"643\">&nbsp;<\/td>\n<\/tr>\n<tr>\n<td colspan=\"2\" width=\"699\">&nbsp;<\/td>\n<\/tr>\n<tr>\n<td colspan=\"2\" width=\"699\">\n<p style=\"text-align: center;\"><strong>WTOREK (23 wrze\u015bnia)<\/strong><\/p>\n<p style=\"text-align: center;\"><strong>\u015aw. Pio z Pietrelciny, prezbitera \u2013 wspomnienie <\/strong><\/p>\n<\/td>\n<\/tr>\n<tr>\n<td width=\"56\"><strong>7:00<\/strong><\/td>\n<td width=\"643\">+ Za dusze w czy\u015b\u0107cu cierpi\u0105ce.<\/td>\n<\/tr>\n<tr>\n<td width=\"56\"><strong>8:00<\/strong><\/td>\n<td width=\"643\">+ Helen\u0119 CHABKO (int. od s\u0105siadek Danuty i Wandy).<\/td>\n<\/tr>\n<tr>\n<td width=\"56\"><strong>18:00<\/strong><\/td>\n<td width=\"643\">+ Jaros\u0142awa i zmar\u0142ych z jego rodziny.<\/td>\n<\/tr>\n<tr>\n<td colspan=\"2\" width=\"699\">&nbsp;<\/td>\n<\/tr>\n<tr>\n<td colspan=\"2\" width=\"699\">\n<p style=\"text-align: center;\"><strong>\u015aRODA (24 wrze\u015bnia)<\/strong><\/p>\n<\/td>\n<\/tr>\n<tr>\n<td width=\"56\"><strong>7:00<\/strong><\/td>\n<td width=\"643\">&nbsp;<\/td>\n<\/tr>\n<tr>\n<td width=\"56\"><strong>8:00<\/strong><\/td>\n<td width=\"643\">+ O b\u0142og. Bo\u017ce, zdrowie i potrzebne \u0142aski dla Bogumi\u0142y i Mieczys\u0142awa ORZESZAK\u00d3W.<\/td>\n<\/tr>\n<tr>\n<td width=\"56\"><strong>17:45<\/strong><\/td>\n<td width=\"643\">&nbsp;<strong>NOWENNA<\/strong><\/p>\n<p>\u00b7&nbsp;&nbsp;&nbsp;&nbsp;&nbsp; O potrzebne \u0142aski i si\u0142y oraz opiek\u0119 Matki Bo\u017cej Loreta\u0144skiej dla Henryka.<\/p>\n<p>+ Piotra TABACZY\u0143SKIEGO (3 miesi\u0105ce po \u015bmierci)<\/td>\n<\/tr>\n<tr>\n<td colspan=\"2\" width=\"699\"><strong>&nbsp;<\/strong><\/td>\n<\/tr>\n<tr>\n<td colspan=\"2\" width=\"699\">\n<p style=\"text-align: center;\"><strong>CZWARTEK (25 wrze\u015bnia)<\/strong><\/p>\n<p style=\"text-align: center;\"><strong>B\u0142. W\u0142adys\u0142awa z Gielniowa, prezbitera, patrona Stolicy \u2013 wspomnienie <\/strong><\/p>\n<\/td>\n<\/tr>\n<tr>\n<td width=\"56\"><strong>7:00<\/strong><\/td>\n<td width=\"643\">&nbsp;<\/td>\n<\/tr>\n<tr>\n<td width=\"56\"><strong>8:00<\/strong><\/td>\n<td width=\"643\">+ J\u00f3zefa KO\u015aLA (20 r. \u015bm.)<\/td>\n<\/tr>\n<tr>\n<td width=\"56\"><strong>18:00<\/strong><\/td>\n<td width=\"643\">+ Zofi\u0119 TWAROWSK\u0104 (int. urodzinowa).<\/td>\n<\/tr>\n<tr>\n<td colspan=\"2\" width=\"699\"><strong>&nbsp;<\/strong><\/td>\n<\/tr>\n<tr>\n<td colspan=\"2\" width=\"699\">\n<p style=\"text-align: center;\"><strong>PI\u0104TEK (26 wrze\u015bnia)<\/strong><\/p>\n<\/td>\n<\/tr>\n<tr>\n<td width=\"56\"><strong>7:00<\/strong><\/td>\n<td width=\"643\">+ Andrzeja PAWLIKA (2 r. \u015bm.)<\/td>\n<\/tr>\n<tr>\n<td width=\"56\"><strong>8:00<\/strong><\/td>\n<td width=\"643\">+ Jacentego PASZKOWSKIEGO, Feliks\u0119 i Rudolfa BORKOWSKICH.<\/td>\n<\/tr>\n<tr>\n<td width=\"56\"><strong>18:00<\/strong><\/td>\n<td width=\"643\">\u00b7&nbsp;&nbsp;&nbsp;&nbsp;&nbsp; Int. urodzinowa Krystiana i Cypriana, dzi\u0119kuj\u0105c za \u017cycie i prosz\u0105c o zdrowie<br \/>\ni b\u0142ogos\u0142awie\u0144stwo Bo\u017ce w edukacji, prowadzenie Ducha \u015awi\u0119tego i \u015aw. Rodziny.&nbsp;<\/td>\n<\/tr>\n<tr>\n<td colspan=\"2\" width=\"699\"><strong>&nbsp;<\/strong><\/td>\n<\/tr>\n<tr>\n<td colspan=\"2\" width=\"699\">\n<p style=\"text-align: center;\"><strong>SOBOTA (27 wrze\u015bnia)<\/strong><\/p>\n<p style=\"text-align: center;\"><strong>\u015aw. Wincentego \u00e0 Paulo, prezbitera \u2013 wspomnienie <\/strong><\/p>\n<\/td>\n<\/tr>\n<tr>\n<td width=\"56\"><strong>7:00<\/strong><\/td>\n<td width=\"643\">&nbsp;<\/td>\n<\/tr>\n<tr>\n<td width=\"56\"><strong>8:00<\/strong><\/td>\n<td width=\"643\">+ Regin\u0119 i Kazimierza RUPI\u0143SKICH.<\/td>\n<\/tr>\n<tr>\n<td width=\"56\"><strong>18:00<\/strong><\/td>\n<td width=\"643\">+ Janin\u0119 i Edmunda BIRECKICH.<\/td>\n<\/tr>\n<\/tbody>\n<\/table>\n<\/div><\/section>\n","protected":false},"excerpt":{"rendered":"","protected":false},"author":1,"featured_media":3833,"comment_status":"closed","ping_status":"closed","sticky":false,"template":"","format":"standard","meta":{"ngg_post_thumbnail":0,"footnotes":""},"categories":[6],"tags":[],"class_list":["post-5977","post","type-post","status-publish","format-standard","has-post-thumbnail","hentry","category-intencje-mszalne"],"_links":{"self":[{"href":"https:\/\/mbloretanska.pl\/index.php?rest_route=\/wp\/v2\/posts\/5977","targetHints":{"allow":["GET"]}}],"collection":[{"href":"https:\/\/mbloretanska.pl\/index.php?rest_route=\/wp\/v2\/posts"}],"about":[{"href":"https:\/\/mbloretanska.pl\/index.php?rest_route=\/wp\/v2\/types\/post"}],"author":[{"embeddable":true,"href":"https:\/\/mbloretanska.pl\/index.php?rest_route=\/wp\/v2\/users\/1"}],"replies":[{"embeddable":true,"href":"https:\/\/mbloretanska.pl\/index.php?rest_route=%2Fwp%2Fv2%2Fcomments&post=5977"}],"version-history":[{"count":1,"href":"https:\/\/mbloretanska.pl\/index.php?rest_route=\/wp\/v2\/posts\/5977\/revisions"}],"predecessor-version":[{"id":5978,"href":"https:\/\/mbloretanska.pl\/index.php?rest_route=\/wp\/v2\/posts\/5977\/revisions\/5978"}],"wp:featuredmedia":[{"embeddable":true,"href":"https:\/\/mbloretanska.pl\/index.php?rest_route=\/wp\/v2\/media\/3833"}],"wp:attachment":[{"href":"https:\/\/mbloretanska.pl\/index.php?rest_route=%2Fwp%2Fv2%2Fmedia&parent=5977"}],"wp:term":[{"taxonomy":"category","embeddable":true,"href":"https:\/\/mbloretanska.pl\/index.php?rest_route=%2Fwp%2Fv2%2Fcategories&post=5977"},{"taxonomy":"post_tag","embeddable":true,"href":"https:\/\/mbloretanska.pl\/index.php?rest_route=%2Fwp%2Fv2%2Ftags&post=5977"}],"curies":[{"name":"wp","href":"https:\/\/api.w.org\/{rel}","templated":true}]}}