{"id":5972,"date":"2025-09-19T17:50:01","date_gmt":"2025-09-19T15:50:01","guid":{"rendered":"https:\/\/mbloretanska.pl\/?p=5972"},"modified":"2025-09-19T17:50:02","modified_gmt":"2025-09-19T15:50:02","slug":"xxv-niedziela-zwykla-21-09-2025","status":"publish","type":"post","link":"https:\/\/mbloretanska.pl\/?p=5972","title":{"rendered":"XXV NIEDZIELA ZWYK\u0141A 21.09.2025"},"content":{"rendered":"<section  class='av_textblock_section av-mfr0lqlz-a565ed069938496e9b514b57901dc7bc '   itemscope=\"itemscope\" itemtype=\"https:\/\/schema.org\/BlogPosting\" itemprop=\"blogPost\" ><div class='avia_textblock'  itemprop=\"text\" ><ol>\n<li>W trzeci\u0105 niedziel\u0119 wrze\u015bnia obchodzimy \u015awiatowy Dzie\u0144 \u015arodk\u00f3w Spo\u0142ecznego Przekazu. Dzi\u0119kujemy tym wszystkim pracownikom medi\u00f3w, kt\u00f3rzy przekazuj\u0105c nam informacje s\u0105 wierni prawdzie.<\/li>\n<li style=\"font-weight: 400;\">Na Mszy \u015bw. o godz. 11.00 po\u015bwi\u0119cenie plecak\u00f3w i przybor\u00f3w szkolnych.<\/li>\n<li style=\"font-weight: 400;\">Ofiary sk\u0142adane dzisiaj na tac\u0119 przeznaczone s\u0105 na seminarium duchowne.<\/li>\n<li style=\"font-weight: 400;\">Jutro po po\u0142udniu w godz. 16.30 \u2013 17.30 kancelaria parafialna b\u0119dzie nieczynna. Zapraszamy w pozosta\u0142ych godzinach.<\/li>\n<li style=\"font-weight: 400;\">W tym tygodniu na Mszy&nbsp; porannej o godz. 7.00 w \u015brod\u0119, czwartek i sobot\u0119&nbsp; s\u0105 jeszcze wolne intencje. Je\u015bli kto\u015b z nas lub z naszych bliskich potrzebuje modlitwy zapraszamy do zakrystii b\u0105d\u017a kancelarii.<\/li>\n<li style=\"font-weight: 400;\">W przysz\u0142\u0105 niedziel\u0119 28.09 po Mszy o 11.00 spotkanie rodzic\u00f3w komunijnych. Uroczyste po\u015bwi\u0119cenie r\u00f3\u017ca\u0144c\u00f3w dla dzieci za dwa tygodnie 5 .10.<\/li>\n<li style=\"font-weight: 400;\">R\u00f3wnie\u017c za tydzie\u0144, w niedziel\u0119 28.09 po Mszy wieczornej o godz. 18.00 pierwsze po wakacjach spotkanie kandydat\u00f3w do bierzmowania.&nbsp;<\/li>\n<li style=\"font-weight: 400;\">Od przysz\u0142ego tygodnia w dawnej zakrystii b\u0119dziemy ju\u017c mogli nabywa\u0107 konfitury i miody z piwniczki \u015bw. Antoniego. Podobnie jak w minionych latach doch\u00f3d z ich sprzeda\u017cy jest przeznaczony na remont ko\u015bcio\u0142a.<\/li>\n<li style=\"font-weight: 400;\">W nast\u0119pn\u0105 \u015brod\u0119 1.10 rozpoczynamy nabo\u017ce\u0144stwa pa\u017adziernikowe. Zapraszamy na wsp\u00f3ln\u0105 modlitw\u0119 r\u00f3\u017ca\u0144cow\u0105, kt\u00f3r\u0105 b\u0119dziemy odmawia\u0107 codziennie, we wszystkie dni tygodnia o godz. 17.15. Zapraszamy tak\u017ce dzieci, dla kt\u00f3rych specjalnym, uprzywilejowanym dniem b\u0119d\u0105 wtorki. Kto wsp\u00f3lnie z innymi, pobo\u017cnie odm\u00f3wi pi\u0119\u0107 tajemnic r\u00f3\u017ca\u0144ca mo\u017ce uzyska\u0107 \u0142ask\u0119 odpustu zupe\u0142nego.<\/li>\n<li style=\"font-weight: 400;\">Od 1 stycznia 2026 roku zmieni si\u0119 porz\u0105dek niedzielnych Mszy \u015bw. Msze \u015bw. w niedziele i uroczysto\u015bci b\u0119d\u0105 odprawiane w nast\u0119puj\u0105cych godzinach: 7.30, 9.00, 10.30, 12.00 i 18.00. Nowy plan znajdziemy w gazetce parafialnej.<\/li>\n<\/ol>\n<\/div><\/section>\n","protected":false},"excerpt":{"rendered":"","protected":false},"author":1,"featured_media":3832,"comment_status":"closed","ping_status":"closed","sticky":false,"template":"","format":"standard","meta":{"ngg_post_thumbnail":0,"footnotes":""},"categories":[3],"tags":[],"class_list":["post-5972","post","type-post","status-publish","format-standard","has-post-thumbnail","hentry","category-ogloszenia-duszpasterskie"],"_links":{"self":[{"href":"https:\/\/mbloretanska.pl\/index.php?rest_route=\/wp\/v2\/posts\/5972","targetHints":{"allow":["GET"]}}],"collection":[{"href":"https:\/\/mbloretanska.pl\/index.php?rest_route=\/wp\/v2\/posts"}],"about":[{"href":"https:\/\/mbloretanska.pl\/index.php?rest_route=\/wp\/v2\/types\/post"}],"author":[{"embeddable":true,"href":"https:\/\/mbloretanska.pl\/index.php?rest_route=\/wp\/v2\/users\/1"}],"replies":[{"embeddable":true,"href":"https:\/\/mbloretanska.pl\/index.php?rest_route=%2Fwp%2Fv2%2Fcomments&post=5972"}],"version-history":[{"count":1,"href":"https:\/\/mbloretanska.pl\/index.php?rest_route=\/wp\/v2\/posts\/5972\/revisions"}],"predecessor-version":[{"id":5973,"href":"https:\/\/mbloretanska.pl\/index.php?rest_route=\/wp\/v2\/posts\/5972\/revisions\/5973"}],"wp:featuredmedia":[{"embeddable":true,"href":"https:\/\/mbloretanska.pl\/index.php?rest_route=\/wp\/v2\/media\/3832"}],"wp:attachment":[{"href":"https:\/\/mbloretanska.pl\/index.php?rest_route=%2Fwp%2Fv2%2Fmedia&parent=5972"}],"wp:term":[{"taxonomy":"category","embeddable":true,"href":"https:\/\/mbloretanska.pl\/index.php?rest_route=%2Fwp%2Fv2%2Fcategories&post=5972"},{"taxonomy":"post_tag","embeddable":true,"href":"https:\/\/mbloretanska.pl\/index.php?rest_route=%2Fwp%2Fv2%2Ftags&post=5972"}],"curies":[{"name":"wp","href":"https:\/\/api.w.org\/{rel}","templated":true}]}}