{"id":5969,"date":"2025-09-13T07:17:10","date_gmt":"2025-09-13T05:17:10","guid":{"rendered":"https:\/\/mbloretanska.pl\/?p=5969"},"modified":"2025-09-13T07:17:54","modified_gmt":"2025-09-13T05:17:54","slug":"intencje-mszalne-14-20-09-2025","status":"publish","type":"post","link":"https:\/\/mbloretanska.pl\/?p=5969","title":{"rendered":"intencje mszalne 14-20.09.2025"},"content":{"rendered":"<section  class='av_textblock_section av-mfhtd7a8-eae9b17e2f0485975b2b457b1e383235 '   itemscope=\"itemscope\" itemtype=\"https:\/\/schema.org\/BlogPosting\" itemprop=\"blogPost\" ><div class='avia_textblock'  itemprop=\"text\" ><table style=\"font-weight: 400;\" width=\"699\">\n<tbody>\n<tr>\n<td colspan=\"2\" width=\"699\"><strong>\u00a0<\/strong><\/td>\n<\/tr>\n<tr>\n<td colspan=\"2\" width=\"699\">\n<p style=\"text-align: center;\"><strong>XXIV NIEDZIELA ZWYK\u0141A\u00a0\u00a0 <\/strong><\/p>\n<p style=\"text-align: center;\"><strong>(14 wrze\u015bnia 2025 r.)<\/strong><\/p>\n<\/td>\n<\/tr>\n<tr>\n<td width=\"56\"><strong>7:00<\/strong><\/td>\n<td width=\"643\">O pok\u00f3j duszy i \u0142ask\u0119 nieba dla ma\u0142\u017conk\u00f3w ZI\u0118TAR\u00d3W + Ireny w 16 r.\u015bm., Franciszka w 55r.\u015bm., z zmar\u0142ych z rodzin SAWICKICH i ZI\u0118TAR\u00d3W.<\/td>\n<\/tr>\n<tr>\n<td width=\"56\"><strong>8:30<\/strong><\/td>\n<td width=\"643\">+ Mariann\u0119 i Janusza MALENT\u00d3W, Wac\u0142awa OLESZCZUKA, Wand\u0119 OLESZCZUK, zm. z rodzin: KO\u0143K\u00d3W, MALENT\u00d3W, MATE\u0143K\u00d3W i OLESZCZUK\u00d3W.<\/td>\n<\/tr>\n<tr>\n<td width=\"56\"><strong>10:00<\/strong><\/td>\n<td width=\"643\">O Bo\u017ce b\u0142ogos\u0142awie\u0144stwo i potrzebne \u0142aski w dalszym \u017cyciu dla Martyny z racji 18 rocz. urodzin.\u00a0<\/td>\n<\/tr>\n<tr>\n<td width=\"56\"><strong>11:00<\/strong><\/td>\n<td width=\"643\">+ Wojciecha WILEMBERG w 6 r.\u015bm., oraz jego rodzic\u00f3w Stanis\u0142awy i Stanis\u0142awa WILEMBERG<\/td>\n<\/tr>\n<tr>\n<td width=\"56\"><strong>12:30<\/strong><\/td>\n<td width=\"643\">\u00a0+ Teres\u0119 i Feliksa KASZYCA,<br \/>\n+ Czes\u0142awa BRUNKA, Juli\u0119 i Antoniego RZESZUTEK<\/p>\n<p>+ Agat\u0119 KUNICK\u0104 tydzie\u0144 po \u015bm.<\/p>\n<p>W intencji os\u00f3b zamordowanych i zadr\u0119czonych przez NKWD i UB w katowniach praskich w latach 1944-1954<\/p>\n<p>+ Marka MIELNICKIEGO<\/td>\n<\/tr>\n<tr>\n<td width=\"56\"><strong>18:00<\/strong><\/td>\n<td width=\"643\">R<\/td>\n<\/tr>\n<tr>\n<td colspan=\"2\" width=\"699\"><strong>\u00a0<\/strong><\/td>\n<\/tr>\n<tr>\n<td colspan=\"2\" width=\"699\">\n<p style=\"text-align: center;\"><strong>PONIEDZIA\u0141EK (15 wrze\u015bnia) <\/strong><\/p>\n<\/td>\n<\/tr>\n<tr>\n<td width=\"56\"><strong>7:00<\/strong><\/td>\n<td width=\"643\">+ El\u017cbiety w 1 r.\u015bm.<\/td>\n<\/tr>\n<tr>\n<td width=\"56\"><strong>8:00<\/strong><\/td>\n<td width=\"643\">+ Jana KOWALKOWSKIEGO, Mariann\u0119 i Stanis\u0142awa MIELNICKICH.<\/td>\n<\/tr>\n<tr>\n<td width=\"56\"><strong>18:00<\/strong><\/td>\n<td width=\"643\">+ Alicj\u0119 KO\u0141OSOWSK\u0104 w 9 r.\u015bm.<\/td>\n<\/tr>\n<tr>\n<td colspan=\"2\" width=\"699\">\u00a0<\/td>\n<\/tr>\n<tr>\n<td colspan=\"2\" width=\"699\">\n<p style=\"text-align: center;\"><strong>WTOREK (16 wrze\u015bnia)<\/strong><\/p>\n<\/td>\n<\/tr>\n<tr>\n<td width=\"56\"><strong>7:00<\/strong><\/td>\n<td width=\"643\">+ Stefani\u0119 SOBIESZCZA\u0143SK\u0104<\/td>\n<\/tr>\n<tr>\n<td width=\"56\"><strong>8:00<\/strong><\/td>\n<td width=\"643\">O Bo\u017ce b\u0142ogos\u0142awie\u0144stwo i potrzebne \u0142aski, opiek\u0119 Matki Bo\u017cej oraz \u0142ask\u0119 uzdrowienia dla Patryka.<\/td>\n<\/tr>\n<tr>\n<td width=\"56\"><strong>18:00<\/strong><\/td>\n<td width=\"643\">+ Krzysztofa PODLE\u015aNEGO w 6 r.\u015bm.<\/td>\n<\/tr>\n<tr>\n<td colspan=\"2\" width=\"699\"><\/td>\n<\/tr>\n<tr>\n<td colspan=\"2\" width=\"699\">\n<p style=\"text-align: center;\"><strong>\u015aRODA (17 wrze\u015bnia)<\/strong><\/p>\n<\/td>\n<\/tr>\n<tr>\n<td width=\"56\"><strong>7:00<\/strong><\/td>\n<td width=\"643\">+ Barbar\u0119 PETRYKOWSK\u0104.<\/td>\n<\/tr>\n<tr>\n<td width=\"56\"><strong>8:00<\/strong><\/td>\n<td width=\"643\">Rodzic\u00f3w W\u0142adys\u0142awa i Mariann\u0119 KO\u0141ODZIEJCZYK.<\/td>\n<\/tr>\n<tr>\n<td width=\"56\"><strong>17:45<\/strong><\/td>\n<td width=\"643\">\u00a0<strong>NOWENNA <\/strong>+ Barbar\u0119 WO\u0179NICK\u0104 w 10 r.\u015bm., Zofi\u0119 i Stefana WO\u0179NICKICH, Stanis\u0142awa i Jadwig\u0119 JUJKA<\/p>\n<p>O potrzebne \u0142aski i si\u0142y oraz opiek\u0119 Matki Bo\u017cej dla Henryka<\/td>\n<\/tr>\n<tr>\n<td colspan=\"2\" width=\"699\"><strong>\u00a0<\/strong><\/td>\n<\/tr>\n<tr>\n<td colspan=\"2\" width=\"699\">\n<p style=\"text-align: center;\"><strong>CZWARTEK (18 wrze\u015bnia)<\/strong><\/p>\n<\/td>\n<\/tr>\n<tr>\n<td width=\"56\"><strong>7:00<\/strong><\/td>\n<td width=\"643\">O Bo\u017ce b\u0142ogos\u0142awie\u0144stwo i potrzebne \u0142aski dla Kajetana WITKA w 18 r. urodzin<\/td>\n<\/tr>\n<tr>\n<td width=\"56\"><strong>8:00<\/strong><\/td>\n<td width=\"643\">+ Kazimierza WO\u0179NIAKA oraz zmar\u0142ych z jego rodziny.<\/td>\n<\/tr>\n<tr>\n<td width=\"56\"><strong>18:00<\/strong><\/td>\n<td width=\"643\">W intencji dzi\u0119kczynnej w 30 roczn. \u015blubu Agnieszki i Andrzeja NIEPYTALSKICH z pro\u015bb\u0105 o b\u0142ogos\u0142awie\u0144stwo i potrzebne \u0142aski dla jubilat\u00f3w oraz dla Jadwigi i B\u0142a\u017ceja.\u00a0<\/td>\n<\/tr>\n<tr>\n<td colspan=\"2\" width=\"699\"><strong>\u00a0<\/strong><\/td>\n<\/tr>\n<tr>\n<td colspan=\"2\" width=\"699\">\n<p style=\"text-align: center;\"><strong>PI\u0104TEK (19 wrze\u015bnia)<\/strong><\/p>\n<\/td>\n<\/tr>\n<tr>\n<td width=\"56\"><strong>7:00<\/strong><\/td>\n<td width=\"643\">O nawr\u00f3cenie, potrzebne \u0142aski i opiek\u0119 Matki Bo\u017cej dla Marka i Micha\u0142a.<\/td>\n<\/tr>\n<tr>\n<td width=\"56\"><strong>8:00<\/strong><\/td>\n<td width=\"643\">O Bo\u017ce mi\u0142osierdzie, dar \u017cycia wiecznego i nagrod\u0119 nieba dla + Ireny i Zygmunta WIECZOREK, babci WIECZOREK oraz rodzic\u00f3w GRAY.<\/td>\n<\/tr>\n<tr>\n<td width=\"56\"><strong>18:00<\/strong><\/td>\n<td width=\"643\">+ Czes\u0142awa RACZKOWSKIEGOw 46 r.\u015bm., rodzic\u00f3w RACZKOWSKICH, NAWROCKICH, rodze\u0144stwo oraz ks. Zygmunta NAWROCKIEGO.<\/td>\n<\/tr>\n<tr>\n<td colspan=\"2\" width=\"699\"><strong>\u00a0<\/strong><\/td>\n<\/tr>\n<tr>\n<td colspan=\"2\" width=\"699\">\n<p style=\"text-align: center;\"><strong>SOBOTA (20 wrze\u015bnia)<\/strong><\/p>\n<\/td>\n<\/tr>\n<tr>\n<td width=\"56\"><strong>7:00<\/strong><\/td>\n<td width=\"643\">+ Tomasza OPORKA w 9 r.\u015bm.<\/td>\n<\/tr>\n<tr>\n<td width=\"56\"><strong>8:00<\/strong><\/td>\n<td width=\"643\">+ Konrada MICHA\u0141OWSKIEGOW 14 r.\u015bm.<\/td>\n<\/tr>\n<tr>\n<td width=\"56\"><strong>18:00<\/strong><\/td>\n<td width=\"643\">+ Mari\u0119 KOKOT w 41 r.\u015bm., Paw\u0142a, Ann\u0119 oraz Wojciecha KOKOT.<\/td>\n<\/tr>\n<\/tbody>\n<\/table>\n<\/div><\/section>\n","protected":false},"excerpt":{"rendered":"","protected":false},"author":1,"featured_media":3833,"comment_status":"closed","ping_status":"closed","sticky":false,"template":"","format":"standard","meta":{"ngg_post_thumbnail":0,"footnotes":""},"categories":[6],"tags":[],"class_list":["post-5969","post","type-post","status-publish","format-standard","has-post-thumbnail","hentry","category-intencje-mszalne"],"_links":{"self":[{"href":"https:\/\/mbloretanska.pl\/index.php?rest_route=\/wp\/v2\/posts\/5969","targetHints":{"allow":["GET"]}}],"collection":[{"href":"https:\/\/mbloretanska.pl\/index.php?rest_route=\/wp\/v2\/posts"}],"about":[{"href":"https:\/\/mbloretanska.pl\/index.php?rest_route=\/wp\/v2\/types\/post"}],"author":[{"embeddable":true,"href":"https:\/\/mbloretanska.pl\/index.php?rest_route=\/wp\/v2\/users\/1"}],"replies":[{"embeddable":true,"href":"https:\/\/mbloretanska.pl\/index.php?rest_route=%2Fwp%2Fv2%2Fcomments&post=5969"}],"version-history":[{"count":2,"href":"https:\/\/mbloretanska.pl\/index.php?rest_route=\/wp\/v2\/posts\/5969\/revisions"}],"predecessor-version":[{"id":5971,"href":"https:\/\/mbloretanska.pl\/index.php?rest_route=\/wp\/v2\/posts\/5969\/revisions\/5971"}],"wp:featuredmedia":[{"embeddable":true,"href":"https:\/\/mbloretanska.pl\/index.php?rest_route=\/wp\/v2\/media\/3833"}],"wp:attachment":[{"href":"https:\/\/mbloretanska.pl\/index.php?rest_route=%2Fwp%2Fv2%2Fmedia&parent=5969"}],"wp:term":[{"taxonomy":"category","embeddable":true,"href":"https:\/\/mbloretanska.pl\/index.php?rest_route=%2Fwp%2Fv2%2Fcategories&post=5969"},{"taxonomy":"post_tag","embeddable":true,"href":"https:\/\/mbloretanska.pl\/index.php?rest_route=%2Fwp%2Fv2%2Ftags&post=5969"}],"curies":[{"name":"wp","href":"https:\/\/api.w.org\/{rel}","templated":true}]}}