{"id":5957,"date":"2025-09-11T21:13:43","date_gmt":"2025-09-11T19:13:43","guid":{"rendered":"https:\/\/mbloretanska.pl\/?p=5957"},"modified":"2025-09-11T21:13:44","modified_gmt":"2025-09-11T19:13:44","slug":"swieto-podwyzszenia-krzyza-swietego-14-09-2025","status":"publish","type":"post","link":"https:\/\/mbloretanska.pl\/?p=5957","title":{"rendered":"\u015awi\u0119to\u00a0podwy\u017cszenia Krzy\u017ca \u015bwi\u0119tego 14.09.2025"},"content":{"rendered":"<section  class='av_textblock_section av-mffsbxba-3881bb6d8c5de6ec83d140c878be8a5f '   itemscope=\"itemscope\" itemtype=\"https:\/\/schema.org\/BlogPosting\" itemprop=\"blogPost\" ><div class='avia_textblock'  itemprop=\"text\" ><p class=\"x_gmail-MsoListParagraphCxSpFirst\"><i><span data-ogsc=\"rgb(33, 37, 41)\" data-olk-copy-source=\"MessageBody\">1.&nbsp;&nbsp;&nbsp; <\/span><\/i>Rozpoczyna si\u0119 15 Tydzie\u0144 Wychowania prze\u017cywany pod has\u0142em <i>Wsp\u00f3lnota Nadziei.<\/i> Wspierajmy modlitw\u0105 wszystkich uczestnik\u00f3w procesu wychowania, aby prowadzi\u0142a ich prawdziwa nadzieja.<i><\/i><\/p>\n<p class=\"x_gmail-MsoListParagraphCxSpMiddle\"><i><span data-ogsc=\"rgb(33, 37, 41)\">2.&nbsp;&nbsp;&nbsp; <\/span><\/i>W ramach wspomnienia rocznicy zaj\u0119cia warszawskiej Pragi przez Armi\u0119 Czerwon\u0105 Towarzystwo Mi\u0142o\u015bnik\u00f3w Polskiej Tradycji i Kultury zaprasza na Msz\u0119 \u015bw. w intencji os\u00f3b zamordowanych i zadr\u0119czonych przez NKWD i UB w praskich katowniach, kt\u00f3ra odb\u0119dzie si\u0119 14.09 o godz. 12.30. Po Mszy z\u0142o\u017cenie kwiat\u00f3w pod Pomnikiem Pomordowanych przy ul. Namys\u0142owskiej 6A. <i><\/i><\/p>\n<p class=\"x_gmail-MsoListParagraphCxSpMiddle\"><i><span data-ogsc=\"rgb(33, 37, 41)\">3.&nbsp;&nbsp;&nbsp; <\/span><\/i>Z racji II niedzieli miesi\u0105ca dzi\u015b taca na inwestycje parafialne. Za &nbsp;tydzie\u0144 na seminarium duchowne. Dzi\u0119kujemy za wszystkie materialne ofiary&nbsp; sk\u0142adane na potrzeby naszej parafii.<\/p>\n<p class=\"x_gmail-MsoListParagraphCxSpMiddle\"><i><span data-ogsc=\"rgb(33, 37, 41)\">4.&nbsp;&nbsp;&nbsp; <\/span><\/i>W czwartek 18.09 \u015bwi\u0119to \u015bw. Stanis\u0142awa Kostki patrona Polski i patrona m\u0142odzie\u017cy.<\/p>\n<p class=\"x_gmail-MsoListParagraphCxSpMiddle\"><i><span data-ogsc=\"rgb(33, 37, 41)\">5.&nbsp;&nbsp;&nbsp; <\/span><\/i>Za tydzie\u0144, 21.09 na Mszy \u015bw. o godz. 11.00 po\u015bwi\u0119cenie plecak\u00f3w i przybor\u00f3w szkolnych, aby pomaga\u0142y w nauce i rozwijaniu posiadanych talent\u00f3w.<\/p>\n<p class=\"x_gmail-MsoListParagraphCxSpLast\"><i><span data-ogsc=\"rgb(33, 37, 41)\">6.&nbsp;&nbsp;&nbsp; <\/span><\/i>Za dwa tygodnie, w niedziel\u0119 28.09 po Mszy wieczornej pierwsze po wakacjach spotkanie kandydat\u00f3w do bierzmowania.<\/p>\n<p class=\"x_gmail-MsoListParagraphCxSpLast\"><i><span data-ogsc=\"rgb(33, 37, 41)\">7.&nbsp;&nbsp;&nbsp; <\/span><\/i>Od 1 stycznia 2026 roku zmieni si\u0119 porz\u0105dek niedzielnych Mszy \u015bw. Msze \u015bw. w niedziele i uroczysto\u015bci b\u0119d\u0105 odprawiane w nast\u0119puj\u0105cych godzinach: 7.30, 9.00, 10.30, 12.00 i 18.00. Nowy plan znajdziemy w gazetce parafialnej.<\/p>\n<p class=\"x_gmail-MsoListParagraphCxSpMiddle\"><i><span data-ogsc=\"rgb(33, 37, 41)\">8.&nbsp;&nbsp;&nbsp; <\/span><\/i>W zwi\u0105zku z wprowadzeniem do szk\u00f3\u0142 przedmiotu edukacja zdrowotna zach\u0119camy rodzic\u00f3w, aby przed podj\u0119ciem decyzji dobrze rozwa\u017cyli argumenty za i przeciw udzia\u0142owi dzieci w proponowanych zaj\u0119ciach.<\/p>\n<p class=\"x_gmail-MsoListParagraphCxSpLast\"><i><span data-ogsc=\"rgb(33, 37, 41)\">9.&nbsp;&nbsp;&nbsp; <\/span><\/i>Przeprowadzona w minion\u0105 niedziel\u0119 zbi\u00f3rka do puszek na Katolicki O\u015brodek Adopcyjny przynios\u0142a kwot\u0119 2120 z\u0142. Dzi\u0119kujemy wszystkim ofiarodawcom.<\/p>\n<\/div><\/section>\n","protected":false},"excerpt":{"rendered":"","protected":false},"author":1,"featured_media":3832,"comment_status":"closed","ping_status":"closed","sticky":false,"template":"","format":"standard","meta":{"ngg_post_thumbnail":0,"footnotes":""},"categories":[3],"tags":[],"class_list":["post-5957","post","type-post","status-publish","format-standard","has-post-thumbnail","hentry","category-ogloszenia-duszpasterskie"],"_links":{"self":[{"href":"https:\/\/mbloretanska.pl\/index.php?rest_route=\/wp\/v2\/posts\/5957","targetHints":{"allow":["GET"]}}],"collection":[{"href":"https:\/\/mbloretanska.pl\/index.php?rest_route=\/wp\/v2\/posts"}],"about":[{"href":"https:\/\/mbloretanska.pl\/index.php?rest_route=\/wp\/v2\/types\/post"}],"author":[{"embeddable":true,"href":"https:\/\/mbloretanska.pl\/index.php?rest_route=\/wp\/v2\/users\/1"}],"replies":[{"embeddable":true,"href":"https:\/\/mbloretanska.pl\/index.php?rest_route=%2Fwp%2Fv2%2Fcomments&post=5957"}],"version-history":[{"count":1,"href":"https:\/\/mbloretanska.pl\/index.php?rest_route=\/wp\/v2\/posts\/5957\/revisions"}],"predecessor-version":[{"id":5958,"href":"https:\/\/mbloretanska.pl\/index.php?rest_route=\/wp\/v2\/posts\/5957\/revisions\/5958"}],"wp:featuredmedia":[{"embeddable":true,"href":"https:\/\/mbloretanska.pl\/index.php?rest_route=\/wp\/v2\/media\/3832"}],"wp:attachment":[{"href":"https:\/\/mbloretanska.pl\/index.php?rest_route=%2Fwp%2Fv2%2Fmedia&parent=5957"}],"wp:term":[{"taxonomy":"category","embeddable":true,"href":"https:\/\/mbloretanska.pl\/index.php?rest_route=%2Fwp%2Fv2%2Fcategories&post=5957"},{"taxonomy":"post_tag","embeddable":true,"href":"https:\/\/mbloretanska.pl\/index.php?rest_route=%2Fwp%2Fv2%2Ftags&post=5957"}],"curies":[{"name":"wp","href":"https:\/\/api.w.org\/{rel}","templated":true}]}}