{"id":5920,"date":"2025-08-14T20:37:43","date_gmt":"2025-08-14T18:37:43","guid":{"rendered":"https:\/\/mbloretanska.pl\/?p=5920"},"modified":"2025-08-14T20:37:44","modified_gmt":"2025-08-14T18:37:44","slug":"xx-niedziela-zwykla-17-08-2025","status":"publish","type":"post","link":"https:\/\/mbloretanska.pl\/?p=5920","title":{"rendered":"XX niedziela zwyk\u0142a 17.08.2025"},"content":{"rendered":"<section  class='av_textblock_section av-mebqq2ef-f90667c4641c9712869d126b091ad702 '   itemscope=\"itemscope\" itemtype=\"https:\/\/schema.org\/BlogPosting\" itemprop=\"blogPost\" ><div class='avia_textblock'  itemprop=\"text\" ><p class=\"gmail-MsoListParagraphCxSpFirst\"><span data-ogsc=\"rgb(33, 37, 41)\">1.&nbsp;&nbsp;&nbsp;&nbsp; <\/span>Dzi\u015b imieniny biskupa Jacka Grzybowskiego. Jego osob\u0119 i prac\u0119 w naszej diecezji wspierajmy modlitw\u0105, aby owoce jego pasterskiej misji s\u0142u\u017cy\u0142y chwale Bo\u017cej oraz ludzkiemu po\u017cytkowi.<\/p>\n<p class=\"gmail-MsoListParagraphCxSpMiddle\"><span data-ogsc=\"rgb(33, 37, 41)\">2.&nbsp;&nbsp;&nbsp;&nbsp; <\/span>W przysz\u0142\u0105 niedziel\u0119 24 sierpnia ks. Tadeusz Siewko ko\u0144czy pi\u0119cioletni\u0105 prac\u0119 w naszej parafii i przenosi si\u0119 do Klembowa. W Uroczysto\u015b\u0107 NMP Cz\u0119stochowskiej 26 sierpnia pos\u0142ug\u0119 wikariusza rozpocznie ks. Pawe\u0142 Kondracki.<\/p>\n<p class=\"gmail-MsoListParagraphCxSpMiddle\"><span data-ogsc=\"rgb(33, 37, 41)\">3.&nbsp;&nbsp;&nbsp;&nbsp; <\/span>&nbsp;W najbli\u017cszym czasie s\u0105 jeszcze wolne intencje Mszy \u015bw. o godz. 7.00. W pi\u0105tek 22.08, w poniedzia\u0142ek 25.08, w kolejny pi\u0105tek 29.08 i w sobot\u0119 30.08. Wolna jest godzina 7.00.<\/p>\n<p class=\"gmail-MsoListParagraphCxSpMiddle\"><span data-ogsc=\"rgb(33, 37, 41)\">4.&nbsp;&nbsp;&nbsp;&nbsp; <\/span>Za dwa tygodnie, od 1.09 b\u0119dzie dost\u0119pna ksi\u0105\u017cka intencji mszalnych na przysz\u0142y rok. B\u0119dziemy ju\u017c mogli rezerwowa\u0107 terminy Mszy \u015bw. na rok 2026. W zwi\u0105zku z tym informujemy, \u017ce od przysz\u0142ego roku, tzn. od 1.01.2026 zmieni si\u0119 porz\u0105dek niedzielnych Mszy \u015bw. Powody tych zmian podamy po wakacjach. Msze \u015bw. w niedziele i uroczysto\u015bci ju\u017c przez ca\u0142y rok od stycznia 2026 b\u0119d\u0105 odprawiane w nast\u0119puj\u0105cych godzinach: 7.30, 9.00, 10.30, 12.00 i 18.00. Wsp\u00f3lna, parafialna tzw. Msza zbiorowa o godz. 12.00. Msze w tygodniu pozostaj\u0105 bez zmian.<\/p>\n<p class=\"gmail-MsoListParagraphCxSpMiddle\"><span data-ogsc=\"rgb(33, 37, 41)\">5.&nbsp;&nbsp;&nbsp;&nbsp; <\/span>Czekamy na zalecenia konserwatorskie umo\u017cliwiaj\u0105ce przeprowadzenie prac nad o\u0142tarzem, kt\u00f3re w ca\u0142o\u015bci musimy sfinansowa\u0107 z w\u0142asnych \u015brodk\u00f3w. Bardzo dzi\u0119kujemy za wszystkie ofiary sk\u0142adane na potrzeby naszej parafii.<\/p>\n<p class=\"gmail-MsoListParagraphCxSpMiddle\"><span data-ogsc=\"rgb(33, 37, 41)\">6.&nbsp;&nbsp;&nbsp;&nbsp; <\/span>Odpoczywaj\u0105cym na wakacjach i urlopach \u017cyczymy bezpiecznych podr\u00f3\u017cy oraz udanego wypoczynku. Solenizantom i jubilatom tego tygodnia \u017cyczymy Bo\u017cego b\u0142ogos\u0142awie\u0144stwa, mi\u0142o\u015bci od bliskich i opieki \u015bwi\u0119tych patron\u00f3w.<\/p>\n<\/div><\/section>\n","protected":false},"excerpt":{"rendered":"","protected":false},"author":1,"featured_media":3832,"comment_status":"closed","ping_status":"closed","sticky":false,"template":"","format":"standard","meta":{"ngg_post_thumbnail":0,"footnotes":""},"categories":[3],"tags":[],"class_list":["post-5920","post","type-post","status-publish","format-standard","has-post-thumbnail","hentry","category-ogloszenia-duszpasterskie"],"_links":{"self":[{"href":"https:\/\/mbloretanska.pl\/index.php?rest_route=\/wp\/v2\/posts\/5920","targetHints":{"allow":["GET"]}}],"collection":[{"href":"https:\/\/mbloretanska.pl\/index.php?rest_route=\/wp\/v2\/posts"}],"about":[{"href":"https:\/\/mbloretanska.pl\/index.php?rest_route=\/wp\/v2\/types\/post"}],"author":[{"embeddable":true,"href":"https:\/\/mbloretanska.pl\/index.php?rest_route=\/wp\/v2\/users\/1"}],"replies":[{"embeddable":true,"href":"https:\/\/mbloretanska.pl\/index.php?rest_route=%2Fwp%2Fv2%2Fcomments&post=5920"}],"version-history":[{"count":1,"href":"https:\/\/mbloretanska.pl\/index.php?rest_route=\/wp\/v2\/posts\/5920\/revisions"}],"predecessor-version":[{"id":5921,"href":"https:\/\/mbloretanska.pl\/index.php?rest_route=\/wp\/v2\/posts\/5920\/revisions\/5921"}],"wp:featuredmedia":[{"embeddable":true,"href":"https:\/\/mbloretanska.pl\/index.php?rest_route=\/wp\/v2\/media\/3832"}],"wp:attachment":[{"href":"https:\/\/mbloretanska.pl\/index.php?rest_route=%2Fwp%2Fv2%2Fmedia&parent=5920"}],"wp:term":[{"taxonomy":"category","embeddable":true,"href":"https:\/\/mbloretanska.pl\/index.php?rest_route=%2Fwp%2Fv2%2Fcategories&post=5920"},{"taxonomy":"post_tag","embeddable":true,"href":"https:\/\/mbloretanska.pl\/index.php?rest_route=%2Fwp%2Fv2%2Ftags&post=5920"}],"curies":[{"name":"wp","href":"https:\/\/api.w.org\/{rel}","templated":true}]}}