{"id":5912,"date":"2025-08-04T09:12:11","date_gmt":"2025-08-04T07:12:11","guid":{"rendered":"https:\/\/mbloretanska.pl\/?p=5912"},"modified":"2025-08-04T09:12:12","modified_gmt":"2025-08-04T07:12:12","slug":"intencje-mszalne-03-09-08-2025","status":"publish","type":"post","link":"https:\/\/mbloretanska.pl\/?p=5912","title":{"rendered":"intencje mszalne 03-09.08.2025"},"content":{"rendered":"<section  class='av_textblock_section av-mdwruiep-7c9c071487426f5a0862237eab0fd7ed '   itemscope=\"itemscope\" itemtype=\"https:\/\/schema.org\/BlogPosting\" itemprop=\"blogPost\" ><div class='avia_textblock'  itemprop=\"text\" ><table style=\"font-weight: 400;\" width=\"699\">\n<tbody>\n<tr>\n<td colspan=\"2\" width=\"699\"><strong>&nbsp;<\/strong><\/td>\n<\/tr>\n<tr>\n<td colspan=\"2\" width=\"699\">\n<p style=\"text-align: center;\"><strong>XVIII NIEDZIELA ZWYK\u0141A&nbsp;&nbsp; <\/strong><\/p>\n<p style=\"text-align: center;\"><strong>(3 sierpnia 2025 r.)<\/strong><\/p>\n<\/td>\n<\/tr>\n<tr>\n<td width=\"56\"><strong>7:00<\/strong><\/td>\n<td width=\"643\">+ Zofi\u0119, Maksymiliana, Grzegorza, Jana PAWLIK, zm. z c.r. PAWLIK\u00d3W.<\/td>\n<\/tr>\n<tr>\n<td width=\"56\"><strong>8:30<\/strong><\/td>\n<td width=\"643\">+ Stanis\u0142awa KOCZARA (11 r. \u015bm.) i Zbigniewa TALAREK (z racji urodzin).<\/td>\n<\/tr>\n<tr>\n<td width=\"56\"><strong>10:00<\/strong><\/td>\n<td width=\"643\">+ Mariana, Iren\u0119 Aleksandr\u0119, Franciszka SZCZE\u015aNIK\u00d3W, Lucyn\u0119, Henryka S\u0141OMCZY\u0143SKICH oraz Stefani\u0119 i Jana ONISZK\u00d3W.<\/td>\n<\/tr>\n<tr>\n<td width=\"56\"><strong>11:00<\/strong><\/td>\n<td width=\"643\"><strong>MSZA ZBIOROWA<\/strong><\/p>\n<p>\u00b7&nbsp;&nbsp;&nbsp;&nbsp;&nbsp; Intencja dzi\u0119kczynna za ocalenie.<\/p>\n<p>+ Teres\u0119 i Feliksa KASZYCA.<\/p>\n<p>+ Magdalen\u0119 PIEKARSK\u0104 (30 dni po pogrzebie).<\/td>\n<\/tr>\n<tr>\n<td width=\"56\"><strong>18:00<\/strong><\/td>\n<td width=\"643\">+ Wand\u0119 OLESZCZUK (greg. 3.)<\/td>\n<\/tr>\n<tr>\n<td colspan=\"2\" width=\"699\"><strong>&nbsp;<\/strong><\/td>\n<\/tr>\n<tr>\n<td colspan=\"2\" width=\"699\">\n<p style=\"text-align: center;\"><strong>PONIEDZIA\u0141EK (4 sierpnia)<\/strong><\/p>\n<\/td>\n<\/tr>\n<tr>\n<td width=\"56\"><strong>7:00<\/strong><\/td>\n<td width=\"643\">+ Stefana MILEWSKIEGO i zm. z r. MILEWSKICH i STYBRZY\u0143SKICH.<\/td>\n<\/tr>\n<tr>\n<td width=\"56\"><strong>8:00<\/strong><\/td>\n<td width=\"643\">+ Wand\u0119 OLESZCZUK (greg. 4.)<\/td>\n<\/tr>\n<tr>\n<td width=\"56\"><strong>18:00<\/strong><\/td>\n<td width=\"643\">+ Mari\u0119 DUCH (18 r. \u015bm.)<\/td>\n<\/tr>\n<tr>\n<td colspan=\"2\" width=\"699\">&nbsp;<\/td>\n<\/tr>\n<tr>\n<td colspan=\"2\" width=\"699\">\n<p style=\"text-align: center;\"><strong>WTOREK (5 sierpnia)<\/strong><\/p>\n<\/td>\n<\/tr>\n<tr>\n<td width=\"56\"><strong>7:00<\/strong><\/td>\n<td width=\"643\">+ Mieczys\u0142awa KUCHARKA (19 r. \u015bm.)<\/td>\n<\/tr>\n<tr>\n<td width=\"56\"><strong>8:00<\/strong><\/td>\n<td width=\"643\">+ Wand\u0119 OLESZCZUK (greg. 5.)<\/td>\n<\/tr>\n<tr>\n<td width=\"56\"><strong>18:00<\/strong><\/td>\n<td width=\"643\">\u00b7&nbsp;&nbsp;&nbsp;&nbsp;&nbsp; W intencji dzieci: Joanny i Paw\u0142a, Grzegorza i Katarzyny oraz o b\u0142ogos\u0142awie\u0144stwo Bo\u017ce dla Alicji.<\/td>\n<\/tr>\n<tr>\n<td colspan=\"2\" width=\"699\">&nbsp;<\/td>\n<\/tr>\n<tr>\n<td colspan=\"2\" width=\"699\">\n<p style=\"text-align: center;\"><strong>\u015aRODA&nbsp; (6 sierpnia)<\/strong><\/p>\n<p style=\"text-align: center;\"><strong>Przemienienie Pa\u0144skie \u2013 \u015bwi\u0119to <\/strong><\/p>\n<\/td>\n<\/tr>\n<tr>\n<td width=\"56\"><strong>7:00<\/strong><\/td>\n<td width=\"643\">+ Wand\u0119 OLESZCZUK (greg. 6.)<\/td>\n<\/tr>\n<tr>\n<td width=\"56\"><strong>8:00<\/strong><\/td>\n<td width=\"643\">+ Jana KOWALKOWSKIEGO, Mariann\u0119 i Franciszka MIELNICKICH.<\/td>\n<\/tr>\n<tr>\n<td width=\"56\"><strong>17:45<\/strong><\/td>\n<td width=\"643\">&nbsp;<strong>NOWENNA<\/strong><\/p>\n<p>+ Mariann\u0119 i W\u0142adys\u0142awa KO\u0141ODZIEJCZYK.<\/td>\n<\/tr>\n<tr>\n<td colspan=\"2\" width=\"699\"><strong>&nbsp;<\/strong><\/td>\n<\/tr>\n<tr>\n<td colspan=\"2\" width=\"699\"><strong>CZWARTEK&nbsp; (7 sierpnia)<\/strong><\/td>\n<\/tr>\n<tr>\n<td width=\"56\"><strong>7:00<\/strong><\/td>\n<td width=\"643\">+ Adama RY\u017bY (9 r. \u015bm.), Barbar\u0119 i Henryka BRZUCHACZ (5 r. \u015bm.)<\/td>\n<\/tr>\n<tr>\n<td width=\"56\"><strong>8:00<\/strong><\/td>\n<td width=\"643\">+ Wand\u0119 OLESZCZUK (greg. 7.)<\/td>\n<\/tr>\n<tr>\n<td width=\"56\"><strong>18:00<\/strong><\/td>\n<td width=\"643\">&nbsp;<\/td>\n<\/tr>\n<tr>\n<td colspan=\"2\" width=\"699\"><strong>&nbsp;<\/strong><\/td>\n<\/tr>\n<tr>\n<td colspan=\"2\" width=\"699\">\n<p style=\"text-align: center;\"><strong>PI\u0104TEK&nbsp; (8 sierpnia)<\/strong><\/p>\n<p style=\"text-align: center;\"><strong>\u015aw. Dominika, prezbitera \u2013 wspomnienie <\/strong><\/p>\n<\/td>\n<\/tr>\n<tr>\n<td width=\"56\"><strong>7:00<\/strong><\/td>\n<td width=\"643\">+ Urszul\u0119 SOBO\u0143.<\/td>\n<\/tr>\n<tr>\n<td width=\"56\"><strong>8:00<\/strong><\/td>\n<td width=\"643\">+ Wand\u0119 OLESZCZUK (greg 8.)<\/td>\n<\/tr>\n<tr>\n<td width=\"56\"><strong>18:00<\/strong><\/td>\n<td width=\"643\">+ Kazimierza Kajetana PUD\u0141O (27 r. \u015bm.), jego tat\u0119 Tadeusza oraz za dziadk\u00f3w<br \/>\n&nbsp;&nbsp; z obojga stron.<\/td>\n<\/tr>\n<tr>\n<td colspan=\"2\" width=\"699\"><strong>&nbsp;<\/strong><\/td>\n<\/tr>\n<tr>\n<td colspan=\"2\" width=\"699\">\n<p style=\"text-align: center;\"><strong>SOBOTA (9 sierpnia)<\/strong><\/p>\n<\/td>\n<\/tr>\n<tr>\n<td width=\"56\"><strong>7:00<\/strong><\/td>\n<td width=\"643\">+ Andrzeja ZAJ\u0104CA i zmar\u0142ych z c.r. ZAJ\u0104C\u00d3W i ZGADZAJSKICH.<\/td>\n<\/tr>\n<tr>\n<td width=\"56\"><strong>8:00<\/strong><\/td>\n<td width=\"643\">1)&nbsp;&nbsp;&nbsp; W intencji czcicieli \u015bw. Micha\u0142a Archanio\u0142a.<\/p>\n<p>2)&nbsp;&nbsp;&nbsp; + (greg. 9.)<\/td>\n<\/tr>\n<tr>\n<td width=\"56\"><strong>18:00<\/strong><\/td>\n<td width=\"643\">&nbsp;<\/td>\n<\/tr>\n<\/tbody>\n<\/table>\n<\/div><\/section>\n","protected":false},"excerpt":{"rendered":"","protected":false},"author":1,"featured_media":3833,"comment_status":"closed","ping_status":"closed","sticky":false,"template":"","format":"standard","meta":{"ngg_post_thumbnail":0,"footnotes":""},"categories":[6],"tags":[],"class_list":["post-5912","post","type-post","status-publish","format-standard","has-post-thumbnail","hentry","category-intencje-mszalne"],"_links":{"self":[{"href":"https:\/\/mbloretanska.pl\/index.php?rest_route=\/wp\/v2\/posts\/5912","targetHints":{"allow":["GET"]}}],"collection":[{"href":"https:\/\/mbloretanska.pl\/index.php?rest_route=\/wp\/v2\/posts"}],"about":[{"href":"https:\/\/mbloretanska.pl\/index.php?rest_route=\/wp\/v2\/types\/post"}],"author":[{"embeddable":true,"href":"https:\/\/mbloretanska.pl\/index.php?rest_route=\/wp\/v2\/users\/1"}],"replies":[{"embeddable":true,"href":"https:\/\/mbloretanska.pl\/index.php?rest_route=%2Fwp%2Fv2%2Fcomments&post=5912"}],"version-history":[{"count":1,"href":"https:\/\/mbloretanska.pl\/index.php?rest_route=\/wp\/v2\/posts\/5912\/revisions"}],"predecessor-version":[{"id":5913,"href":"https:\/\/mbloretanska.pl\/index.php?rest_route=\/wp\/v2\/posts\/5912\/revisions\/5913"}],"wp:featuredmedia":[{"embeddable":true,"href":"https:\/\/mbloretanska.pl\/index.php?rest_route=\/wp\/v2\/media\/3833"}],"wp:attachment":[{"href":"https:\/\/mbloretanska.pl\/index.php?rest_route=%2Fwp%2Fv2%2Fmedia&parent=5912"}],"wp:term":[{"taxonomy":"category","embeddable":true,"href":"https:\/\/mbloretanska.pl\/index.php?rest_route=%2Fwp%2Fv2%2Fcategories&post=5912"},{"taxonomy":"post_tag","embeddable":true,"href":"https:\/\/mbloretanska.pl\/index.php?rest_route=%2Fwp%2Fv2%2Ftags&post=5912"}],"curies":[{"name":"wp","href":"https:\/\/api.w.org\/{rel}","templated":true}]}}