{"id":5907,"date":"2025-07-31T12:55:26","date_gmt":"2025-07-31T10:55:26","guid":{"rendered":"https:\/\/mbloretanska.pl\/?p=5907"},"modified":"2025-07-31T12:56:26","modified_gmt":"2025-07-31T10:56:26","slug":"xviii-niedziela-zwykla-03-08-2025","status":"publish","type":"post","link":"https:\/\/mbloretanska.pl\/?p=5907","title":{"rendered":"XVIII niedziela zwyk\u0142a 03.08.2025"},"content":{"rendered":"<section  class='av_textblock_section av-mdra1qsu-dd7ee56480cd66c2804eb2a49dadd6a7 '   itemscope=\"itemscope\" itemtype=\"https:\/\/schema.org\/BlogPosting\" itemprop=\"blogPost\" ><div class='avia_textblock'  itemprop=\"text\" ><ol>\n<li style=\"font-weight: 400;\">Dzisiaj z racji I niedzieli miesi\u0105ca o godz. 17.00 wystawienie Naj\u015bwi\u0119tszego Sakramentu, o 17.30 nabo\u017ce\u0144stwo eucharystyczne.<\/li>\n<li style=\"font-weight: 400;\">W \u015brod\u0119 6.08 \u015bwi\u0119to Przemienienia Pa\u0144skiego, a w sobot\u0119 9.08 \u015bwi\u0119to \u015bw. Edyty Stein \u2013 Teresy Benedykty od Krzy\u017ca, patronki Europy.<\/li>\n<li style=\"font-weight: 400;\">Sierpie\u0144 to czas szczeg\u00f3lnej modlitwy o trze\u017awo\u015b\u0107 naszego narodu. Miejmy odwag\u0119 do\u0142\u0105czy\u0107 t\u0119 intencj\u0119 do swoich pacierzy. W duchu solidarno\u015bci i wsparcia dla os\u00f3b uzale\u017cnionych mo\u017cemy ofiarowa\u0107 im dar swojej czasowej abstynencji.&nbsp;&nbsp;&nbsp;&nbsp;&nbsp;&nbsp;&nbsp;&nbsp;&nbsp;&nbsp;&nbsp;&nbsp;&nbsp;&nbsp;&nbsp;&nbsp;&nbsp;&nbsp;&nbsp;&nbsp;&nbsp;&nbsp;&nbsp;<\/li>\n<li style=\"font-weight: 400;\">Zgodnie z naszym zwyczajem ksi\u0105\u017cka intencji mszalnych na przysz\u0142y rok b\u0119dzie dost\u0119pna ju\u017c od 1 wrze\u015bnia. Po tym terminie b\u0119dziemy mogli rezerwowa\u0107 Msze \u015bwi\u0119te na rok 2026.<\/li>\n<li style=\"font-weight: 400;\">Czekamy na zalecenia konserwatorskie umo\u017cliwiaj\u0105ce przeprowadzenie prac nad o\u0142tarzem. Gdy otrzymamy zgod\u0119 konserwatora zabytk\u00f3w do prezbiterium powr\u00f3ci rusztowanie i przeprowadzimy w\u0142a\u015bciw\u0105 renowacj\u0119 tej przestrzeni.<\/li>\n<li style=\"font-weight: 400;\">Rozpocz\u0105\u0142 III etap remontu dachu ko\u015bcio\u0142a. Ze wzgl\u0119du na prowadzone prace &nbsp;wej\u015bcie od strony zachodniej jest wy\u0142\u0105czone z u\u017cytkowania. Korzystajmy z wej\u015b\u0107 od ul. Ratuszowej i od ul. Jagiello\u0144skiej.<\/li>\n<li style=\"font-weight: 400;\">Otrzymujemy informacje o pr\u00f3bach okradania mieszka\u0144 tak\u017ce na terenie naszej parafii. Prosimy wi\u0119c o wi\u0119ksz\u0105 ostro\u017cno\u015b\u0107 i czujno\u015b\u0107 &#8211; szczeg\u00f3lnie wobec os\u00f3b budz\u0105cych z wygl\u0105du zaufanie i takich, kt\u00f3re prosz\u0105 o udzielenie pomocy.<\/li>\n<li style=\"font-weight: 400;\">Odpoczywaj\u0105cym na wakacjach i urlopach \u017cyczymy bezpiecznych podr\u00f3\u017cy oraz udanego wypoczynku.<\/li>\n<\/ol>\n<\/div><\/section>\n","protected":false},"excerpt":{"rendered":"","protected":false},"author":1,"featured_media":3832,"comment_status":"closed","ping_status":"closed","sticky":false,"template":"","format":"standard","meta":{"ngg_post_thumbnail":0,"footnotes":""},"categories":[3],"tags":[],"class_list":["post-5907","post","type-post","status-publish","format-standard","has-post-thumbnail","hentry","category-ogloszenia-duszpasterskie"],"_links":{"self":[{"href":"https:\/\/mbloretanska.pl\/index.php?rest_route=\/wp\/v2\/posts\/5907","targetHints":{"allow":["GET"]}}],"collection":[{"href":"https:\/\/mbloretanska.pl\/index.php?rest_route=\/wp\/v2\/posts"}],"about":[{"href":"https:\/\/mbloretanska.pl\/index.php?rest_route=\/wp\/v2\/types\/post"}],"author":[{"embeddable":true,"href":"https:\/\/mbloretanska.pl\/index.php?rest_route=\/wp\/v2\/users\/1"}],"replies":[{"embeddable":true,"href":"https:\/\/mbloretanska.pl\/index.php?rest_route=%2Fwp%2Fv2%2Fcomments&post=5907"}],"version-history":[{"count":3,"href":"https:\/\/mbloretanska.pl\/index.php?rest_route=\/wp\/v2\/posts\/5907\/revisions"}],"predecessor-version":[{"id":5910,"href":"https:\/\/mbloretanska.pl\/index.php?rest_route=\/wp\/v2\/posts\/5907\/revisions\/5910"}],"wp:featuredmedia":[{"embeddable":true,"href":"https:\/\/mbloretanska.pl\/index.php?rest_route=\/wp\/v2\/media\/3832"}],"wp:attachment":[{"href":"https:\/\/mbloretanska.pl\/index.php?rest_route=%2Fwp%2Fv2%2Fmedia&parent=5907"}],"wp:term":[{"taxonomy":"category","embeddable":true,"href":"https:\/\/mbloretanska.pl\/index.php?rest_route=%2Fwp%2Fv2%2Fcategories&post=5907"},{"taxonomy":"post_tag","embeddable":true,"href":"https:\/\/mbloretanska.pl\/index.php?rest_route=%2Fwp%2Fv2%2Ftags&post=5907"}],"curies":[{"name":"wp","href":"https:\/\/api.w.org\/{rel}","templated":true}]}}