{"id":5903,"date":"2025-07-25T09:16:32","date_gmt":"2025-07-25T07:16:32","guid":{"rendered":"https:\/\/mbloretanska.pl\/?p=5903"},"modified":"2025-07-25T09:16:33","modified_gmt":"2025-07-25T07:16:33","slug":"intencje-mszalne-27-07-02-08-2025","status":"publish","type":"post","link":"https:\/\/mbloretanska.pl\/?p=5903","title":{"rendered":"intencje mszalne 27.07-02.08.2025"},"content":{"rendered":"<section  class='av_textblock_section av-mdihm0ta-01456c7358233401a47576597d46acef '   itemscope=\"itemscope\" itemtype=\"https:\/\/schema.org\/BlogPosting\" itemprop=\"blogPost\" ><div class='avia_textblock'  itemprop=\"text\" ><table style=\"font-weight: 400;\" width=\"699\">\n<tbody>\n<tr>\n<td colspan=\"2\" width=\"699\"><strong>&nbsp;<\/strong><\/td>\n<\/tr>\n<tr>\n<td colspan=\"2\" width=\"699\">\n<p style=\"text-align: center;\"><strong>XVII NIEDZIELA ZWYK\u0141A <\/strong><strong>(27 lipca 2025 r.)<\/strong><\/p>\n<\/td>\n<\/tr>\n<tr>\n<td width=\"56\"><strong>7:00<\/strong><\/td>\n<td width=\"643\">+ Stanis\u0142aw\u0119 GWIAZDA (greg. 27.)<\/td>\n<\/tr>\n<tr>\n<td width=\"56\"><strong>8:30<\/strong><\/td>\n<td width=\"643\">+ Stanis\u0142awa TOPCZEWSKIEGO, Ann\u0119 i Stefana RATY\u0143SKICH.<\/td>\n<\/tr>\n<tr>\n<td width=\"56\"><strong>10:00<\/strong><\/td>\n<td width=\"643\">+ Janusza w 19 r. \u015bm., Genowef\u0119, Wiktora, Paw\u0142a JASI\u0143SKICH, Aniel\u0119, Jana, Stanis\u0142aw\u0119<br \/>\n&nbsp;&nbsp; Tomasza, Piotra ZIELI\u0143SKICH oraz Janusza R\u00d3\u017bYCKIEGO.<\/td>\n<\/tr>\n<tr>\n<td width=\"56\"><strong>11:00<\/strong><\/td>\n<td width=\"643\"><strong>MSZA ZBIOROWA<\/strong><\/p>\n<p>\u00b7&nbsp;&nbsp;&nbsp;&nbsp;&nbsp; Intencja imieninowa o zdrowie, b\u0142og. Bo\u017ce i potrzebne \u0142aski dla Miros\u0142awy SUCHOCKIEJ.<\/p>\n<p>+ Bogdana NIEMCZEWSKIEGO (3 r. \u015bm.) i zm. z r. NIEMCZEWSKICH<br \/>\n&nbsp;&nbsp; i BURZYCKICH.<\/p>\n<p>+ Teres\u0119 i Feliksa KASZYCA.<\/p>\n<p>+ Krzysztofa SOBICI\u0143SKIEGO (30 dni po \u015bm.)<\/p>\n<p>+ Henryk\u0119 WIATRZYK (miesi\u0105c po \u015bm.) oraz o potrzebne \u0142aski dla dzieci i ca\u0142ej rodziny.<\/p>\n<p>+ Janusza CZAPLICKIEGO (8 r. \u015bm.), Marka JANCZEWSKIEGO,<br \/>\n&nbsp;&nbsp; Sebastiana SZADKOWSKIEGO (25 r. \u015bm.)<\/p>\n<p>+ Natali\u0119 PANASIUK (o \u017cycie wieczne z Bogiem)<\/p>\n<p>+ Jolant\u0119 SKOREK (30 dni po \u015bm.) \u2013 int. od uczestnik\u00f3w pogrzebu.<\/p>\n<p>+ Krzysztofa MIKO\u0141AJCZUKA (z racji imienin).<\/td>\n<\/tr>\n<tr>\n<td width=\"56\"><strong>18:00<\/strong><\/td>\n<td width=\"643\">+ Urszul\u0119 KOWALSK\u0104 (w rocznic\u0119 \u015bmierci).<\/td>\n<\/tr>\n<tr>\n<td colspan=\"2\" width=\"699\"><strong>&nbsp;<\/strong><\/td>\n<\/tr>\n<tr>\n<td colspan=\"2\" width=\"699\">\n<p style=\"text-align: center;\"><strong>PONIEDZIA\u0141EK (28 lipca)<\/strong><\/p>\n<\/td>\n<\/tr>\n<tr>\n<td width=\"56\"><strong>7:00<\/strong><\/td>\n<td width=\"643\">+ W\u0142adys\u0142aw\u0119 PARYS (25 r. \u015bm.) oraz Waldemara BEJM (8 r. \u015bm.)<\/td>\n<\/tr>\n<tr>\n<td width=\"56\"><strong>8:00<\/strong><\/td>\n<td width=\"643\">&nbsp;<\/td>\n<\/tr>\n<tr>\n<td width=\"56\"><strong>18:00<\/strong><\/td>\n<td width=\"643\">+ Stanis\u0142aw\u0119 GWIAZDA (greg. 28.)<\/td>\n<\/tr>\n<tr>\n<td colspan=\"2\" width=\"699\">&nbsp;<\/td>\n<\/tr>\n<tr>\n<td colspan=\"2\" width=\"699\">\n<p style=\"text-align: center;\"><strong>WTOREK (29 lipca)<\/strong><\/p>\n<p style=\"text-align: center;\"><strong>\u015aw. Marty \u2013 wspomnienie <\/strong><\/p>\n<\/td>\n<\/tr>\n<tr>\n<td width=\"56\"><strong>7:00<\/strong><\/td>\n<td width=\"643\">1)&nbsp;&nbsp;&nbsp; Intencja dzi\u0119kczynno-b\u0142agalna w 39 r. urodzin Marii.<\/p>\n<p>2)&nbsp;&nbsp;&nbsp; + Stanis\u0142aw\u0119 GWIAZDA (greg. 29.)<\/td>\n<\/tr>\n<tr>\n<td width=\"56\"><strong>8:00<\/strong><\/td>\n<td width=\"643\">+ Jana KOWALKOWSKIEGO, Mariann\u0119 i Franciszka MIELNICKICH.<\/td>\n<\/tr>\n<tr>\n<td width=\"56\"><strong>18:00<\/strong><\/td>\n<td width=\"643\">+ Danut\u0119 WOWK (11 r. \u015bm.)<\/td>\n<\/tr>\n<tr>\n<td colspan=\"2\" width=\"699\">&nbsp;<\/td>\n<\/tr>\n<tr>\n<td colspan=\"2\" width=\"699\">\n<p style=\"text-align: center;\"><strong>\u015aRODA (30 lipca)<\/strong><\/p>\n<\/td>\n<\/tr>\n<tr>\n<td width=\"56\"><strong>7:00<\/strong><\/td>\n<td width=\"643\">&nbsp;<\/td>\n<\/tr>\n<tr>\n<td width=\"56\"><strong>8:00<\/strong><\/td>\n<td width=\"643\">+ &nbsp;Stanis\u0142aw\u0119 GWIAZDA (greg. 30.)<\/td>\n<\/tr>\n<tr>\n<td width=\"56\"><strong>17:45<\/strong><\/td>\n<td width=\"643\">&nbsp;<strong>NOWENNA<\/strong><\/p>\n<p>+ Janin\u0119 (35 r. \u015bm.), Jana i Marka ROSTEK.<\/td>\n<\/tr>\n<tr>\n<td colspan=\"2\" width=\"699\"><strong>&nbsp;<\/strong><\/td>\n<\/tr>\n<tr>\n<td colspan=\"2\" width=\"699\">\n<p style=\"text-align: center;\"><strong>CZWARTEK (31 lipca)<\/strong><\/p>\n<p style=\"text-align: center;\"><strong>\u015aw. Ignacego Loyoli, prezbitera \u2013 wspomnienie<\/strong><\/p>\n<\/td>\n<\/tr>\n<tr>\n<td width=\"56\"><strong>7:00<\/strong><\/td>\n<td width=\"643\">&nbsp;<\/td>\n<\/tr>\n<tr>\n<td width=\"56\"><strong>8:00<\/strong><\/td>\n<td width=\"643\">+ Zbigniewa TOMCZAKA (4 r. \u015bm.)<\/td>\n<\/tr>\n<tr>\n<td width=\"56\"><strong>18:00<\/strong><\/td>\n<td width=\"643\">+ Ignacego PUTKOWSKIEGO (12 r. \u015bm.)<\/td>\n<\/tr>\n<tr>\n<td colspan=\"2\" width=\"699\"><strong>&nbsp;<\/strong><\/td>\n<\/tr>\n<tr>\n<td colspan=\"2\" width=\"699\">\n<p style=\"text-align: center;\"><strong>PI\u0104TEK (1 sierpnia)<\/strong><\/p>\n<p style=\"text-align: center;\"><strong>\u015aw. Alfonsa Marii Liguoriego, biskupa i doktora Ko\u015bcio\u0142a \u2013 wspomnienie <\/strong><\/p>\n<\/td>\n<\/tr>\n<tr>\n<td width=\"56\"><strong>7:00<\/strong><\/td>\n<td width=\"643\">\u00b7&nbsp;&nbsp;&nbsp;&nbsp;&nbsp; O uzdrowienie z choroby nowotworowej Ani i Kasi oraz \u0142ask\u0119 nawr\u00f3cenia dla Huberta<br \/>\nAdeliny, Kamili, Marcina, Dominiki i Amadeusza.&nbsp;<\/td>\n<\/tr>\n<tr>\n<td width=\"56\"><strong>8:00<\/strong><\/td>\n<td width=\"643\">\u00b7&nbsp;&nbsp;&nbsp;&nbsp;&nbsp; W intencjach czcicieli \u017bywego R\u00f3\u017ca\u0144ca i Legionu Maryi.<\/td>\n<\/tr>\n<tr>\n<td width=\"56\"><strong>18:00<\/strong><\/td>\n<td width=\"643\">+ Wand\u0119 OLESZCZUK (greg 1.)<\/td>\n<\/tr>\n<tr>\n<td colspan=\"2\" width=\"699\"><strong>&nbsp;<\/strong><\/td>\n<\/tr>\n<tr>\n<td colspan=\"2\" width=\"699\">\n<p style=\"text-align: center;\"><strong>SOBOTA (2 lipca)<\/strong><\/p>\n<\/td>\n<\/tr>\n<tr>\n<td width=\"56\"><strong>7:00<\/strong><\/td>\n<td width=\"643\">+ Wand\u0119 OLESZCZUK (greg. 2.)<\/td>\n<\/tr>\n<tr>\n<td width=\"56\"><strong>8:00<\/strong><\/td>\n<td width=\"643\">+ Jana ZAKRZEWSKIEGO (14 r. \u015bm.)<\/td>\n<\/tr>\n<tr>\n<td width=\"56\"><strong>18:00<\/strong><\/td>\n<td width=\"643\">+ Stanis\u0142awa G\u0141USZCZAKA (25 r. \u015bm.) i jego rodzic\u00f3w.<\/td>\n<\/tr>\n<\/tbody>\n<\/table>\n<p style=\"font-weight: 400;\">&nbsp;<\/p>\n<\/div><\/section>\n","protected":false},"excerpt":{"rendered":"","protected":false},"author":1,"featured_media":3833,"comment_status":"closed","ping_status":"closed","sticky":false,"template":"","format":"standard","meta":{"ngg_post_thumbnail":0,"footnotes":""},"categories":[3],"tags":[],"class_list":["post-5903","post","type-post","status-publish","format-standard","has-post-thumbnail","hentry","category-ogloszenia-duszpasterskie"],"_links":{"self":[{"href":"https:\/\/mbloretanska.pl\/index.php?rest_route=\/wp\/v2\/posts\/5903","targetHints":{"allow":["GET"]}}],"collection":[{"href":"https:\/\/mbloretanska.pl\/index.php?rest_route=\/wp\/v2\/posts"}],"about":[{"href":"https:\/\/mbloretanska.pl\/index.php?rest_route=\/wp\/v2\/types\/post"}],"author":[{"embeddable":true,"href":"https:\/\/mbloretanska.pl\/index.php?rest_route=\/wp\/v2\/users\/1"}],"replies":[{"embeddable":true,"href":"https:\/\/mbloretanska.pl\/index.php?rest_route=%2Fwp%2Fv2%2Fcomments&post=5903"}],"version-history":[{"count":1,"href":"https:\/\/mbloretanska.pl\/index.php?rest_route=\/wp\/v2\/posts\/5903\/revisions"}],"predecessor-version":[{"id":5904,"href":"https:\/\/mbloretanska.pl\/index.php?rest_route=\/wp\/v2\/posts\/5903\/revisions\/5904"}],"wp:featuredmedia":[{"embeddable":true,"href":"https:\/\/mbloretanska.pl\/index.php?rest_route=\/wp\/v2\/media\/3833"}],"wp:attachment":[{"href":"https:\/\/mbloretanska.pl\/index.php?rest_route=%2Fwp%2Fv2%2Fmedia&parent=5903"}],"wp:term":[{"taxonomy":"category","embeddable":true,"href":"https:\/\/mbloretanska.pl\/index.php?rest_route=%2Fwp%2Fv2%2Fcategories&post=5903"},{"taxonomy":"post_tag","embeddable":true,"href":"https:\/\/mbloretanska.pl\/index.php?rest_route=%2Fwp%2Fv2%2Ftags&post=5903"}],"curies":[{"name":"wp","href":"https:\/\/api.w.org\/{rel}","templated":true}]}}