{"id":5901,"date":"2025-07-25T09:00:29","date_gmt":"2025-07-25T07:00:29","guid":{"rendered":"https:\/\/mbloretanska.pl\/?p=5901"},"modified":"2025-07-25T09:00:30","modified_gmt":"2025-07-25T07:00:30","slug":"xvii-niedziela-zwykla-27-07-2025","status":"publish","type":"post","link":"https:\/\/mbloretanska.pl\/?p=5901","title":{"rendered":"XVII niedziela zwyk\u0142a 27.07.2025"},"content":{"rendered":"<section  class='av_textblock_section av-mdih0stj-abde9b62741ec00011a89a11f58c1462 '   itemscope=\"itemscope\" itemtype=\"https:\/\/schema.org\/BlogPosting\" itemprop=\"blogPost\" ><div class='avia_textblock'  itemprop=\"text\" ><ol>\n<li style=\"font-weight: 400;\">Dzisiaj \u015awiatowy Dzie\u0144 Dziadk\u00f3w i Os\u00f3b Starszych ustanowiony przez papie\u017ca Franciszka w blisko\u015bci wspomnienia \u015bw. Joachima i \u015bw. Anny \u2013 dziadk\u00f3w Pana Jezusa. Z tej racji nasze babcie i naszych dziadk\u00f3w otaczamy wdzi\u0119czn\u0105 modlitw\u0105.<\/li>\n<li style=\"font-weight: 400;\">Z racji wspomnienia \u015bw. Krzysztofa patrona kierowc\u00f3w, dzi\u015b na zako\u0144czenie ka\u017cdej Mszy \u015bw. b\u0119dzie specjalne b\u0142ogos\u0142awie\u0144stwo dla wszystkich uczestnik\u00f3w ruchu drogowego. Gdyby kto\u015b chcia\u0142 indywidualnie po\u015bwi\u0119ci\u0107 sw\u00f3j pojazd prosimy o zg\u0142oszenie si\u0119 bezpo\u015brednio do ksi\u0119dza.<\/li>\n<li style=\"font-weight: 400;\">W pi\u0105tek 1-go sierpnia przypada 81. rocznica wybuchu Powstania Warszawskiego. Nasz\u0105 modlitw\u0119 uzupe\u0142ni d\u017awi\u0119k dzwon\u00f3w, kt\u00f3re w\u0142\u0105czymy w godzinie \u201eW\u201d.<\/li>\n<li style=\"font-weight: 400;\">Rozpocz\u0119\u0142y si\u0119 prace remontowe i konserwatorskie. Ze wzgl\u0119du na rusztowania wej\u015bcie do ko\u015bcio\u0142a od strony zachodniej jest wy\u0142\u0105czone z u\u017cytkowania. Korzystajmy z wej\u015b\u0107 od ul. Ratuszowej i od ul. Jagiello\u0144skiej. Na czas prac konserwatorskich nad o\u0142tarzem Msze \u015bw. b\u0119d\u0105 odprawiane w Domku Loreta\u0144skim.<\/li>\n<li style=\"font-weight: 400;\">W tym tygodniu przypada I pi\u0105tek i I sobota miesi\u0105ca. Msze \u015bw. o Naj\u015bwi\u0119tszym Serca Pana Jezusa i Niepokalanym Sercu Maryi o sta\u0142ych porach.&nbsp; &nbsp;&nbsp;&nbsp;&nbsp;&nbsp;&nbsp;&nbsp;&nbsp;&nbsp;&nbsp;&nbsp;&nbsp;&nbsp;&nbsp;&nbsp;&nbsp;&nbsp;&nbsp;<\/li>\n<li style=\"font-weight: 400;\">W najbli\u017cszym czasie s\u0105 jeszcze wolne intencje Mszy \u015bw. W \u015brod\u0119 30.07 o godz. 7.00 oraz w czwartek 31.07 tak\u017ce o godz. 7.00.<\/li>\n<li style=\"font-weight: 400;\">7. Odpoczywaj\u0105cym na wakacjach i urlopach \u017cyczymy bezpiecznych podr\u00f3\u017cy oraz udanego wypoczynku.<\/li>\n<\/ol>\n<\/div><\/section>\n","protected":false},"excerpt":{"rendered":"","protected":false},"author":1,"featured_media":3832,"comment_status":"closed","ping_status":"closed","sticky":false,"template":"","format":"standard","meta":{"ngg_post_thumbnail":0,"footnotes":""},"categories":[3],"tags":[],"class_list":["post-5901","post","type-post","status-publish","format-standard","has-post-thumbnail","hentry","category-ogloszenia-duszpasterskie"],"_links":{"self":[{"href":"https:\/\/mbloretanska.pl\/index.php?rest_route=\/wp\/v2\/posts\/5901","targetHints":{"allow":["GET"]}}],"collection":[{"href":"https:\/\/mbloretanska.pl\/index.php?rest_route=\/wp\/v2\/posts"}],"about":[{"href":"https:\/\/mbloretanska.pl\/index.php?rest_route=\/wp\/v2\/types\/post"}],"author":[{"embeddable":true,"href":"https:\/\/mbloretanska.pl\/index.php?rest_route=\/wp\/v2\/users\/1"}],"replies":[{"embeddable":true,"href":"https:\/\/mbloretanska.pl\/index.php?rest_route=%2Fwp%2Fv2%2Fcomments&post=5901"}],"version-history":[{"count":1,"href":"https:\/\/mbloretanska.pl\/index.php?rest_route=\/wp\/v2\/posts\/5901\/revisions"}],"predecessor-version":[{"id":5902,"href":"https:\/\/mbloretanska.pl\/index.php?rest_route=\/wp\/v2\/posts\/5901\/revisions\/5902"}],"wp:featuredmedia":[{"embeddable":true,"href":"https:\/\/mbloretanska.pl\/index.php?rest_route=\/wp\/v2\/media\/3832"}],"wp:attachment":[{"href":"https:\/\/mbloretanska.pl\/index.php?rest_route=%2Fwp%2Fv2%2Fmedia&parent=5901"}],"wp:term":[{"taxonomy":"category","embeddable":true,"href":"https:\/\/mbloretanska.pl\/index.php?rest_route=%2Fwp%2Fv2%2Fcategories&post=5901"},{"taxonomy":"post_tag","embeddable":true,"href":"https:\/\/mbloretanska.pl\/index.php?rest_route=%2Fwp%2Fv2%2Ftags&post=5901"}],"curies":[{"name":"wp","href":"https:\/\/api.w.org\/{rel}","templated":true}]}}