{"id":5896,"date":"2025-07-19T09:31:57","date_gmt":"2025-07-19T07:31:57","guid":{"rendered":"https:\/\/mbloretanska.pl\/?p=5896"},"modified":"2025-07-19T09:33:23","modified_gmt":"2025-07-19T07:33:23","slug":"intencje-mszalne-20-26-07-2025","status":"publish","type":"post","link":"https:\/\/mbloretanska.pl\/?p=5896","title":{"rendered":"intencje mszalne 20-26.07.2025"},"content":{"rendered":"<section  class='av_textblock_section av-md9xi3jj-3e7bf21ee6807c34f926f28467efbf32 '   itemscope=\"itemscope\" itemtype=\"https:\/\/schema.org\/BlogPosting\" itemprop=\"blogPost\" ><div class='avia_textblock'  itemprop=\"text\" ><table width=\"716.0\" cellspacing=\"0\" cellpadding=\"0\">\n<tbody>\n<tr>\n<td colspan=\"2\" valign=\"top\">&nbsp;<\/td>\n<\/tr>\n<tr>\n<td colspan=\"2\" valign=\"top\">\n<p style=\"text-align: center;\">XVI NIEDZIELA ZWYK\u0141A<\/p>\n<p style=\"text-align: center;\">20 lipca 2025 r.<\/p>\n<\/td>\n<\/tr>\n<tr>\n<td valign=\"top\">7.00<\/td>\n<td valign=\"top\">+ Stanis\u0142aw\u0119 GWIAZDA (greg. 20)<\/td>\n<\/tr>\n<tr>\n<td valign=\"top\">8.30<\/td>\n<td valign=\"top\">+ El\u017cbiet\u0119 &nbsp;SABAL\u0118(4 r. \u015bm.) i jej m\u0119\u017ca Sylwestra<\/td>\n<\/tr>\n<tr>\n<td valign=\"top\">10.00<\/td>\n<td valign=\"top\">O zdrowie i potrzebne \u0142aski dla Ewy w dniu urodzin i o \u0142ask\u0119 zbawienia dla \u015bp. +Boles\u0142awa MATUSZEWSKIEGO w roczn. \u015bm.<\/td>\n<\/tr>\n<tr>\n<td valign=\"top\">11.00<\/td>\n<td valign=\"top\">\u00b7&nbsp;&nbsp;&nbsp;&nbsp;&nbsp; o b\u0142og. Bo\u017ce, opiek\u0119 MB na ka\u017cdy dzie\u0144 i \u0142ask\u0119 zdrowia dla Czes\u0142awy SUCHODOLSKIEJ<\/p>\n<p>+ Teres\u0119 i Feliksa KASZYCA<\/p>\n<p>+ Genowef\u0119 W\u0141ODARCZYK w 30 dzie\u0144 po \u015bmierci<\/p>\n<p>+ Henryk\u0119 WIATRZYK<\/td>\n<\/tr>\n<tr>\n<td valign=\"top\">18.00<\/td>\n<td valign=\"top\">+ Janin\u0119, Czes\u0142awa, Henryka, Franciszk\u0119, Jana RYBAK\u00d3W, Dorot\u0119 DROGOWSK\u0104<\/td>\n<\/tr>\n<tr>\n<td colspan=\"2\" valign=\"top\">&nbsp;<\/td>\n<\/tr>\n<tr>\n<td colspan=\"2\" valign=\"top\">\n<p style=\"text-align: center;\">PONIEDZIA\u0141EK \u2013 21 lipca 2025 r.<\/p>\n<\/td>\n<\/tr>\n<tr>\n<td valign=\"top\">7.00<\/td>\n<td valign=\"top\">+ Stanis\u0142aw\u0119 GWIAZDA (greg. 21)<\/td>\n<\/tr>\n<tr>\n<td valign=\"top\">8.00<\/td>\n<td valign=\"top\">&nbsp;O Bo\u017ce mi\u0142osierdzie i nagrod\u0119 nieba dla \u015bp. +Ireny i Zygmunta WIECZORK\u00d3W, dla babci WIECZORKOWEJ oraz dla rodzic\u00f3w GRAY<\/td>\n<\/tr>\n<tr>\n<td valign=\"top\">18.00<\/td>\n<td valign=\"top\">+ Janin\u0119-Krystyn\u0119 \u015aMIA\u0141EK (int. od r. KOZ\u0141OWSKICH)<\/td>\n<\/tr>\n<tr>\n<td colspan=\"2\" valign=\"top\">&nbsp;<\/td>\n<\/tr>\n<tr>\n<td colspan=\"2\" valign=\"top\">\n<p style=\"text-align: center;\">WTOREK \u2013 22 lipca 2025 r.<\/p>\n<p style=\"text-align: center;\">\u015bwi\u0119to \u015bw. Marii Magdaleny<\/p>\n<\/td>\n<\/tr>\n<tr>\n<td valign=\"top\">7.00<\/td>\n<td valign=\"top\">+ Mari\u0119 J\u0118DRYSZEK (w dniu imienin) oraz jej m\u0119\u017ca Leonarda<\/td>\n<\/tr>\n<tr>\n<td valign=\"top\">8.00<\/td>\n<td valign=\"top\">+ Stanis\u0142aw\u0119 GWIAZDA (greg. 22)<\/td>\n<\/tr>\n<tr>\n<td valign=\"top\">18.00<\/td>\n<td valign=\"top\">+ Aleksandra DE\u0141BAKOWSKIEGO w 26 r. \u015bm. oraz zm. z r. DE\u0141BAKOWSKICH<\/td>\n<\/tr>\n<tr>\n<td colspan=\"2\" valign=\"top\">&nbsp;<\/td>\n<\/tr>\n<tr>\n<td colspan=\"2\" valign=\"top\">\n<p style=\"text-align: center;\">\u015aRODA \u2013 23 lipca 2025 r.<\/p>\n<p style=\"text-align: center;\">\u015bwi\u0119to \u015bw. Brygidy, zakonnicy, patronki Europy<\/p>\n<\/td>\n<\/tr>\n<tr>\n<td valign=\"top\">7.00<\/td>\n<td valign=\"top\">&nbsp;<\/td>\n<\/tr>\n<tr>\n<td valign=\"top\">8.00<\/td>\n<td valign=\"top\">+ Stanis\u0142aw\u0119 GWIAZDA (greg. 23)<\/td>\n<\/tr>\n<tr>\n<td valign=\"top\">17.45<\/td>\n<td valign=\"top\">NOWENNA:<\/p>\n<p>\u00b7&nbsp;&nbsp;&nbsp;&nbsp;&nbsp; nawr\u00f3cenie dla Paw\u0142a<\/p>\n<p>+ Piotra TABACZY\u0143SKIEGO w 30 dz. po \u015bm.<\/td>\n<\/tr>\n<tr>\n<td colspan=\"2\" valign=\"top\">&nbsp;<\/td>\n<\/tr>\n<tr>\n<td colspan=\"2\" valign=\"top\">\n<p style=\"text-align: center;\">CZWARTEK<\/p>\n<p style=\"text-align: center;\">24 lipca 2025 r.<\/p>\n<p style=\"text-align: center;\">wspomnienie \u015bw. Kingi, dziewicy<\/p>\n<\/td>\n<\/tr>\n<tr>\n<td valign=\"top\">7.00<\/td>\n<td valign=\"top\">+ Stanis\u0142aw\u0119 GWIAZDA (greg. 24)<\/td>\n<\/tr>\n<tr>\n<td valign=\"top\">8.00<\/td>\n<td valign=\"top\">+ Mari\u0119 KRASUSK\u0104 w 1 r. \u015bm. oraz J\u00d3ZEFA RYBAKA<\/td>\n<\/tr>\n<tr>\n<td valign=\"top\">18.00<\/td>\n<td valign=\"top\">+ Henryk\u0119 KLOCH w 7 r. \u015bm.<\/td>\n<\/tr>\n<tr>\n<td colspan=\"2\" valign=\"top\">&nbsp;<\/td>\n<\/tr>\n<tr>\n<td colspan=\"2\" valign=\"top\">\n<p style=\"text-align: center;\">PI\u0104TEK<\/p>\n<p style=\"text-align: center;\">25 lipca 2025 r.<\/p>\n<p style=\"text-align: center;\">\u015bwi\u0119to \u015bw. Jakuba Aposto\u0142a<\/p>\n<\/td>\n<\/tr>\n<tr>\n<td valign=\"top\">7.00<\/td>\n<td valign=\"top\">&nbsp;<\/td>\n<\/tr>\n<tr>\n<td valign=\"top\">8.00<\/td>\n<td valign=\"top\">+ J\u00f3zefa BA\u0141DOWSKIEGO w 31 r. \u015bm. oraz jego rodzic\u00f3w Stanis\u0142awa i Leokadi\u0119 BA\u0141DOWSKICH<\/td>\n<\/tr>\n<tr>\n<td valign=\"top\">18.00<\/td>\n<td valign=\"top\">+ Stanis\u0142aw\u0119 GWIAZDA (greg. 25)<\/td>\n<\/tr>\n<tr>\n<td colspan=\"2\" valign=\"top\">&nbsp;<\/td>\n<\/tr>\n<tr>\n<td colspan=\"2\" valign=\"top\">\n<p style=\"text-align: center;\">SOBOTA<\/p>\n<p style=\"text-align: center;\">26 lipca 2025 r.<\/p>\n<p style=\"text-align: center;\">wspomnienie \u015bw. Joachima i Anny &nbsp; &nbsp; &nbsp;<\/p>\n<\/td>\n<\/tr>\n<tr>\n<td valign=\"top\">7.00<\/td>\n<td valign=\"top\">O zdrowie, Bo\u017ce b\u0142ogos\u0142awie\u0144stwo i pomy\u015blne uko\u0144czenie studi\u00f3w z psychologii klinicznej oraz wszelkie potrzebne dary i \u0142aski dla c\u00f3rki Anny od mamy Marii<\/td>\n<\/tr>\n<tr>\n<td valign=\"top\">8.00<\/td>\n<td valign=\"top\">+ Stanis\u0142aw\u0119 GWIAZDA (greg. 26)<\/td>\n<\/tr>\n<tr>\n<td valign=\"top\">18.00<\/td>\n<td valign=\"top\">+ Jerzego (15 r. \u015bm.), Tadeusza, Stanis\u0142aw\u0119 B\u0141ASZCZYK, Jana, Janin\u0119, Zygmunta, Andrzeja, Franciszk\u0119, Edwarda, Pelagi\u0119, Stanis\u0142awa KRAWCZYK, El\u017cbiet\u0119, Jerzego PASIEKA<\/td>\n<\/tr>\n<\/tbody>\n<\/table>\n<\/div><\/section>\n","protected":false},"excerpt":{"rendered":"","protected":false},"author":1,"featured_media":3833,"comment_status":"closed","ping_status":"closed","sticky":false,"template":"","format":"standard","meta":{"ngg_post_thumbnail":0,"footnotes":""},"categories":[6],"tags":[],"class_list":["post-5896","post","type-post","status-publish","format-standard","has-post-thumbnail","hentry","category-intencje-mszalne"],"_links":{"self":[{"href":"https:\/\/mbloretanska.pl\/index.php?rest_route=\/wp\/v2\/posts\/5896","targetHints":{"allow":["GET"]}}],"collection":[{"href":"https:\/\/mbloretanska.pl\/index.php?rest_route=\/wp\/v2\/posts"}],"about":[{"href":"https:\/\/mbloretanska.pl\/index.php?rest_route=\/wp\/v2\/types\/post"}],"author":[{"embeddable":true,"href":"https:\/\/mbloretanska.pl\/index.php?rest_route=\/wp\/v2\/users\/1"}],"replies":[{"embeddable":true,"href":"https:\/\/mbloretanska.pl\/index.php?rest_route=%2Fwp%2Fv2%2Fcomments&post=5896"}],"version-history":[{"count":2,"href":"https:\/\/mbloretanska.pl\/index.php?rest_route=\/wp\/v2\/posts\/5896\/revisions"}],"predecessor-version":[{"id":5898,"href":"https:\/\/mbloretanska.pl\/index.php?rest_route=\/wp\/v2\/posts\/5896\/revisions\/5898"}],"wp:featuredmedia":[{"embeddable":true,"href":"https:\/\/mbloretanska.pl\/index.php?rest_route=\/wp\/v2\/media\/3833"}],"wp:attachment":[{"href":"https:\/\/mbloretanska.pl\/index.php?rest_route=%2Fwp%2Fv2%2Fmedia&parent=5896"}],"wp:term":[{"taxonomy":"category","embeddable":true,"href":"https:\/\/mbloretanska.pl\/index.php?rest_route=%2Fwp%2Fv2%2Fcategories&post=5896"},{"taxonomy":"post_tag","embeddable":true,"href":"https:\/\/mbloretanska.pl\/index.php?rest_route=%2Fwp%2Fv2%2Ftags&post=5896"}],"curies":[{"name":"wp","href":"https:\/\/api.w.org\/{rel}","templated":true}]}}