{"id":5879,"date":"2025-07-03T13:31:57","date_gmt":"2025-07-03T11:31:57","guid":{"rendered":"https:\/\/mbloretanska.pl\/?p=5879"},"modified":"2025-07-03T13:31:58","modified_gmt":"2025-07-03T11:31:58","slug":"xiv-niedziela-zwykla-06-07-2025","status":"publish","type":"post","link":"https:\/\/mbloretanska.pl\/?p=5879","title":{"rendered":"XIV niedziela zwyk\u0142a 06.07.2025"},"content":{"rendered":"<section  class='av_textblock_section av-mcnb1ag9-6b3494b2086f753ec6e29c4e7459453c '   itemscope=\"itemscope\" itemtype=\"https:\/\/schema.org\/BlogPosting\" itemprop=\"blogPost\" ><div class='avia_textblock'  itemprop=\"text\" ><ol>\n<li style=\"font-weight: 400;\">Z racji I niedzieli miesi\u0105ca dzi\u015b o godz. 17.00 wystawienie Naj\u015bwi\u0119tszego Sakramentu. O 17.30 nabo\u017ce\u0144stwo eucharystyczne.<\/li>\n<\/ol>\n<ol start=\"2\">\n<li style=\"font-weight: 400;\">W pi\u0105tek 11.07 \u015bwi\u0119to \u015bw. Benedykta patrona Europy. W tym dniu przypada tak\u017ce Narodowy Dzie\u0144 Pami\u0119ci Ofiar Ludob\u00f3jstwa dokonanego przez ukrai\u0144skich nacjonalist\u00f3w na obywatelach II RP. B\u0119dziemy modli\u0107 si\u0119 o zbawienie i godny poch\u00f3wek dla ofiar, oraz o nale\u017cny szacunek dla rodzin i uznanie prawdy o tamtych wydarzeniach.<\/li>\n<\/ol>\n<ol start=\"3\">\n<li style=\"font-weight: 400;\">W przysz\u0142\u0105 niedziel\u0119 13.07 po Mszy \u015bw. wieczornej zapraszamy na kolejne nabo\u017ce\u0144stwo fatimskie. Intencje do r\u00f3\u017ca\u0144ca na procesj\u0119 fatimsk\u0105 mo\u017cemy sk\u0142ada\u0107 do ksi\u0119\u017cy lub do puszki przed kaplic\u0105 \u015bw. Antoniego.<\/li>\n<li style=\"font-weight: 400;\">W lipcu i sierpniu kancelaria parafialna czynna jest tylko w godz. popo\u0142udniowych i wieczornych. <span data-ogsc=\"rgb(33, 37, 41)\">Przez te dwa letnie miesi\u0105ce nie b\u0119dzie te\u017c niedzielnej Mszy \u015bw. o 12.30. Wsp\u00f3lna, parafialna Msza o godz. 11.00<\/span><\/li>\n<li style=\"font-weight: 400;\">Za tydzie\u0144, w II niedziel\u0119 miesi\u0105ca taca na inwestycje parafialne. Najwi\u0119ksz\u0105 inwestycj\u0105 b\u0119dzie III etap remontu dachu ko\u015bcio\u0142a ko\u0144cz\u0105cy prace na g\u00f3rnej cz\u0119\u015bci dachu powy\u017cej poziomu okien. Prace planujemy rozpocz\u0105\u0107 na prze\u0142omie lipca i sierpnia. Bardzo dzi\u0119kujemy za wszystkie ofiary, dzi\u0119ki kt\u00f3rym remont jest mo\u017cliwy.<\/li>\n<li style=\"font-weight: 400;\">W 100-n\u0105 rocznic\u0119 wst\u0105pienia \u015bw. s. Faustyny do Zgromadzenia Si\u00f3str Matki Bo\u017cej Mi\u0142osierdzia zapraszamy na piesz\u0105, nocn\u0105 pielgrzymk\u0119 z Warszawy do Ostr\u00f3wka, kt\u00f3ra odb\u0119dzie si\u0119 w dniach 26 i 27 lipca. Wsp\u00f3\u0142organizatorem pielgrzymki jest nasz ks. Tadeusz. Wi\u0119cej informacji na ten temat znajdziemy na plakacie.<\/li>\n<li style=\"font-weight: 400;\">Wszystkim odpoczywaj\u0105cym na wakacjach i urlopach \u017cyczymy szcz\u0119\u015bliwych podr\u00f3\u017cy i udanego odpoczynku. &nbsp;&nbsp;&nbsp;&nbsp;&nbsp;&nbsp;&nbsp;&nbsp;&nbsp;&nbsp;&nbsp;&nbsp;&nbsp;&nbsp;&nbsp;&nbsp;&nbsp;&nbsp;&nbsp;&nbsp;&nbsp;&nbsp;&nbsp;&nbsp;&nbsp;&nbsp;&nbsp;&nbsp;&nbsp;&nbsp;&nbsp;&nbsp;&nbsp;&nbsp;&nbsp;&nbsp;&nbsp;&nbsp;&nbsp;&nbsp;&nbsp;&nbsp;&nbsp;&nbsp;&nbsp;&nbsp;&nbsp;&nbsp;&nbsp;&nbsp;&nbsp;&nbsp;&nbsp;&nbsp;&nbsp;&nbsp;&nbsp;&nbsp;&nbsp;&nbsp;&nbsp;&nbsp;&nbsp;&nbsp;&nbsp;&nbsp;&nbsp;&nbsp;&nbsp;&nbsp;&nbsp;&nbsp;&nbsp;&nbsp;<\/li>\n<li style=\"font-weight: 400;\">W minionym tygodniu po\u017cegnali\u015bmy w naszej parafii \u015bp. Jolant\u0119 Skorek. Pole\u0107my&nbsp;&nbsp;&nbsp; j\u0105 Bo\u017cemu mi\u0142osierdziu we wsp\u00f3lnej modlitwie.<\/li>\n<\/ol>\n<\/div><\/section>\n","protected":false},"excerpt":{"rendered":"","protected":false},"author":1,"featured_media":3832,"comment_status":"closed","ping_status":"closed","sticky":false,"template":"","format":"standard","meta":{"ngg_post_thumbnail":0,"footnotes":""},"categories":[3],"tags":[],"class_list":["post-5879","post","type-post","status-publish","format-standard","has-post-thumbnail","hentry","category-ogloszenia-duszpasterskie"],"_links":{"self":[{"href":"https:\/\/mbloretanska.pl\/index.php?rest_route=\/wp\/v2\/posts\/5879","targetHints":{"allow":["GET"]}}],"collection":[{"href":"https:\/\/mbloretanska.pl\/index.php?rest_route=\/wp\/v2\/posts"}],"about":[{"href":"https:\/\/mbloretanska.pl\/index.php?rest_route=\/wp\/v2\/types\/post"}],"author":[{"embeddable":true,"href":"https:\/\/mbloretanska.pl\/index.php?rest_route=\/wp\/v2\/users\/1"}],"replies":[{"embeddable":true,"href":"https:\/\/mbloretanska.pl\/index.php?rest_route=%2Fwp%2Fv2%2Fcomments&post=5879"}],"version-history":[{"count":1,"href":"https:\/\/mbloretanska.pl\/index.php?rest_route=\/wp\/v2\/posts\/5879\/revisions"}],"predecessor-version":[{"id":5880,"href":"https:\/\/mbloretanska.pl\/index.php?rest_route=\/wp\/v2\/posts\/5879\/revisions\/5880"}],"wp:featuredmedia":[{"embeddable":true,"href":"https:\/\/mbloretanska.pl\/index.php?rest_route=\/wp\/v2\/media\/3832"}],"wp:attachment":[{"href":"https:\/\/mbloretanska.pl\/index.php?rest_route=%2Fwp%2Fv2%2Fmedia&parent=5879"}],"wp:term":[{"taxonomy":"category","embeddable":true,"href":"https:\/\/mbloretanska.pl\/index.php?rest_route=%2Fwp%2Fv2%2Fcategories&post=5879"},{"taxonomy":"post_tag","embeddable":true,"href":"https:\/\/mbloretanska.pl\/index.php?rest_route=%2Fwp%2Fv2%2Ftags&post=5879"}],"curies":[{"name":"wp","href":"https:\/\/api.w.org\/{rel}","templated":true}]}}