{"id":5871,"date":"2025-06-30T14:28:06","date_gmt":"2025-06-30T12:28:06","guid":{"rendered":"https:\/\/mbloretanska.pl\/?p=5871"},"modified":"2025-06-30T14:28:07","modified_gmt":"2025-06-30T12:28:07","slug":"uroczystosc-sw-apostolow-piotra-i-pawla-29-06-2025","status":"publish","type":"post","link":"https:\/\/mbloretanska.pl\/?p=5871","title":{"rendered":"Uroczysto\u015b\u0107 \u015bw. Aposto\u0142\u00f3w Piotra i Paw\u0142a 29.06.2025"},"content":{"rendered":"<section  class='av_textblock_section av-mcj2qgoc-0f7a79258f42baf0c847db9da39f2892 '   itemscope=\"itemscope\" itemtype=\"https:\/\/schema.org\/BlogPosting\" itemprop=\"blogPost\" ><div class='avia_textblock'  itemprop=\"text\" ><p class=\"gmail-MsoListParagraphCxSpFirst\"><span data-ogsc=\"black\">1.&nbsp;&nbsp;&nbsp;&nbsp; <\/span><strong><span data-ogsc=\"black\">Z racji Uroczysto\u015bci \u015bw. Ap. Piotra i Paw\u0142a cz\u0119\u015b\u0107 ofiar sk\u0142adanych dzi\u015b na tac\u0119 zostanie przeznaczona na konserwacj\u0119 Bazyliki \u015bw. Piotra na Watykanie oraz na dzia\u0142alno\u015b\u0107 charytatywn\u0105 Stolicy Apostolskiej.<\/span><\/strong><\/p>\n<p class=\"gmail-MsoListParagraphCxSpMiddle\"><span data-ogsc=\"black\">2.&nbsp;&nbsp;&nbsp;&nbsp; <\/span>Od dzisiaj do ko\u0144ca sierpnia w niedziele w naszym ko\u015bciele zamiast sze\u015bciu b\u0119dzie pi\u0119\u0107 Mszy \u015bw. Nie b\u0119dzie Mszy \u015bw. o godz. 12.30. Nasza wsp\u00f3lna, parafialna Msza \u015bw. b\u0119dzie odprawiana o godz. 11.00. Pozosta\u0142e godziny bez zmian.<\/p>\n<p class=\"gmail-MsoListParagraphCxSpMiddle\"><span data-ogsc=\"black\">3.&nbsp;&nbsp;&nbsp;&nbsp; <\/span>Od 30 czerwca do ko\u0144ca wakacji kancelaria parafialna b\u0119dzie pracowa\u0107 w trybie letnim tzn. b\u0119dzie czynna tylko w godzinach popo\u0142udniowych i wieczornych. Dy\u017cur\u00f3w przedpo\u0142udniowych godz. 10.00 \u2013 11.00 nie b\u0119dzie. Wznowimy je we wrze\u015bniu.<\/p>\n<p class=\"gmail-MsoListParagraphCxSpMiddle\"><span data-ogsc=\"black\">4.&nbsp;&nbsp;&nbsp;&nbsp; <\/span>Jutro ostatnie nabo\u017ce\u0144stwo czerwcowe. Wszystkim uczestnikom nabo\u017ce\u0144stw do Naj\u015bwi\u0119tszego Serca Pana Jezusa dzi\u0119kujemy za wsp\u00f3ln\u0105 modlitw\u0119.<\/p>\n<p><span data-ogsc=\"black\">5.&nbsp;&nbsp;&nbsp;&nbsp; <\/span>W tym tygodniu przypada I pi\u0105tek i I sobota miesi\u0105ca. Msze \u015bw. o Naj\u015bwi\u0119tszym Sercu Pana Jezusa o godz. 8.00 i 18.00. Msza wynagradzaj\u0105ca Niepokalanemu Sercu Maryi w Domku Loreta\u0144skim o godz. 8.00.<\/p>\n<p><span data-ogsc=\"black\">6.&nbsp;&nbsp;&nbsp;&nbsp; <\/span>W lipcu i sierpniu nast\u0105pi przerwa w comiesi\u0119cznych wizytach u naszych chorych. Powr\u00f3cimy do nich w I pi\u0105tek wrze\u015bnia. W niebezpiecze\u0144stwie utraty \u017cycia lub zdrowia s\u0142u\u017cymy pos\u0142ug\u0105 sakramentaln\u0105 na ka\u017cde wezwanie.<\/p>\n<p><span data-ogsc=\"black\">7.&nbsp;&nbsp;&nbsp;&nbsp; <\/span>Wszystkim dzisiejszym solenizantom, a tak\u017ce solenizantom i solenizantkom tego tygodnia \u017cyczymy mi\u0142o\u015bci od bliskich, Bo\u017cego b\u0142ogos\u0142awie\u0144stwa i opieki \u015bwi\u0119tych patron\u00f3w. Rozpoczynaj\u0105cym wakacje i urlopy \u017cyczymy szcz\u0119\u015bliwych podr\u00f3\u017cy oraz udanego, rodzinnego wypoczynku z po\u017cytkiem dla cia\u0142a i dla duszy.<\/p>\n<p class=\"gmail-MsoListParagraph\"><span data-ogsc=\"black\">8. &nbsp; &nbsp;<\/span>W minionym tygodniu po\u017cegnali\u015bmy w naszej parafii \u015bp. Genowef\u0119 W\u0142odarczyk. Pole\u0107my j\u0105 Bo\u017cemu mi\u0142osierdziu we wsp\u00f3lnej modlitwie.<\/p>\n<\/div><\/section>\n","protected":false},"excerpt":{"rendered":"","protected":false},"author":1,"featured_media":3832,"comment_status":"closed","ping_status":"closed","sticky":false,"template":"","format":"standard","meta":{"ngg_post_thumbnail":0,"footnotes":""},"categories":[3],"tags":[],"class_list":["post-5871","post","type-post","status-publish","format-standard","has-post-thumbnail","hentry","category-ogloszenia-duszpasterskie"],"_links":{"self":[{"href":"https:\/\/mbloretanska.pl\/index.php?rest_route=\/wp\/v2\/posts\/5871","targetHints":{"allow":["GET"]}}],"collection":[{"href":"https:\/\/mbloretanska.pl\/index.php?rest_route=\/wp\/v2\/posts"}],"about":[{"href":"https:\/\/mbloretanska.pl\/index.php?rest_route=\/wp\/v2\/types\/post"}],"author":[{"embeddable":true,"href":"https:\/\/mbloretanska.pl\/index.php?rest_route=\/wp\/v2\/users\/1"}],"replies":[{"embeddable":true,"href":"https:\/\/mbloretanska.pl\/index.php?rest_route=%2Fwp%2Fv2%2Fcomments&post=5871"}],"version-history":[{"count":1,"href":"https:\/\/mbloretanska.pl\/index.php?rest_route=\/wp\/v2\/posts\/5871\/revisions"}],"predecessor-version":[{"id":5872,"href":"https:\/\/mbloretanska.pl\/index.php?rest_route=\/wp\/v2\/posts\/5871\/revisions\/5872"}],"wp:featuredmedia":[{"embeddable":true,"href":"https:\/\/mbloretanska.pl\/index.php?rest_route=\/wp\/v2\/media\/3832"}],"wp:attachment":[{"href":"https:\/\/mbloretanska.pl\/index.php?rest_route=%2Fwp%2Fv2%2Fmedia&parent=5871"}],"wp:term":[{"taxonomy":"category","embeddable":true,"href":"https:\/\/mbloretanska.pl\/index.php?rest_route=%2Fwp%2Fv2%2Fcategories&post=5871"},{"taxonomy":"post_tag","embeddable":true,"href":"https:\/\/mbloretanska.pl\/index.php?rest_route=%2Fwp%2Fv2%2Ftags&post=5871"}],"curies":[{"name":"wp","href":"https:\/\/api.w.org\/{rel}","templated":true}]}}