{"id":5869,"date":"2025-06-30T14:23:52","date_gmt":"2025-06-30T12:23:52","guid":{"rendered":"https:\/\/mbloretanska.pl\/?p=5869"},"modified":"2025-06-30T14:23:52","modified_gmt":"2025-06-30T12:23:52","slug":"intencje-mszalne-29-06-05-07-2025","status":"publish","type":"post","link":"https:\/\/mbloretanska.pl\/?p=5869","title":{"rendered":"intencje mszalne 29.06-05.07.2025"},"content":{"rendered":"<section  class='av_textblock_section av-mcj2kzyr-9da92ab033d9babc92159e0a6329579c '   itemscope=\"itemscope\" itemtype=\"https:\/\/schema.org\/BlogPosting\" itemprop=\"blogPost\" ><div class='avia_textblock'  itemprop=\"text\" ><table style=\"font-weight: 400;\" width=\"699\">\n<tbody>\n<tr>\n<td colspan=\"2\" width=\"699\"><strong>&nbsp;<\/strong><\/td>\n<\/tr>\n<tr>\n<td colspan=\"2\" width=\"699\">\n<p style=\"text-align: center;\"><strong>XIII NIEDZIELA ZWYK\u0141A<\/strong><\/p>\n<p style=\"text-align: center;\"><strong>\u015aw. Aposto\u0142\u00f3w Piotra i Paw\u0142a \u2013 uroczysto\u015b\u0107 <\/strong><\/p>\n<p style=\"text-align: center;\"><strong>&nbsp;(29 czerwca 2025 r.)<\/strong><\/p>\n<\/td>\n<\/tr>\n<tr>\n<td width=\"56\"><strong>7:00<\/strong><\/td>\n<td width=\"643\">+ Helen\u0119 CHABKO (greg. 29.)<\/td>\n<\/tr>\n<tr>\n<td width=\"56\"><strong>8:30<\/strong><\/td>\n<td width=\"643\">\u00b7&nbsp;&nbsp;&nbsp;&nbsp;&nbsp; Int. dzi\u0119kczynna za otrzymane \u0142aski, z pro\u015bb\u0105 o wype\u0142nienie woli Bo\u017cej oraz wiar\u0119, nadziej\u0119 i mi\u0142o\u015b\u0107 dla Piotra w dniu imienin.<\/td>\n<\/tr>\n<tr>\n<td width=\"56\"><strong>10:00<\/strong><\/td>\n<td width=\"643\">+ O \u0142ask\u0119 Nieba dla Paw\u0142a KOKOTA (w dniu imienin) oraz dla jego zmar\u0142ych rodzic\u00f3w,<br \/>\n&nbsp;&nbsp; rodze\u0144stwa i rodziny.<\/td>\n<\/tr>\n<tr>\n<td width=\"56\"><strong>11:00<\/strong><\/td>\n<td width=\"643\"><strong>MSZA ZBIOROWA<\/strong><\/p>\n<p>\u00b7&nbsp;&nbsp;&nbsp;&nbsp;&nbsp; O nawr\u00f3cenie dla Piotra i Paw\u0142a.<\/p>\n<p>+ Jacka SAWO\u015aKO (3 r. \u015bm.)<\/p>\n<p>+ Andrzeja CHOJECKIEGO (4 r. \u015bm.), zm. z r. BIEGANOWSKICH, GEROTH,<br \/>\n&nbsp;&nbsp; CHOJECKICH i DOBRZA\u0143SKICH.<\/p>\n<p>+ Ew\u0119 POCZENT\u0104 (3 r. \u015bm.) i Jadwig\u0119 KAW\u0118CK\u0104 (2 r. \u015bm.)<\/p>\n<p>+ Krystyn\u0119 i Jana DROZDOWSKICH, Mieczys\u0142awa i W\u0142adys\u0142aw\u0119, Andrzeja KURCZAK<br \/>\n&nbsp;&nbsp; Janin\u0119 i Antoniego GORCZYCA.<\/p>\n<p>+ Piotra RZEWUSKIEGO (3 r. \u015bm.) oraz z racji imienin.<\/p>\n<p>+ Teres\u0119 i Feliksa KASZYCA.<\/td>\n<\/tr>\n<tr>\n<td width=\"56\"><strong>18:00<\/strong><\/td>\n<td width=\"643\">+ Paw\u0142a WOJTYSIAKA.<\/td>\n<\/tr>\n<tr>\n<td colspan=\"2\" width=\"699\"><strong>&nbsp;<\/strong><\/td>\n<\/tr>\n<tr>\n<td colspan=\"2\" width=\"699\">\n<p style=\"text-align: center;\"><strong>PONIEDZIA\u0141EK (30 czerwca)<\/strong><\/p>\n<\/td>\n<\/tr>\n<tr>\n<td width=\"56\"><strong>7:00<\/strong><\/td>\n<td width=\"643\">+ Za dusze w czy\u015b\u0107cu cierpi\u0105ce.<\/td>\n<\/tr>\n<tr>\n<td width=\"56\"><strong>8:00<\/strong><\/td>\n<td width=\"643\">+ Helen\u0119 CHABKO (greg. 30.)<\/td>\n<\/tr>\n<tr>\n<td width=\"56\"><strong>18:00<\/strong><\/td>\n<td width=\"643\">\u00b7&nbsp;&nbsp;&nbsp;&nbsp;&nbsp; Int. dzi\u0119kczynna z okazji 43 urodzin, z pro\u015bb\u0105 o dalsz\u0105 opiek\u0119 Matki Bo\u017cej i potrzebne \u0142aski dla Ma\u0142gorzaty.<\/td>\n<\/tr>\n<tr>\n<td colspan=\"2\" width=\"699\">&nbsp;<\/td>\n<\/tr>\n<tr>\n<td colspan=\"2\" width=\"699\">\n<p style=\"text-align: center;\"><strong>WTOREK (1 lipca)<\/strong><\/p>\n<\/td>\n<\/tr>\n<tr>\n<td width=\"56\"><strong>7:00<\/strong><\/td>\n<td width=\"643\">&nbsp;<\/td>\n<\/tr>\n<tr>\n<td width=\"56\"><strong>8:00<\/strong><\/td>\n<td width=\"643\">+ Stanis\u0142aw\u0119 GWIAZDA (greg. 1.)<\/td>\n<\/tr>\n<tr>\n<td width=\"56\"><strong>18:00<\/strong><\/td>\n<td width=\"643\">+ Adama ZWIERZY\u0143SKIEGO (9 r. \u015bm.)<\/td>\n<\/tr>\n<tr>\n<td colspan=\"2\" width=\"699\">&nbsp;<\/td>\n<\/tr>\n<tr>\n<td colspan=\"2\" width=\"699\">\n<p style=\"text-align: center;\"><strong>\u015aRODA (2 lipca)<\/strong><\/p>\n<\/td>\n<\/tr>\n<tr>\n<td width=\"56\"><strong>7:00<\/strong><\/td>\n<td width=\"643\">+ Mariann\u0119, Klemensa, Jerzego i Janusza MARCZAK\u00d3W, Danut\u0119 PLISZKA,<br \/>\n&nbsp;&nbsp; Bo\u017cen\u0119 i Ann\u0119 WASI\u0143SKIE.<\/td>\n<\/tr>\n<tr>\n<td width=\"56\"><strong>8:00<\/strong><\/td>\n<td width=\"643\">+ &nbsp;Stanis\u0142aw\u0119 GWIAZDA (greg. 2.)<\/td>\n<\/tr>\n<tr>\n<td width=\"56\"><strong>17:45<\/strong><\/td>\n<td width=\"643\">&nbsp;<strong>NOWENNA<\/strong><\/td>\n<\/tr>\n<tr>\n<td colspan=\"2\" width=\"699\"><strong>&nbsp;<\/strong><\/td>\n<\/tr>\n<tr>\n<td colspan=\"2\" width=\"699\">\n<p style=\"text-align: center;\"><strong>CZWARTEK (3 lipca)<\/strong><\/p>\n<p style=\"text-align: center;\"><strong>\u015aw. Tomasza Aposto\u0142a \u2013 \u015bwi\u0119to <\/strong><\/p>\n<\/td>\n<\/tr>\n<tr>\n<td width=\"56\"><strong>7:00<\/strong><\/td>\n<td width=\"643\">&nbsp;<\/p>\n<p>&nbsp;<\/td>\n<\/tr>\n<tr>\n<td width=\"56\"><strong>8:00<\/strong><\/td>\n<td width=\"643\">+ Stanis\u0142aw\u0119 GWIAZDA (greg. 3.)<\/td>\n<\/tr>\n<tr>\n<td width=\"56\"><strong>18:00<\/strong><\/td>\n<td width=\"643\">+ Halin\u0119 CZEKALSK\u0104 i Henryka CZEKALSKIEGO.<\/td>\n<\/tr>\n<tr>\n<td colspan=\"2\" width=\"699\"><strong>&nbsp;<\/strong><\/td>\n<\/tr>\n<tr>\n<td colspan=\"2\" width=\"699\">\n<p style=\"text-align: center;\"><strong>PI\u0104TEK (4 lipca)<\/strong><\/p>\n<\/td>\n<\/tr>\n<tr>\n<td width=\"56\"><strong>7:00<\/strong><\/td>\n<td width=\"643\">+ Stanis\u0142aw\u0119 GWIAZDA (greg. 4.)<\/td>\n<\/tr>\n<tr>\n<td width=\"56\"><strong>8:00<\/strong><\/td>\n<td width=\"643\">\u00b7&nbsp;&nbsp;&nbsp;&nbsp;&nbsp; W intencjach czcicieli \u017bywego R\u00f3\u017ca\u0144ca i Legionu Maryi.<\/td>\n<\/tr>\n<tr>\n<td width=\"56\"><strong>18:00<\/strong><\/td>\n<td width=\"643\">+ za rodzic\u00f3w m\u0119\u017ca: Stefani\u0119 i Wac\u0142awa oraz za brata m\u0119\u017ca: Ryszarda.<\/td>\n<\/tr>\n<tr>\n<td colspan=\"2\" width=\"699\"><strong>&nbsp;<\/strong><\/td>\n<\/tr>\n<tr>\n<td colspan=\"2\" width=\"699\">\n<p style=\"text-align: center;\"><strong>SOBOTA (5 lipca)<\/strong><\/p>\n<\/td>\n<\/tr>\n<tr>\n<td width=\"56\"><strong>7:00<\/strong><\/td>\n<td width=\"643\">+ Stanis\u0142aw\u0119 GWIAZDA (greg. 5.)<\/td>\n<\/tr>\n<tr>\n<td width=\"56\"><strong>8:00<\/strong><\/td>\n<td width=\"643\">+ Zygmunta STYBRZY\u0143SKIEGO.<\/td>\n<\/tr>\n<tr>\n<td width=\"56\"><strong>18:00<\/strong><\/td>\n<td width=\"643\">\u00b7&nbsp;&nbsp;&nbsp;&nbsp;&nbsp; Int. dzi\u0119kczynno-b\u0142agalna w 48 r. \u015blubu Krystyny i Jana.<\/td>\n<\/tr>\n<\/tbody>\n<\/table>\n<\/div><\/section>\n","protected":false},"excerpt":{"rendered":"","protected":false},"author":1,"featured_media":3833,"comment_status":"closed","ping_status":"closed","sticky":false,"template":"","format":"standard","meta":{"ngg_post_thumbnail":0,"footnotes":""},"categories":[6],"tags":[],"class_list":["post-5869","post","type-post","status-publish","format-standard","has-post-thumbnail","hentry","category-intencje-mszalne"],"_links":{"self":[{"href":"https:\/\/mbloretanska.pl\/index.php?rest_route=\/wp\/v2\/posts\/5869","targetHints":{"allow":["GET"]}}],"collection":[{"href":"https:\/\/mbloretanska.pl\/index.php?rest_route=\/wp\/v2\/posts"}],"about":[{"href":"https:\/\/mbloretanska.pl\/index.php?rest_route=\/wp\/v2\/types\/post"}],"author":[{"embeddable":true,"href":"https:\/\/mbloretanska.pl\/index.php?rest_route=\/wp\/v2\/users\/1"}],"replies":[{"embeddable":true,"href":"https:\/\/mbloretanska.pl\/index.php?rest_route=%2Fwp%2Fv2%2Fcomments&post=5869"}],"version-history":[{"count":1,"href":"https:\/\/mbloretanska.pl\/index.php?rest_route=\/wp\/v2\/posts\/5869\/revisions"}],"predecessor-version":[{"id":5870,"href":"https:\/\/mbloretanska.pl\/index.php?rest_route=\/wp\/v2\/posts\/5869\/revisions\/5870"}],"wp:featuredmedia":[{"embeddable":true,"href":"https:\/\/mbloretanska.pl\/index.php?rest_route=\/wp\/v2\/media\/3833"}],"wp:attachment":[{"href":"https:\/\/mbloretanska.pl\/index.php?rest_route=%2Fwp%2Fv2%2Fmedia&parent=5869"}],"wp:term":[{"taxonomy":"category","embeddable":true,"href":"https:\/\/mbloretanska.pl\/index.php?rest_route=%2Fwp%2Fv2%2Fcategories&post=5869"},{"taxonomy":"post_tag","embeddable":true,"href":"https:\/\/mbloretanska.pl\/index.php?rest_route=%2Fwp%2Fv2%2Ftags&post=5869"}],"curies":[{"name":"wp","href":"https:\/\/api.w.org\/{rel}","templated":true}]}}