{"id":5847,"date":"2025-06-07T17:29:54","date_gmt":"2025-06-07T15:29:54","guid":{"rendered":"https:\/\/mbloretanska.pl\/?p=5847"},"modified":"2025-06-07T17:31:12","modified_gmt":"2025-06-07T15:31:12","slug":"intencje-mszalne-08-14-06-2025","status":"publish","type":"post","link":"https:\/\/mbloretanska.pl\/?p=5847","title":{"rendered":"intencje mszalne 08-14.06.2025"},"content":{"rendered":"<section  class='av_textblock_section av-mbme2mlj-6f3c30de8681edf2d652f79c16a04adb '   itemscope=\"itemscope\" itemtype=\"https:\/\/schema.org\/BlogPosting\" itemprop=\"blogPost\" ><div class='avia_textblock'  itemprop=\"text\" ><p class=\"s2\">&nbsp;<\/p>\n<table>\n<tbody>\n<tr>\n<td class=\"s3\" colspan=\"2\">\n<div>\n<p class=\"s4\">&nbsp;<\/p>\n<\/div>\n<\/td>\n<\/tr>\n<tr>\n<td colspan=\"2\">\n<div>\n<p class=\"s6\" style=\"text-align: center;\"><span class=\"s5\">NIEDZIELA<\/span><a name=\"_GoBack\"><\/a><\/p>\n<p class=\"s8\" style=\"text-align: center;\"><span class=\"s7\">UROCZYSTO\u015a\u0106 <\/span><span class=\"s7\">ZES\u0141ANIA DUCHA \u015aWI\u0118TEGO<\/span><\/p>\n<p class=\"s6\" style=\"text-align: center;\"><span class=\"s9\">(<\/span><span class=\"s9\">8<\/span><span class=\"s9\"> czerwca<\/span><span class=\"s9\"> 202<\/span><span class=\"s9\">5<\/span><span class=\"s9\"> r.)<\/span><\/p>\n<\/div>\n<\/td>\n<\/tr>\n<tr>\n<td>\n<div>\n<p class=\"s10\"><span class=\"s9\">7<\/span><span class=\"s9\">:00<\/span><\/p>\n<\/div>\n<\/td>\n<td>\n<div>\n<p class=\"s2\"><span class=\"s11\">+ Leokadi\u0119, Hann\u0119, Andrzeja, Kazimierza SO\u0106KO, Marka ADAMSKIEGO, <\/span><span class=\"s11\"><br \/>\n<\/span><span class=\"s11\">&nbsp; zm. z r. SO\u0106KO, JASTRZ\u0118BOWSKICH i ADAMSKICH. <\/span><\/p>\n<\/div>\n<\/td>\n<\/tr>\n<tr>\n<td>\n<div>\n<p class=\"s10\"><span class=\"s9\">8<\/span><span class=\"s9\">:<\/span><span class=\"s9\">30<\/span><\/p>\n<\/div>\n<\/td>\n<td>\n<div>\n<p class=\"s15\"><span class=\"s12\">+ <\/span><span class=\"s13\">Mariann\u0119 i Janusza MALENT\u00d3W, Wac\u0142awa OLESZCZUKA, <\/span><span class=\"s13\">Wand\u0119 OLESZCZUK,<\/span><span class=\"s13\"><br \/>\n<\/span><span class=\"s13\">&nbsp; <\/span><span class=\"s13\">zm. z r. KO\u0143K\u00d3W,<\/span> <span class=\"s13\">MALENT\u00d3W, MATE\u0143K\u00d3W i OLESZCZUK\u00d3W.<\/span><\/p>\n<\/div>\n<\/td>\n<\/tr>\n<tr>\n<td>\n<div>\n<p class=\"s16\"><span class=\"s9\">10<\/span><span class=\"s9\">:<\/span><span class=\"s9\">00<\/span><\/p>\n<\/div>\n<\/td>\n<td>\n<div>\n<div class=\"s18\"><span class=\"s17\">\u2022 <\/span><span class=\"s11\">O Bo\u017ce b\u0142ogos\u0142awie\u0144stwo, opiek\u0119 Matki Bo\u017cej na ka\u017cdy dzie\u0144 dla ks. Proboszcza Zbigniewa KLOCHA (z okazji imienin)<\/span> <span class=\"s11\">int<\/span><span class=\"s11\">. od \u017bywego R\u00f3\u017ca\u0144ca. <\/span><\/div>\n<\/div>\n<\/td>\n<\/tr>\n<tr>\n<td>\n<div>\n<p class=\"s16\"><span class=\"s9\">11<\/span><span class=\"s9\">:<\/span><span class=\"s9\">00<\/span><\/p>\n<\/div>\n<\/td>\n<td>\n<div>\n<p class=\"s2\"><span class=\"s11\">+ Leokadi\u0119 i Jana RUDNIK\u00d3W. <\/span><\/p>\n<\/div>\n<\/td>\n<\/tr>\n<tr>\n<td>\n<div>\n<p class=\"s16\"><span class=\"s9\">12:30<\/span><\/p>\n<\/div>\n<\/td>\n<td>\n<div>\n<div class=\"s18\"><span class=\"s17\">\u2022 <\/span><span class=\"s11\">Int<\/span><span class=\"s11\">. dzi\u0119kczynna za wyb\u00f3r prezydenta RP, z pro\u015bb\u0105 o potrzebne \u0142aski dla niego i ca\u0142ej jego rodziny oraz o dar pokoju na \u015bwiecie. <\/span><\/div>\n<div class=\"s18\"><span class=\"s17\">\u2022 <\/span><span class=\"s11\">W intencji Panu Bogu wiadomej.<\/span><\/div>\n<p class=\"s2\"><span class=\"s11\">+ Urszul\u0119 SOBO\u0143.<\/span><\/p>\n<p class=\"s2\"><span class=\"s11\">+ Mariann\u0119 KALI\u0143SK\u0104 (30 dni po pogrzebie) <\/span><span class=\"s11\">int<\/span><span class=\"s11\">. od uczestnik\u00f3w pogrzebu. <\/span><\/p>\n<p class=\"s2\"><span class=\"s11\">+ Jerzego KU\u015aMIERZ (30 dzie\u0144 po \u015bmierci). <\/span><\/p>\n<p class=\"s2\"><span class=\"s11\">+ Blandyn\u0119 BANK (30 dzie\u0144 po \u015bmierci).<\/span><\/p>\n<\/div>\n<\/td>\n<\/tr>\n<tr>\n<td>\n<div>\n<p class=\"s16\"><span class=\"s9\">18:00<\/span><\/p>\n<\/div>\n<\/td>\n<td>\n<div>\n<p class=\"s2\"><span class=\"s11\">+ Helen\u0119 CHABKO (<\/span><span class=\"s11\">greg<\/span><span class=\"s11\">. <\/span><span class=\"s11\">8<\/span><span class=\"s11\">.)<\/span><\/p>\n<\/div>\n<\/td>\n<\/tr>\n<tr>\n<td class=\"s3\" colspan=\"2\">\n<div>\n<p class=\"s10\">&nbsp;<\/p>\n<\/div>\n<\/td>\n<\/tr>\n<tr>\n<td colspan=\"2\">\n<div>\n<p class=\"s10\" style=\"text-align: center;\"><span class=\"s9\">PONIEDZIA\u0141EK<\/span> <span class=\"s9\">(<\/span><span class=\"s9\">9<\/span><span class=\"s9\"> czerwca<\/span><span class=\"s9\">) <\/span><\/p>\n<p class=\"s10\" style=\"text-align: center;\"><span class=\"s9\">NMP Matki Ko\u015bcio\u0142a \u2013 \u015bwi\u0119to <\/span><\/p>\n<\/div>\n<\/td>\n<\/tr>\n<tr>\n<td>\n<div>\n<p class=\"s10\"><span class=\"s9\">7:0<\/span><span class=\"s9\">0<\/span><\/p>\n<\/div>\n<\/td>\n<td>\n<div>\n<p class=\"s2\">&nbsp;<\/p>\n<\/div>\n<\/td>\n<\/tr>\n<tr>\n<td>\n<div>\n<p class=\"s10\"><span class=\"s9\">8:<\/span><span class=\"s9\">0<\/span><span class=\"s9\">0<\/span><\/p>\n<\/div>\n<\/td>\n<td>\n<div>\n<div class=\"s19\">1) <span class=\"s12\">+ <\/span><span class=\"s12\">Piotra DOPIERALSKIEGO, Waleri\u0119 i Boles\u0142awa JANKOWSKICH, <\/span><span class=\"s12\"><br \/>\n<\/span><span class=\"s12\">&nbsp; Janin\u0119 i Franciszka WODZI\u0143SKICH, Alfreda S\u0141UPECKIEGO, <\/span><span class=\"s12\"><br \/>\n<\/span><span class=\"s12\">&nbsp; Janusza CICHOCKIEGO.<\/span><\/div>\n<div class=\"s19\">2) <span class=\"s12\">+ Za zmar\u0142e nauczycielki: Joann\u0119 DEPERAS oraz Beat\u0119 B\u0141ASZCZYK, <\/span><span class=\"s12\"><br \/>\n<\/span><span class=\"s12\">&nbsp; o Bo\u017ce mi\u0142osierdzie, \u0142ask\u0119 zbawienia i dar \u017cycia wiecznego dla nich. <\/span><\/div>\n<\/div>\n<\/td>\n<\/tr>\n<tr>\n<td>\n<div>\n<p class=\"s10\"><span class=\"s9\">18:00<\/span><\/p>\n<\/div>\n<\/td>\n<td>\n<div>\n<p class=\"s2\"><span class=\"s11\">+<\/span> <span class=\"s11\">Helen\u0119 CHABKO (<\/span><span class=\"s11\">greg<\/span><span class=\"s11\">. 9.)<\/span><\/p>\n<\/div>\n<\/td>\n<\/tr>\n<tr>\n<td class=\"s3\" colspan=\"2\">\n<div>\n<p class=\"s2\">&nbsp;<\/p>\n<\/div>\n<\/td>\n<\/tr>\n<tr>\n<td colspan=\"2\">\n<div>\n<p class=\"s10\" style=\"text-align: center;\"><span class=\"s9\">WTOREK (<\/span><span class=\"s9\">10<\/span><span class=\"s9\"> czerwca<\/span><span class=\"s9\">)<\/span><\/p>\n<\/div>\n<\/td>\n<\/tr>\n<tr>\n<td>\n<div>\n<p class=\"s10\"><span class=\"s9\">7<\/span><span class=\"s9\">:<\/span><span class=\"s9\">00<\/span><\/p>\n<\/div>\n<\/td>\n<td>\n<div>\n<p class=\"s2\"><span class=\"s11\">+ <\/span><span class=\"s11\">Helen\u0119 CHABKO (<\/span><span class=\"s11\">greg<\/span><span class=\"s11\">. 10.)<\/span><\/p>\n<\/div>\n<\/td>\n<\/tr>\n<tr>\n<td>\n<div>\n<p class=\"s10\"><span class=\"s9\">8<\/span><span class=\"s9\">:0<\/span><span class=\"s9\">0<\/span><\/p>\n<\/div>\n<\/td>\n<td>\n<div>\n<p class=\"s2\"><span class=\"s11\">+ <\/span><span class=\"s11\">Alicj\u0119 SAWICK\u0104 (w rocznic\u0119 \u015bmierci) i za jej rodzic\u00f3w. <\/span><\/p>\n<\/div>\n<\/td>\n<\/tr>\n<tr>\n<td>\n<div>\n<p class=\"s10\"><span class=\"s9\">18:00<\/span><\/p>\n<\/div>\n<\/td>\n<td>\n<div>\n<p class=\"s2\"><span class=\"s11\">+<\/span> <span class=\"s11\">Za \u015bp. Siostr\u0119 i jej dzieci: Mariann\u0119, Jolant\u0119, Andrzeja i Marka. <\/span><\/p>\n<\/div>\n<\/td>\n<\/tr>\n<tr>\n<td class=\"s20\" colspan=\"2\">\n<div>\n<p class=\"s2\">&nbsp;<\/p>\n<\/div>\n<\/td>\n<\/tr>\n<tr>\n<td colspan=\"2\">\n<div>\n<p class=\"s10\" style=\"text-align: center;\"><span class=\"s9\">\u015aRODA <\/span><span class=\"s9\">(<\/span><span class=\"s9\">11<\/span><span class=\"s9\"> czerwca<\/span><span class=\"s9\">)<\/span><\/p>\n<p class=\"s10\" style=\"text-align: center;\"><span class=\"s9\">\u015aw. Barnaby Aposto\u0142a \u2013 wspomnienie<\/span><\/p>\n<\/div>\n<\/td>\n<\/tr>\n<tr>\n<td>\n<div>\n<p class=\"s10\"><span class=\"s9\">7:00<\/span><\/p>\n<\/div>\n<\/td>\n<td>\n<div>\n<p class=\"s2\" style=\"text-align: left;\"><span class=\"s11\">+ <\/span><span class=\"s11\">Helen\u0119 CHABKO <\/span><span class=\"s11\">(<\/span><span class=\"s11\">greg<\/span><span class=\"s11\">. <\/span><span class=\"s11\">11<\/span><span class=\"s11\">.<\/span><span class=\"s11\">)<\/span><\/p>\n<\/div>\n<\/td>\n<\/tr>\n<tr>\n<td>\n<div>\n<p class=\"s10\"><span class=\"s9\">8:00<\/span><\/p>\n<\/div>\n<\/td>\n<td>\n<div>\n<p class=\"s2\"><span class=\"s11\">+<\/span> <span class=\"s11\">Za wszystkie dusze czy\u015b\u0107cowe.<\/span><\/p>\n<\/div>\n<\/td>\n<\/tr>\n<tr>\n<td>\n<div>\n<p class=\"s10\"><span class=\"s9\">17:45<\/span><\/p>\n<\/div>\n<\/td>\n<td>\n<div>\n<div class=\"s18\"><span class=\"s17\">\u2022 <\/span><span class=\"s11\">Nawr\u00f3cenie dla Piotra i Paw\u0142a. <\/span><\/div>\n<p class=\"s2\"><span class=\"s11\">+ Tomasza REDOSZ (1 r. <\/span><span class=\"s11\">\u015bm<\/span><span class=\"s11\">.)<\/span><\/p>\n<p class=\"s2\"><span class=\"s11\">+ Ann\u0119 (3 r. <\/span><span class=\"s11\">\u015bm<\/span><span class=\"s11\">.) oraz za wszystkie dusze w czy\u015b\u0107cu cierpi\u0105ce. <\/span><\/p>\n<\/div>\n<\/td>\n<\/tr>\n<tr>\n<td class=\"s3\" colspan=\"2\">\n<div>\n<p class=\"s10\">&nbsp;<\/p>\n<\/div>\n<\/td>\n<\/tr>\n<tr>\n<td colspan=\"2\">\n<div>\n<p class=\"s10\" style=\"text-align: center;\"><span class=\"s9\">CZWARTE<\/span><span class=\"s9\">K<\/span><span class=\"s9\">&nbsp; <\/span><span class=\"s9\">(<\/span><span class=\"s9\">12<\/span><span class=\"s9\"> czerwca<\/span><span class=\"s9\">)<\/span><\/p>\n<p class=\"s10\" style=\"text-align: center;\"><span class=\"s9\">Jezusa Chrystusa, Najwy\u017cszego i Wiecznego Kap\u0142ana \u2013 \u015bwi\u0119to <\/span><\/p>\n<\/div>\n<\/td>\n<\/tr>\n<tr>\n<td>\n<div>\n<p class=\"s10\"><span class=\"s9\">7:00<\/span><\/p>\n<\/div>\n<\/td>\n<td>\n<div>\n<p class=\"s2\"><span class=\"s11\">+ <\/span><span class=\"s11\">Helen\u0119 CHABKO <\/span><span class=\"s11\">(<\/span><span class=\"s11\">greg<\/span><span class=\"s11\">. <\/span><span class=\"s11\">12.<\/span><span class=\"s11\">)<\/span><\/p>\n<\/div>\n<\/td>\n<\/tr>\n<tr>\n<td>\n<div>\n<p class=\"s10\"><span class=\"s9\">8:00<\/span><\/p>\n<\/div>\n<\/td>\n<td>\n<div>\n<div class=\"s18\"><span class=\"s17\">\u2022 <\/span><span class=\"s11\">Intencja dzi\u0119kczynna z racji rocznicy urodzin z pro\u015bb\u0105 o Bo\u017ce b\u0142ogos\u0142awie\u0144stwo, zdrowie, opiek\u0119 Matki Bo\u017cej Loreta\u0144skiej i potrzebne \u0142aski dla Ma\u0142gorzaty W\u0141ODARSKIEJ w dalszym \u017cyciu. <\/span><\/div>\n<\/div>\n<\/td>\n<\/tr>\n<tr>\n<td>\n<div>\n<p class=\"s10\"><span class=\"s9\">18:00<\/span><\/p>\n<\/div>\n<\/td>\n<td>\n<div>\n<p class=\"s2\"><span class=\"s11\">+ <\/span><span class=\"s11\">Za m\u0119\u017ca Tadeusza PUD\u0141O (4 r. <\/span><span class=\"s11\">\u015bm<\/span><span class=\"s11\">.) <\/span><span class=\"s11\"><br \/>\n<\/span><span class=\"s11\">&nbsp; i Barbar\u0119 KLEMENSK\u0104 \u2013 przyjaci\u00f3\u0142k\u0119 rodziny (miesi\u0105c po \u015bmierci). <\/span><\/p>\n<\/div>\n<\/td>\n<\/tr>\n<tr>\n<td class=\"s3\" colspan=\"2\">\n<div>\n<p class=\"s10\">&nbsp;<\/p>\n<\/div>\n<\/td>\n<\/tr>\n<tr>\n<td colspan=\"2\">\n<div>\n<p class=\"s10\" style=\"text-align: center;\"><span class=\"s9\">PI\u0104TEK<\/span><span class=\"s9\">&nbsp;<\/span><span class=\"s9\">(<\/span><span class=\"s9\">13<\/span><span class=\"s9\"> czerwca<\/span><span class=\"s9\">)<\/span><\/p>\n<p class=\"s10\" style=\"text-align: center;\"><span class=\"s9\">\u015aw. Antoniego z Padwy, prezbitera i doktora Ko\u015bcio\u0142a \u2013 wspomnienie <\/span><\/p>\n<\/div>\n<\/td>\n<\/tr>\n<tr>\n<td>\n<div>\n<p class=\"s10\"><span class=\"s9\">7:00<\/span><\/p>\n<\/div>\n<\/td>\n<td>&nbsp;<\/td>\n<\/tr>\n<tr>\n<td>\n<div>\n<p class=\"s10\"><span class=\"s9\">8:00<\/span><\/p>\n<\/div>\n<\/td>\n<td>\n<div>\n<div class=\"s18\"><span class=\"s17\">\u2022 <\/span><span class=\"s11\">Int<\/span><span class=\"s11\">. dzi\u0119kczynna w 5 rocznic\u0119 konsekracji Barbary KOWALKOWSKIEJ. <\/span><\/div>\n<\/div>\n<\/td>\n<\/tr>\n<tr>\n<td>\n<div>\n<p class=\"s10\"><span class=\"s9\">18:00<\/span><\/p>\n<\/div>\n<\/td>\n<td>\n<div>\n<p class=\"s2\"><span class=\"s11\">+ <\/span><span class=\"s11\">Helen\u0119 CHABKO <\/span><span class=\"s11\">(<\/span><span class=\"s11\">greg<\/span><span class=\"s11\">. <\/span><span class=\"s11\">13)<\/span><span class=\"s11\"> + <\/span><span class=\"s9\">NABO\u017bE\u0143STWO FATIMSKIE<\/span><\/p>\n<\/div>\n<\/td>\n<\/tr>\n<tr>\n<td class=\"s3\" colspan=\"2\">\n<div>\n<p class=\"s10\">&nbsp;<\/p>\n<\/div>\n<\/td>\n<\/tr>\n<tr>\n<td colspan=\"2\">\n<div>\n<p class=\"s10\" style=\"text-align: center;\"><span class=\"s9\">SOBOTA<\/span> <span class=\"s9\">(<\/span><span class=\"s9\">14<\/span><span class=\"s9\"> czerwca<\/span><span class=\"s9\">)<\/span><\/p>\n<p class=\"s10\" style=\"text-align: center;\"><span class=\"s9\">B\u0142. Micha\u0142a KOZALA, biskupa i m\u0119czennika \u2013 wspomnienie <\/span><\/p>\n<\/div>\n<\/td>\n<\/tr>\n<tr>\n<td>\n<div>\n<p class=\"s16\"><span class=\"s9\">7:00<\/span><\/p>\n<\/div>\n<\/td>\n<td>\n<div>\n<p class=\"s2\"><span class=\"s11\">+ Helen\u0119 CHABKO (<\/span><span class=\"s11\">greg<\/span><span class=\"s11\">. <\/span><span class=\"s11\">14<\/span><span class=\"s11\">.)<\/span><\/p>\n<\/div>\n<\/td>\n<\/tr>\n<tr>\n<td>\n<div>\n<p class=\"s16\"><span class=\"s9\">8:00<\/span><\/p>\n<\/div>\n<\/td>\n<td>\n<div>\n<div class=\"s18\"><span class=\"s17\">\u2022 <\/span><span class=\"s11\">W intencjach czcicieli \u015bw. Micha\u0142a Archanio\u0142a. <\/span><\/div>\n<\/div>\n<\/td>\n<\/tr>\n<tr>\n<td>\n<div>\n<p class=\"s16\"><span class=\"s9\">18:00<\/span><\/p>\n<\/div>\n<\/td>\n<td>\n<div>\n<p class=\"s2\"><span class=\"s11\">+ <\/span><span class=\"s11\">Kazimier\u0119 i Aleksandra KRUK. <\/span>&nbsp;<\/p>\n<\/div>\n<\/td>\n<\/tr>\n<\/tbody>\n<\/table>\n<\/div><\/section>\n","protected":false},"excerpt":{"rendered":"","protected":false},"author":1,"featured_media":3833,"comment_status":"closed","ping_status":"closed","sticky":false,"template":"","format":"standard","meta":{"ngg_post_thumbnail":0,"footnotes":""},"categories":[6],"tags":[],"class_list":["post-5847","post","type-post","status-publish","format-standard","has-post-thumbnail","hentry","category-intencje-mszalne"],"_links":{"self":[{"href":"https:\/\/mbloretanska.pl\/index.php?rest_route=\/wp\/v2\/posts\/5847","targetHints":{"allow":["GET"]}}],"collection":[{"href":"https:\/\/mbloretanska.pl\/index.php?rest_route=\/wp\/v2\/posts"}],"about":[{"href":"https:\/\/mbloretanska.pl\/index.php?rest_route=\/wp\/v2\/types\/post"}],"author":[{"embeddable":true,"href":"https:\/\/mbloretanska.pl\/index.php?rest_route=\/wp\/v2\/users\/1"}],"replies":[{"embeddable":true,"href":"https:\/\/mbloretanska.pl\/index.php?rest_route=%2Fwp%2Fv2%2Fcomments&post=5847"}],"version-history":[{"count":3,"href":"https:\/\/mbloretanska.pl\/index.php?rest_route=\/wp\/v2\/posts\/5847\/revisions"}],"predecessor-version":[{"id":5850,"href":"https:\/\/mbloretanska.pl\/index.php?rest_route=\/wp\/v2\/posts\/5847\/revisions\/5850"}],"wp:featuredmedia":[{"embeddable":true,"href":"https:\/\/mbloretanska.pl\/index.php?rest_route=\/wp\/v2\/media\/3833"}],"wp:attachment":[{"href":"https:\/\/mbloretanska.pl\/index.php?rest_route=%2Fwp%2Fv2%2Fmedia&parent=5847"}],"wp:term":[{"taxonomy":"category","embeddable":true,"href":"https:\/\/mbloretanska.pl\/index.php?rest_route=%2Fwp%2Fv2%2Fcategories&post=5847"},{"taxonomy":"post_tag","embeddable":true,"href":"https:\/\/mbloretanska.pl\/index.php?rest_route=%2Fwp%2Fv2%2Ftags&post=5847"}],"curies":[{"name":"wp","href":"https:\/\/api.w.org\/{rel}","templated":true}]}}