{"id":5845,"date":"2025-06-06T12:17:58","date_gmt":"2025-06-06T10:17:58","guid":{"rendered":"https:\/\/mbloretanska.pl\/?p=5845"},"modified":"2025-06-06T12:17:59","modified_gmt":"2025-06-06T10:17:59","slug":"uroczystosc-zeslania-ducha-swietego-08-06-2025","status":"publish","type":"post","link":"https:\/\/mbloretanska.pl\/?p=5845","title":{"rendered":"uroczysto\u015b\u0107 zes\u0142ania ducha \u015bwi\u0119tego 08.06.2025"},"content":{"rendered":"<section  class='av_textblock_section av-mbknibs1-f1a507704ad8350fb49ad0eaab6f3d7a '   itemscope=\"itemscope\" itemtype=\"https:\/\/schema.org\/BlogPosting\" itemprop=\"blogPost\" ><div class='avia_textblock'  itemprop=\"text\" ><p class=\"gmail-MsoListParagraphCxSpFirst\">1.&nbsp;&nbsp;&nbsp;&nbsp; Wczoraj w katedrze Bp Romuald Kami\u0144ski udzieli\u0142 \u015bwi\u0119ce\u0144 prezbiteratu czterem diakonom naszej diecezji. Mamy wi\u0119c czterech nowych kap\u0142an\u00f3w.<\/p>\n<p class=\"gmail-MsoListParagraphCxSpMiddle\">2.&nbsp;&nbsp;&nbsp;&nbsp; Uroczysto\u015b\u0107 Zes\u0142ania Ducha \u015awi\u0119tego ko\u0144czy okres wielkanocny.&nbsp;Udziela si\u0119 odpustu zupe\u0142nego wiernym, kt\u00f3rzy dzi\u015b b\u0119d\u0105 pobo\u017cnie uczestniczy\u0107 w recytacji lub \u015bpiewie hymnu: <i>O Stworzycielu Duchu Przyjd\u017a<\/i>. W roku liturgicznym powracamy do okresu zwyk\u0142ego. Jutro drugi dzie\u0144 Zielonych \u015awi\u0105t, w kt\u00f3rym obchodzimy \u015bwi\u0119to NMP Matki Ko\u015bcio\u0142a.<\/p>\n<p class=\"gmail-MsoListParagraphCxSpMiddle\">3.&nbsp;&nbsp;&nbsp;&nbsp; W czwartek \u015bwi\u0119to Jezusa Chrystusa Najwy\u017cszego i Wiecznego Kap\u0142ana.<\/p>\n<p class=\"gmail-MsoListParagraphCxSpMiddle\">4.&nbsp;&nbsp;&nbsp;&nbsp; W pi\u0105tek 13 czerwca&nbsp; po Mszy wieczornej zapraszamy na nabo\u017ce\u0144stwo fatimskie. Intencje do r\u00f3\u017ca\u0144ca mo\u017cemy sk\u0142ada\u0107 do ksi\u0119\u017cy oraz do skarbonki przy kaplicy \u015bw. Antoniego.<\/p>\n<p class=\"gmail-MsoListParagraphCxSpLast\">5.&nbsp;&nbsp;&nbsp;&nbsp; Za tydzie\u0144 Niedziela Tr\u00f3jcy \u015awi\u0119tej. Zako\u0144czy si\u0119 okres spowiedzi wielkanocnej.<\/p>\n<p>6.&nbsp;&nbsp;&nbsp;&nbsp; Zbli\u017ca si\u0119 Uroczysto\u015b\u0107 Bo\u017cego Cia\u0142a, kt\u00f3r\u0105 b\u0119dziemy obchodzili 19 czerwca. Zapraszamy wszystkich nie tylko do udzia\u0142u w procesji, ale tak\u017ce do czynnego w\u0142\u0105czenia si\u0119 w przygotowanie orszaku procesyjnego i czterech o\u0142tarzy. Procesja wyruszy tradycyjnie po Mszy \u015bw. o godz. 11.00.&nbsp;&nbsp;<\/p>\n<p class=\"gmail-MsoListParagraphCxSpFirst\">7.&nbsp;&nbsp;&nbsp;&nbsp; Ze wzgl\u0119du na organizacj\u0119 pracy parafialnej przedpo\u0142udniowa adoracja Naj\u015bwi\u0119tszego Sakramentu w czwartki b\u0119dzie trwa\u0142a do godz. 10.00. Godziny popo\u0142udniowe pozostaj\u0105 bez zmian.<\/p>\n<p class=\"gmail-MsoListParagraphCxSpLast\">8.&nbsp;&nbsp;&nbsp;&nbsp; Z racji II niedzieli miesi\u0105ca dzi\u015b taca na inwestycje parafialne. Przygotowujemy si\u0119 do zako\u0144czenia remontu g\u00f3rnej cz\u0119\u015bci dachu. Chodzi o t\u0119 cz\u0119\u015b\u0107, kt\u00f3ra, jest powy\u017cej linii okien. W tym roku planujemy te\u017c przywr\u00f3cenie dawnej wersji przestrzeni nad o\u0142tarzem tzn. pozostawienie zabytkowego krzy\u017ca i usuni\u0119cie malowid\u0142a golgoty. Dzi\u0119kujemy za wszystkie sk\u0142adane ofiary.<\/p>\n<p>9.&nbsp;&nbsp;&nbsp;&nbsp; Za tydzie\u0144 zbi\u00f3rka do puszek na utrzymanie parafii \u015bw. Augustyna w Sierra Leone w Afryce.<\/p>\n<p>10. Wraz z pocz\u0105tkiem wakacji tzn. ju\u017c od ostatniej niedzieli czerwca tak jak w zesz\u0142ym roku nast\u0105pi zmiana w porz\u0105dku niedzielnych Mszy \u015bw. Do ko\u0144ca sierpnia nie b\u0119dzie Mszy \u015bw. o godz. 12.30. Nasza wsp\u00f3lna, parafialna Msza \u015bw. (ostatnia&nbsp; przed po\u0142udniem) b\u0119dzie odprawiana o godz. 11.00. Pozosta\u0142e godziny bez zmian. <i><\/i><\/p>\n<p>11. Wszystkim solenizantom i jubilatom tego tygodnia \u017cyczymy mi\u0142o\u015bci od bliskich, Bo\u017cego b\u0142ogos\u0142awie\u0144stwa i opieki \u015bw. patron\u00f3w.<\/p>\n<\/div><\/section>\n","protected":false},"excerpt":{"rendered":"","protected":false},"author":1,"featured_media":3832,"comment_status":"closed","ping_status":"closed","sticky":false,"template":"","format":"standard","meta":{"ngg_post_thumbnail":0,"footnotes":""},"categories":[3],"tags":[],"class_list":["post-5845","post","type-post","status-publish","format-standard","has-post-thumbnail","hentry","category-ogloszenia-duszpasterskie"],"_links":{"self":[{"href":"https:\/\/mbloretanska.pl\/index.php?rest_route=\/wp\/v2\/posts\/5845","targetHints":{"allow":["GET"]}}],"collection":[{"href":"https:\/\/mbloretanska.pl\/index.php?rest_route=\/wp\/v2\/posts"}],"about":[{"href":"https:\/\/mbloretanska.pl\/index.php?rest_route=\/wp\/v2\/types\/post"}],"author":[{"embeddable":true,"href":"https:\/\/mbloretanska.pl\/index.php?rest_route=\/wp\/v2\/users\/1"}],"replies":[{"embeddable":true,"href":"https:\/\/mbloretanska.pl\/index.php?rest_route=%2Fwp%2Fv2%2Fcomments&post=5845"}],"version-history":[{"count":1,"href":"https:\/\/mbloretanska.pl\/index.php?rest_route=\/wp\/v2\/posts\/5845\/revisions"}],"predecessor-version":[{"id":5846,"href":"https:\/\/mbloretanska.pl\/index.php?rest_route=\/wp\/v2\/posts\/5845\/revisions\/5846"}],"wp:featuredmedia":[{"embeddable":true,"href":"https:\/\/mbloretanska.pl\/index.php?rest_route=\/wp\/v2\/media\/3832"}],"wp:attachment":[{"href":"https:\/\/mbloretanska.pl\/index.php?rest_route=%2Fwp%2Fv2%2Fmedia&parent=5845"}],"wp:term":[{"taxonomy":"category","embeddable":true,"href":"https:\/\/mbloretanska.pl\/index.php?rest_route=%2Fwp%2Fv2%2Fcategories&post=5845"},{"taxonomy":"post_tag","embeddable":true,"href":"https:\/\/mbloretanska.pl\/index.php?rest_route=%2Fwp%2Fv2%2Ftags&post=5845"}],"curies":[{"name":"wp","href":"https:\/\/api.w.org\/{rel}","templated":true}]}}