{"id":5839,"date":"2025-05-29T13:32:12","date_gmt":"2025-05-29T11:32:12","guid":{"rendered":"https:\/\/mbloretanska.pl\/?p=5839"},"modified":"2025-05-29T13:32:13","modified_gmt":"2025-05-29T11:32:13","slug":"wniebowstapienie-panskie-01-06-2025","status":"publish","type":"post","link":"https:\/\/mbloretanska.pl\/?p=5839","title":{"rendered":"wniebowst\u0105pienie pa\u0144skie 01.06.2025"},"content":{"rendered":"<section  class='av_textblock_section av-mb9amgyz-5acd2771f760d1c7109c72a14a1681b9 '   itemscope=\"itemscope\" itemtype=\"https:\/\/schema.org\/BlogPosting\" itemprop=\"blogPost\" ><div class='avia_textblock'  itemprop=\"text\" ><p class=\"gmail-MsoListParagraphCxSpFirst\">1.&nbsp;&nbsp;&nbsp;&nbsp; Dzi\u015b, z racji I niedzieli miesi\u0105ca o godz. 16.00 spotkanie K\u00f3\u0142 \u017bywego R\u00f3\u017ca\u0144ca. O 17.00 wystawienie i prywatna adoracja Naj\u015bwi\u0119tszego Sakramentu. O 17.30 nabo\u017ce\u0144stwo eucharystyczne po\u0142\u0105czone z nabo\u017ce\u0144stwem czerwcowym.<\/p>\n<p class=\"gmail-MsoListParagraphCxSpMiddle\">2.&nbsp;&nbsp;&nbsp;&nbsp; Dzisiaj po Mszy \u015bw. o 18.00 pierwsze spotkanie organizacyjne nowej grupy kandydat\u00f3w do bierzmowania. Zapraszamy m\u0142odzie\u017c z kl. VIII i ze szk\u00f3\u0142 \u015brednich.<\/p>\n<p class=\"gmail-MsoListParagraphCxSpMiddle\">3.&nbsp;&nbsp;&nbsp;&nbsp; Wszystkim uczestnikom nabo\u017ce\u0144stw majowych serdecznie dzi\u0119kujemy za wsp\u00f3ln\u0105 modlitw\u0119. Zapraszamy na nabo\u017ce\u0144stwa czerwcowe z litani\u0105 do Naj\u015bwi\u0119tszego Serca Pana Jezusa, kt\u00f3re odprawiamy po Mszy wieczornej.<\/p>\n<p class=\"gmail-MsoListParagraphCxSpMiddle\">4.&nbsp;&nbsp;&nbsp;&nbsp; Od&nbsp; 1 czerwca ju\u017c na sta\u0142e ze wzgl\u0119du na organizacj\u0119 pracy parafialnej w czwartki przedpo\u0142udniowa adoracja Naj\u015bwi\u0119tszego Sakramentu b\u0119dzie trwa\u0142a nie jak do tej pory 2,5 ale 1,5 godziny i b\u0119dzie ko\u0144czy\u0107 si\u0119 o godz. 10.00. Godziny popo\u0142udniowe pozostaj\u0105 bez zmian.<\/p>\n<p class=\"gmail-MsoListParagraphCxSpLast\">5.&nbsp;&nbsp;&nbsp;&nbsp; W najbli\u017cszy czwartek ze wzgl\u0119du na dzie\u0144 skupienia dla szko\u0142y Wyspa JP2 przedpo\u0142udniowej adoracji nie b\u0119dzie.<\/p>\n<p>6.&nbsp;&nbsp;&nbsp;&nbsp; W tym tygodniu przypada I pi\u0105tek i I sobota miesi\u0105ca. Msze \u015bw. o NSPJ oraz o Niepokalanym Sercu Maryi o sta\u0142ych porach.<\/p>\n<p>7.&nbsp;&nbsp;&nbsp;&nbsp; Za tydzie\u0144 Uroczysto\u015b\u0107 Zes\u0142ania Ducha \u015awi\u0119tego.<\/p>\n<p>8.&nbsp;&nbsp;&nbsp;&nbsp; W pi\u0105tek 6 czerwca o godz. 17.00 nasza biblioteka przy ul. Skoczylasa 9 zaprasza na salon literacki z wierszami i piosenkami do tekst\u00f3w ks. Jana Twardowskiego. Wi\u0119cej informacji na plakacie.<\/p>\n<p>9.&nbsp;&nbsp;&nbsp;&nbsp; Zbli\u017ca si\u0119 Uroczysto\u015b\u0107 Bo\u017cego Cia\u0142a, kt\u00f3r\u0105 b\u0119dziemy obchodzili 19 czerwca. Zapraszamy wszystkich nie tylko do udzia\u0142u w procesji, ale tak\u017ce do czynnego w\u0142\u0105czenia si\u0119 &nbsp;w przygotowanie orszaku procesyjnego i czterech o\u0142tarzy.<\/p>\n<p>10. &nbsp; &nbsp;Wraz z pocz\u0105tkiem wakacji tzn. ju\u017c od ostatniej niedzieli czerwca tak jak w zesz\u0142ym roku nast\u0105pi zmiana w porz\u0105dku niedzielnych Mszy \u015bw. Do ko\u0144ca sierpnia nie b\u0119dzie Mszy \u015bw. o godz. 12.30. Nasza wsp\u00f3lna, parafialna Msza \u015bw. (ostatnia&nbsp; przed po\u0142udniem) b\u0119dzie odprawiana o godz. 11.00. Pozosta\u0142e godziny bez zmian.<\/p>\n<p>11. &nbsp; &nbsp;Wszystkim dzieciom z okazji Dnia Dziecka \u017cyczymy, aby otoczone m\u0105dr\u0105 mi\u0142o\u015bci\u0105 rodzic\u00f3w i dziadk\u00f3w ros\u0142y szcz\u0119\u015bliwie rozwijaj\u0105c wszystkie otrzymane od Pana Boga talenty i zdolno\u015bci.<\/p>\n<\/div><\/section>\n","protected":false},"excerpt":{"rendered":"","protected":false},"author":1,"featured_media":3832,"comment_status":"closed","ping_status":"closed","sticky":false,"template":"","format":"standard","meta":{"ngg_post_thumbnail":0,"footnotes":""},"categories":[3],"tags":[],"class_list":["post-5839","post","type-post","status-publish","format-standard","has-post-thumbnail","hentry","category-ogloszenia-duszpasterskie"],"_links":{"self":[{"href":"https:\/\/mbloretanska.pl\/index.php?rest_route=\/wp\/v2\/posts\/5839","targetHints":{"allow":["GET"]}}],"collection":[{"href":"https:\/\/mbloretanska.pl\/index.php?rest_route=\/wp\/v2\/posts"}],"about":[{"href":"https:\/\/mbloretanska.pl\/index.php?rest_route=\/wp\/v2\/types\/post"}],"author":[{"embeddable":true,"href":"https:\/\/mbloretanska.pl\/index.php?rest_route=\/wp\/v2\/users\/1"}],"replies":[{"embeddable":true,"href":"https:\/\/mbloretanska.pl\/index.php?rest_route=%2Fwp%2Fv2%2Fcomments&post=5839"}],"version-history":[{"count":1,"href":"https:\/\/mbloretanska.pl\/index.php?rest_route=\/wp\/v2\/posts\/5839\/revisions"}],"predecessor-version":[{"id":5840,"href":"https:\/\/mbloretanska.pl\/index.php?rest_route=\/wp\/v2\/posts\/5839\/revisions\/5840"}],"wp:featuredmedia":[{"embeddable":true,"href":"https:\/\/mbloretanska.pl\/index.php?rest_route=\/wp\/v2\/media\/3832"}],"wp:attachment":[{"href":"https:\/\/mbloretanska.pl\/index.php?rest_route=%2Fwp%2Fv2%2Fmedia&parent=5839"}],"wp:term":[{"taxonomy":"category","embeddable":true,"href":"https:\/\/mbloretanska.pl\/index.php?rest_route=%2Fwp%2Fv2%2Fcategories&post=5839"},{"taxonomy":"post_tag","embeddable":true,"href":"https:\/\/mbloretanska.pl\/index.php?rest_route=%2Fwp%2Fv2%2Ftags&post=5839"}],"curies":[{"name":"wp","href":"https:\/\/api.w.org\/{rel}","templated":true}]}}