{"id":5817,"date":"2025-05-02T13:16:10","date_gmt":"2025-05-02T11:16:10","guid":{"rendered":"https:\/\/mbloretanska.pl\/?p=5817"},"modified":"2025-05-02T13:16:11","modified_gmt":"2025-05-02T11:16:11","slug":"intencje-mszalne-04-10-2025","status":"publish","type":"post","link":"https:\/\/mbloretanska.pl\/?p=5817","title":{"rendered":"intencje mszalne 04-10.2025"},"content":{"rendered":"<section  class='av_textblock_section av-ma6p6o8p-636d10b2cfa5024cda8d6991d1327c7c '   itemscope=\"itemscope\" itemtype=\"https:\/\/schema.org\/BlogPosting\" itemprop=\"blogPost\" ><div class='avia_textblock'  itemprop=\"text\" ><table style=\"font-weight: 400;\" width=\"699\">\n<tbody>\n<tr>\n<td colspan=\"2\" width=\"699\"><strong>&nbsp;<\/strong><\/td>\n<\/tr>\n<tr>\n<td colspan=\"2\" width=\"699\">\n<p style=\"text-align: center;\"><strong>III NIEDZIELA WIELKANOCY<\/strong><\/p>\n<p style=\"text-align: center;\"><strong>(4 maja 2025 r.)<\/strong><\/p>\n<\/td>\n<\/tr>\n<tr>\n<td width=\"56\"><strong>7:00<\/strong><\/td>\n<td width=\"643\">+ Wojciecha-Mariana OLCZAKA i Ryszarda-Mariana OLCZAKA.<\/td>\n<\/tr>\n<tr>\n<td width=\"56\"><strong>8:30<\/strong><\/td>\n<td width=\"643\">\u00b7&nbsp;&nbsp;&nbsp;&nbsp;&nbsp; Int. dzi\u0119kczynna za otrzymane \u0142aski z pro\u015bb\u0105 o dary Ducha \u015awi\u0119tego, \u0142ask\u0119 wype\u0142nienia woli Bo\u017cej i pomy\u015blne zdanie egzamin\u00f3w dla Ma\u0142gorzaty.<\/td>\n<\/tr>\n<tr>\n<td width=\"56\"><strong>10:00<\/strong><\/td>\n<td width=\"643\">+ Andrzeja WINIARSKIEGO (greg. 4).<\/td>\n<\/tr>\n<tr>\n<td width=\"56\"><strong>11:00<\/strong><\/td>\n<td width=\"643\">+ za rodzic\u00f3w: Barbar\u0119 i Henryka OL\u0118DZKICH, zmar\u0142ych te\u015bci\u00f3w Danut\u0119 i Henryka<br \/>\n&nbsp;&nbsp; POCHYLSKICH oraz dusze w czy\u015b\u0107cu cierpi\u0105ce.<\/td>\n<\/tr>\n<tr>\n<td width=\"56\"><strong>12:30<\/strong><\/td>\n<td width=\"643\">\u00b7&nbsp;&nbsp;&nbsp;&nbsp;&nbsp; O Bo\u017ce b\u0142ogos\u0142awie\u0144stwo dla p. Danuty i Wojciecha BENZ\u00d3W (50 r. \u015blubu).<\/p>\n<p>+ Krystyn\u0119 METELSK\u0104 (miesi\u0105c po \u015bmierci).<\/p>\n<p>+ Helen\u0119 \u015aWI\u0104TECK\u0104 (30 dni po pogrzebie).<\/p>\n<p>+ Jadwig\u0119 LEJNERT (30 dni po \u015bmierci).<\/p>\n<p>+ Joann\u0119 WENDO\u0141OWSK\u0104 (30 dni po \u015bmierci).<\/p>\n<p>+ Mari\u0119-Antonin\u0119 CHILARECK\u0104 (30 dni po \u015bmierci).<\/p>\n<p>+ Halin\u0119 WIERZBICK\u0104 (3 tygodnie po \u015bmierci).<\/p>\n<p>+ Stanis\u0142aw\u0119, Jana, Jerzego TOMCZAK, Franciszk\u0119 i Stanis\u0142awa PAPROCKICH. &nbsp;<\/td>\n<\/tr>\n<tr>\n<td width=\"56\"><strong>18:00<\/strong><\/td>\n<td width=\"643\">+ Wies\u0142awa TRYFONA (16 r. \u015bm.) i zm. z r. URBA\u0143SKICH i TRYFON\u00d3W.<\/td>\n<\/tr>\n<tr>\n<td colspan=\"2\" width=\"699\"><strong>&nbsp;<\/strong><\/td>\n<\/tr>\n<tr>\n<td colspan=\"2\" width=\"699\">\n<p style=\"text-align: center;\"><strong>PONIEDZIA\u0141EK (5 maja)<\/strong><\/p>\n<\/td>\n<\/tr>\n<tr>\n<td width=\"56\"><strong>7:00<\/strong><\/td>\n<td width=\"643\">+ Andrzeja WINIARSKIEGO (greg. 5).<\/td>\n<\/tr>\n<tr>\n<td width=\"56\"><strong>8:00<\/strong><\/td>\n<td width=\"643\">+ Stanis\u0142awa i Jerzego CZERBNIAK (z racji imienin)<\/td>\n<\/tr>\n<tr>\n<td width=\"56\"><strong>18:00<\/strong><\/td>\n<td width=\"643\">+ Stanis\u0142aw\u0119 i Edwarda ROMAK oraz Andrzeja PAW\u0141OWSKIEGO.<\/td>\n<\/tr>\n<tr>\n<td colspan=\"2\" width=\"699\">\n<p style=\"text-align: center;\">&nbsp;<\/p>\n<\/td>\n<\/tr>\n<tr>\n<td colspan=\"2\" width=\"699\">\n<p style=\"text-align: center;\"><strong>WTOREK (6 maja)<\/strong><\/p>\n<p style=\"text-align: center;\"><strong>\u015aw. Aposto\u0142\u00f3w Filipa i Jakuba \u2013 \u015bwi\u0119to&nbsp; <\/strong><\/p>\n<\/td>\n<\/tr>\n<tr>\n<td width=\"56\"><strong>7:00<\/strong><\/td>\n<td width=\"643\">+ Andrzeja WINIARSKIEGO (greg. 6).<\/td>\n<\/tr>\n<tr>\n<td width=\"56\"><strong>8:00<\/strong><\/td>\n<td width=\"643\">&nbsp;<\/td>\n<\/tr>\n<tr>\n<td width=\"56\"><strong>18:00<\/strong><\/td>\n<td width=\"643\">+ Stanis\u0142awa MI\u0141OSZEWSKIEGO (z racji imienin).<\/td>\n<\/tr>\n<tr>\n<td colspan=\"2\" width=\"699\">&nbsp;<\/td>\n<\/tr>\n<tr>\n<td colspan=\"2\" width=\"699\">\n<p style=\"text-align: center;\"><strong>\u015aRODA &nbsp;(7 maja)<\/strong><\/p>\n<\/td>\n<\/tr>\n<tr>\n<td width=\"56\"><strong>7:00<\/strong><\/td>\n<td width=\"643\">+ Andrzeja WINIARSKIEGO (greg. 7).<\/td>\n<\/tr>\n<tr>\n<td width=\"56\"><strong>8:00<\/strong><\/td>\n<td width=\"643\">+ za zmar\u0142ych z rodziny DOBCZY\u0143SKICH: Iren\u0119 (5 r. \u015bm.), Piotra (12 r. \u015bm.) i Edwarda.<\/td>\n<\/tr>\n<tr>\n<td width=\"56\"><strong>17:45<\/strong><\/td>\n<td width=\"643\"><strong>NOWENNA<\/strong><\/p>\n<p>\u00b7&nbsp;&nbsp;&nbsp;&nbsp;&nbsp; O powodzenie i Bo\u017ce b\u0142ogos\u0142awie\u0144stwo w nowej pracy i szkole dla Julii.<\/td>\n<\/tr>\n<tr>\n<td colspan=\"2\" width=\"699\"><strong>&nbsp;<\/strong><\/td>\n<\/tr>\n<tr>\n<td colspan=\"2\" width=\"699\">\n<p style=\"text-align: center;\"><strong>CZWARTEK&nbsp;&nbsp; (8 maja)<\/strong><\/p>\n<p style=\"text-align: center;\"><strong>\u015aw. Stanis\u0142awa, biskupa i m\u0119czennika, g\u0142\u00f3wnego patrona Polski \u2013 uroczysto\u015b\u0107 <\/strong><\/p>\n<\/td>\n<\/tr>\n<tr>\n<td width=\"56\"><strong>7:00<\/strong><\/td>\n<td width=\"643\">1)&nbsp;&nbsp;&nbsp; + Andrzeja WINIARSKIEGO (greg. 8).<\/p>\n<p>2)&nbsp;&nbsp;&nbsp; + Urszul\u0119 SOBO\u0143.<\/td>\n<\/tr>\n<tr>\n<td width=\"56\"><strong>8:00<\/strong><\/td>\n<td width=\"643\">+ Mari\u0119 \u017bYDOK (w rocznic\u0119 \u015bmierci).<\/td>\n<\/tr>\n<tr>\n<td width=\"56\"><strong>18:00<\/strong><\/td>\n<td width=\"643\">\u00b7&nbsp;&nbsp;&nbsp;&nbsp;&nbsp; O \u0142ask\u0119 \u017cycia wiecznego dla Stanis\u0142awy SZULC oraz o \u0142ask\u0119 uzdrowienia.<\/td>\n<\/tr>\n<tr>\n<td colspan=\"2\" width=\"699\"><strong>&nbsp;<\/strong><\/td>\n<\/tr>\n<tr>\n<td colspan=\"2\" width=\"699\">\n<p style=\"text-align: center;\"><strong>PI\u0104TEK (9 maja)<\/strong><\/p>\n<\/td>\n<\/tr>\n<tr>\n<td width=\"56\"><strong>7:00<\/strong><\/td>\n<td width=\"643\">1)&nbsp;&nbsp;&nbsp; + Andrzeja WINIARSKIEGO (greg. 9).<\/p>\n<p>2)&nbsp;&nbsp;&nbsp; + Stanis\u0142aw\u0119 CIECHANOWSK\u0104, Andrzeja BUCZY\u0143SKIEGO, Krystyn\u0119 FIGIEL oraz zm. z tych rodzin.<\/td>\n<\/tr>\n<tr>\n<td width=\"56\"><strong>8:00<\/strong><\/td>\n<td width=\"643\">+ Jana KOWALKOWSKIEGO, Mariann\u0119 i Franciszka MIELNICKICH.&nbsp;<\/td>\n<\/tr>\n<tr>\n<td width=\"56\"><strong>18:00<\/strong><\/td>\n<td width=\"643\">+ Mari\u0119 KOKOT (w dniu imienin i urodzin) oraz zm. z r. JAWORSKICH i KOKOT\u00d3W<\/p>\n<p>&nbsp;&nbsp; o \u0142ask\u0119 nieba dla nich.<\/td>\n<\/tr>\n<tr>\n<td colspan=\"2\" width=\"699\"><strong>&nbsp;<\/strong><\/td>\n<\/tr>\n<tr>\n<td colspan=\"2\" width=\"699\">\n<p style=\"text-align: center;\"><strong>SOBOTA (10 maja)<\/strong><\/p>\n<p style=\"text-align: center;\"><strong>N.M.P. \u0141askawej, g\u0142\u00f3wnej Patronki Stolicy<\/strong><\/p>\n<\/td>\n<\/tr>\n<tr>\n<td width=\"56\"><strong>7:00<\/strong><\/td>\n<td width=\"643\">+ Andrzeja ZAJ\u0104C i zm. z c.r. ZAJ\u0104C\u00d3W i ZGADZAJSKICH.<\/td>\n<\/tr>\n<tr>\n<td width=\"56\"><strong>8:00<\/strong><\/td>\n<td width=\"643\">\u00b7&nbsp;&nbsp;&nbsp;&nbsp;&nbsp; W intencjach czcicieli \u015bw. Micha\u0142a Archanio\u0142a.<\/td>\n<\/tr>\n<tr>\n<td width=\"56\"><strong>18:00<\/strong><\/td>\n<td width=\"643\">+ Andrzeja WINIARSKIEGO (greg. 10).<\/td>\n<\/tr>\n<\/tbody>\n<\/table>\n<\/div><\/section>\n","protected":false},"excerpt":{"rendered":"","protected":false},"author":1,"featured_media":3833,"comment_status":"closed","ping_status":"closed","sticky":false,"template":"","format":"standard","meta":{"ngg_post_thumbnail":0,"footnotes":""},"categories":[6],"tags":[],"class_list":["post-5817","post","type-post","status-publish","format-standard","has-post-thumbnail","hentry","category-intencje-mszalne"],"_links":{"self":[{"href":"https:\/\/mbloretanska.pl\/index.php?rest_route=\/wp\/v2\/posts\/5817","targetHints":{"allow":["GET"]}}],"collection":[{"href":"https:\/\/mbloretanska.pl\/index.php?rest_route=\/wp\/v2\/posts"}],"about":[{"href":"https:\/\/mbloretanska.pl\/index.php?rest_route=\/wp\/v2\/types\/post"}],"author":[{"embeddable":true,"href":"https:\/\/mbloretanska.pl\/index.php?rest_route=\/wp\/v2\/users\/1"}],"replies":[{"embeddable":true,"href":"https:\/\/mbloretanska.pl\/index.php?rest_route=%2Fwp%2Fv2%2Fcomments&post=5817"}],"version-history":[{"count":1,"href":"https:\/\/mbloretanska.pl\/index.php?rest_route=\/wp\/v2\/posts\/5817\/revisions"}],"predecessor-version":[{"id":5818,"href":"https:\/\/mbloretanska.pl\/index.php?rest_route=\/wp\/v2\/posts\/5817\/revisions\/5818"}],"wp:featuredmedia":[{"embeddable":true,"href":"https:\/\/mbloretanska.pl\/index.php?rest_route=\/wp\/v2\/media\/3833"}],"wp:attachment":[{"href":"https:\/\/mbloretanska.pl\/index.php?rest_route=%2Fwp%2Fv2%2Fmedia&parent=5817"}],"wp:term":[{"taxonomy":"category","embeddable":true,"href":"https:\/\/mbloretanska.pl\/index.php?rest_route=%2Fwp%2Fv2%2Fcategories&post=5817"},{"taxonomy":"post_tag","embeddable":true,"href":"https:\/\/mbloretanska.pl\/index.php?rest_route=%2Fwp%2Fv2%2Ftags&post=5817"}],"curies":[{"name":"wp","href":"https:\/\/api.w.org\/{rel}","templated":true}]}}